{"id":350402,"date":"2014-05-07T03:00:58","date_gmt":"2014-05-07T01:00:58","guid":{"rendered":"https:\/\/www.focolare.org\/dialogos-sobre-arquitectura-en-el-world-urban-forum-foro-mundial-de-urbanismo\/"},"modified":"2024-06-06T12:35:59","modified_gmt":"2024-06-06T10:35:59","slug":"dialogos-sobre-arquitectura-en-el-world-urban-forum-foro-mundial-de-urbanismo","status":"publish","type":"post","link":"https:\/\/www.focolare.org\/es\/dialogos-sobre-arquitectura-en-el-world-urban-forum-foro-mundial-de-urbanismo\/","title":{"rendered":"Di\u00e1logos sobre Arquitectura en el \u201cWorld Urban Forum\u201d (Foro Mundial de Urbanismo)"},"content":{"rendered":"<p><img alt=\"\" alt=\"\" loading=\"lazy\" decoding=\"async\" class=\"alignright  wp-image-105235\" style=\"margin-left: 10px\" src=\"https:\/\/www.focolare.org\/wp-content\/uploads\/2014\/05\/20140507-04.jpg\" alt=\"\" width=\"314\" height=\"213\" \/><strong>\u00bfCu\u00e1les pueden ser diez buenas razones para ser arquitectos hoy?<\/strong> \u00bfQu\u00e9 tipo de \u2018h\u00e1bitat\u2019 debemos tener en cuenta con respecto a las nuevas necesidades, a las expectativas y tambi\u00e9n a los sue\u00f1os propios de la persona de este tiempo? \u00bfC\u00f3mo proyectar espacios que contribuyan al bienestar del hombre?<\/p>\n<p><strong>\u00c9stos son algunos de los interrogantes lanzados en \u201c<\/strong><a href=\"https:\/\/www.focolare.org\/es\/in-dialogo\/cultura\/architettura\/\">Di\u00e1logos sobre Arquitectura<\/a><strong>\u201d<\/strong> (D.A.) en uno de los numerosos talleres trabajados en el \u00e1mbito del <strong>\u201cVII World Urban Forum\u201d <\/strong>promovido por <strong>HN Habitat<\/strong> \u2013 agencia de las Naciones Unidas- con el t\u00edtulo <em>\u201cEquidad urbana en el desarrollo. Ciudades para la vida\u201d<\/em><\/p>\n<p><strong>\u00a0El F\u00f3rum Mundial tuvo lugar en Medell\u00edn desde el 3 al 11 de abril, <\/strong>con la participaci\u00f3n de 20.000 personas procedentes de todo el mundo. Fueron 600 las actividades paralelas: seminarios, talleres, conferencias y exposiciones. Un espacio interesante para preguntarse y reflexionar sobre la creciente desigualdad que padecen los centros urbanos del planeta.<\/p>\n<p><img alt=\"\" alt=\"\" loading=\"lazy\" decoding=\"async\" class=\"wp-image-105233 alignleft\" style=\"margin-right: 10px\" src=\"https:\/\/www.focolare.org\/wp-content\/uploads\/2014\/05\/20140507-02.jpg\" alt=\"\" width=\"314\" height=\"234\" \/><strong>\u201cDi\u00e1logos sobre arquitectura\u201d<em> <\/em><\/strong>se presenta como un espacio de reflexi\u00f3n cultural y a la vez es un est\u00edmulo civil y profesional para imaginar, dise\u00f1ar, construir, espacios de comuni\u00f3n y de reciprocidad en la ciudad contempor\u00e1nea. <strong>El taller promovido por D.A., tuvo lugar el 10 de abril <\/strong>en una de las 16 Bibliotecas urbanas<strong> de Medell\u00edn.<\/strong> Se centr\u00f3 en algunas experiencias en el territorio, como la desarrollada en el <em>Barrio de La Merced <\/em>de Bogot\u00e1. Laura Sanabria, del Observatorio Urbano de la Universidad de La Salle, junto con el arquitecto Mario Tancredi, presentaron su trabajo \u2013en colaboraci\u00f3n con otros colegas- en el que\u00a0 tratan de entretejer relaciones entre las instituciones p\u00fablicas y las personas del lugar. Evidenciaron tambi\u00e9n la existencia de un Consultorio M\u00f3vil al servicio de las necesidades de la comunidad. Destacaron \u2013como una de las caracter\u00edsticas b\u00e1sicas de \u201cDi\u00e1logos sobre Arquitectura\u201d-<strong> la importancia del valor de la fraternidad como \u201cmotor\u201d de arquitecturas al servicio del hombre.<\/strong><\/p>\n<div id=\"attachment_105234\" style=\"width: 324px\" class=\"wp-caption alignright\"><a href=\"https:\/\/www.focolare.org\/wp-content\/uploads\/2014\/05\/20140507-03.jpg\"><img alt=\"\" alt=\"\" loading=\"lazy\" decoding=\"async\" aria-describedby=\"caption-attachment-105234\" class=\" wp-image-105234\" style=\"margin-left: 10px\" src=\"https:\/\/www.focolare.org\/wp-content\/uploads\/2014\/05\/20140507-03.jpg\" alt=\"\" width=\"314\" height=\"214\" \/><\/a><p id=\"caption-attachment-105234\" class=\"wp-caption-text\">Al Barrio de La Merced<\/p><\/div>\n<p><strong>\u00bfC\u00f3mo dialogar y actuar en especial en contextos de las metr\u00f3polis latinoamericanas como Bogot\u00e1 y Medell\u00edn?<\/strong> Algunos j\u00f3venes arquitectos colombianos de D.A. organizaron, siempre dentro del contexto del Foro, visitas guiadas por Bogot\u00e1 y Medell\u00edn. La visita al \u201cBarrio de La Merced\u201d <strong>\u2013 cuenta <strong>Fernando Bedoya<\/strong>&#8211;<\/strong> es entrar en las historias y en la vida de la gente; es una gran \u2018aula de formaci\u00f3n\u2019. Estar en contacto directo con los ni\u00f1os y con los dirigentes del <em>Centro Social Unidad, <\/em>comenzado por el <a href=\"https:\/\/www.focolare.org\/es\/movimento-dei-focolari\/\">Movimiento de los Focolares<\/a>, junto con personas del <em>barrio<\/em>, fue la primera fuerte inmersi\u00f3n en las llagas y en los desaf\u00edos de esas personas\u00a0 que con la fuerza del amor y de la confianza, logran, d\u00eda tras d\u00eda, conquistar los propios derechos y vivir una vida digna\u201d. Y prosigui\u00f3:\u201cEn el Barrio de \u2018La Candelaria\u2019 nos sumergimos en el coraz\u00f3n hist\u00f3rico y cultural de la ciudad que atrae a \u00a0artistas, escritores e intelectuales, incluso extranjeros, que han llenado la zona de teatros, bibliotecas y centros culturales. Visitamos algunas de las obras arquitect\u00f3nicas de Rogelio Salmona, donde la construcci\u00f3n del espacio colectivo ocupa un lugar central. Finalmente se produjo la visita al encantador Museo del Oro, que nos transport\u00f3 a las ra\u00edces de la riqu\u00edsima civilizaci\u00f3n precolombina\u201d.<\/p>\n<p><strong>\u201cLa \u00e9poca actual nos exige una visi\u00f3n diversa de la arquitectura \u2013 concluye Juliana Valencia-,<\/strong> la fragilidad del contexto es nuestro punto de inflexi\u00f3n para poder mantenernos de pi\u00e9 ante la crisis. La belleza es ahora un tema relativo; mirar el mundo a trav\u00e9s de una \u00fanica disciplina no sirve; por esto nuestro punto de partida no puede ser otro que el mismo hombre, sus necesidades y su relaci\u00f3n con el espacio\u201d.<\/p>\n<p><strong>La pr\u00f3xima cita ser\u00e1 en el mes de junio en Barcelona, Espa\u00f1a<\/strong>: <a href=\"https:\/\/www.focolare.org\/wp-admin\/arquitecturalimite365.wordpress.com\">Barcelona ArquitecturaLimite<\/a><\/p>\n","protected":false},"excerpt":{"rendered":"<p>En el \u00e1mbito  del VII \u201cWorld Urban Forum\u201d promovido por las Naciones Unidas, se present\u00f3 en Medell\u00edn, desde el 3 al 11 de abril, \u201cDi\u00e1logos sobre Arquitectura\u201d: el espacio y el ambiente al servicio del hombre.<\/p>\n","protected":false},"author":34,"featured_media":0,"comment_status":"open","ping_status":"open","sticky":false,"template":"","format":"standard","meta":{"give_campaign_id":0,"_seopress_robots_primary_cat":"","_seopress_titles_title":"","_seopress_titles_desc":"","_seopress_robots_index":"","_et_pb_use_builder":"","_et_pb_old_content":"","_et_gb_content_width":"","footnotes":""},"categories":[904],"tags":[],"class_list":["post-350402","post","type-post","status-publish","format-standard","hentry","category-focolare-worldwide-2-2"],"_links":{"self":[{"href":"https:\/\/www.focolare.org\/es\/wp-json\/wp\/v2\/posts\/350402","targetHints":{"allow":["GET"]}}],"collection":[{"href":"https:\/\/www.focolare.org\/es\/wp-json\/wp\/v2\/posts"}],"about":[{"href":"https:\/\/www.focolare.org\/es\/wp-json\/wp\/v2\/types\/post"}],"author":[{"embeddable":true,"href":"https:\/\/www.focolare.org\/es\/wp-json\/wp\/v2\/users\/34"}],"replies":[{"embeddable":true,"href":"https:\/\/www.focolare.org\/es\/wp-json\/wp\/v2\/comments?post=350402"}],"version-history":[{"count":0,"href":"https:\/\/www.focolare.org\/es\/wp-json\/wp\/v2\/posts\/350402\/revisions"}],"wp:attachment":[{"href":"https:\/\/www.focolare.org\/es\/wp-json\/wp\/v2\/media?parent=350402"}],"wp:term":[{"taxonomy":"category","embeddable":true,"href":"https:\/\/www.focolare.org\/es\/wp-json\/wp\/v2\/categories?post=350402"},{"taxonomy":"post_tag","embeddable":true,"href":"https:\/\/www.focolare.org\/es\/wp-json\/wp\/v2\/tags?post=350402"}],"curies":[{"name":"wp","href":"https:\/\/api.w.org\/{rel}","templated":true}]}}