{"id":350450,"date":"2014-05-18T03:00:03","date_gmt":"2014-05-18T01:00:03","guid":{"rendered":"https:\/\/www.focolare.org\/igino-giordani-y-europa\/"},"modified":"2024-06-06T12:36:07","modified_gmt":"2024-06-06T10:36:07","slug":"igino-giordani-y-europa","status":"publish","type":"post","link":"https:\/\/www.focolare.org\/es\/igino-giordani-y-europa\/","title":{"rendered":"Igino Giordani y Europa"},"content":{"rendered":"<p><img loading=\"lazy\" decoding=\"async\" class=\"alignright\" style=\"margin-left: 10px\" src=\"https:\/\/www.focolare.org\/wp-content\/uploads\/2014\/02\/Giordani_Sorgi1.jpg\" alt=\"\" width=\"321\" height=\"251\" \/><a href=\"https:\/\/www.focolare.org\/es\/chiara-lubich\/chi-e-chiara\/igino-giordani\/\">Igino Giordani<\/a> \u00abrealmente se anticipa al menos un cuarto de siglo con respecto a ciertos aspectos del proceso comunitario que comenz\u00f3 a partir de la Segunda Guerra Mundial: <strong>el ve\u00eda la real interdependencia de las econom\u00edas de los Estados europeos<\/strong>, entre vencedores y vencidos, el riesgo com\u00fan de ser sometidos, al haber quedado como deudores de los Estados Unidos, \u201cal dominio Estadounidense (USA Dominion)\u201d. Percibe un creciente movimiento de solidaridad social y de europeizaci\u00f3n de la cultura suscitado precisamente por la sangrienta experiencia de la guerra. Para alejarse del \u201criesgo del suicidio colectivo\u201d y salvarse de una nueva \u201cinminente carnicer\u00eda\u201d, y para evitar la \u201cdecadencia\u201d de la cual sacar\u00edan ventaja otras razas (la amarilla y la negra) que la misma Europa anim\u00f3 y continentes que Europa vivific\u00f3\u201d se\u00f1ala a los pueblos del viejo continente un deber hist\u00f3rico ineludible: la superaci\u00f3n de los nacionalismos para constituir una Federaci\u00f3n de Estados Unidos Europeos. Pero Consideraba que para ello una <strong>condici\u00f3n absolutamente necesaria era que todos los Estados llegaran a la democracia; <\/strong>una meta que preve\u00eda que las \u201cdiplomacias no sabr\u00edan obtener\u201d.<strong> Por lo tanto invocaba la \u201cfuerza espiritual\u201d para que pudiera servir como \u201celemento unificador\u201d [\u2026]\u00bb.<\/strong> <strong> \u00abYa entonces la clara distinci\u00f3n \u2013pero no separaci\u00f3n- entre religi\u00f3n y pol\u00edtica<\/strong> era un punto fundamental en su concepci\u00f3n sobre la laicidad del Estado. En el pleno respeto de tal distinci\u00f3n \u00e9l expon\u00eda su \u201cutop\u00eda\u201d europeista sobre bases espirituales, una \u201cutop\u00eda\u201d que hoy se presenta en una forma mucho menos irreal, al punto de parecer \u2013si bien redimensionada- una aut\u00e9ntica intuici\u00f3n.  <strong>El historiador <\/strong>no puede exagerar y hablar de profec\u00eda; pero tampoco p<strong>uede ignorar las citadas premoniciones de Giordani de 1925<\/strong> sobre los riesgos, las perspectivas y problemas de la futura Europa; ni puede subvalorar su certeza de la funci\u00f3n del cristianismo en Europa y, especialmente, del rol unificador de los valores morales y culturales, como factores indispensables, para que, m\u00e1s all\u00e1 de las de los intereses econ\u00f3micos comunes y de las necesarias formas institucionales, se llegue a una <strong>armon\u00eda sustancial entre las distintas identidades de los pueblos para que nazca una \u201cconciencia\u201d europea\u00bb.<\/strong>  Tommaso Sorgi, Igino Giordani, Storia dell\u2019uomo che divenne Foco, (Historia del hombre que se convirti\u00f3 en Fuego), Editorial Citt\u00e0 Nuova, Roma 2014, pp. 109,111.<\/p>\n","protected":false},"excerpt":{"rendered":"<p>Al aproximarse las elecciones europeas, proponemos una prof\u00e9tica visi\u00f3n de Giordani sobre la uni\u00f3n de los Estados europeos, de 1925, tomada del volumen de Tommaso Sorgi, editado recientemente.<\/p>\n","protected":false},"author":34,"featured_media":0,"comment_status":"open","ping_status":"open","sticky":false,"template":"","format":"standard","meta":{"give_campaign_id":0,"_seopress_robots_primary_cat":"","_seopress_titles_title":"","_seopress_titles_desc":"","_seopress_robots_index":"","_et_pb_use_builder":"","_et_pb_old_content":"","_et_gb_content_width":"","footnotes":""},"categories":[46],"tags":[],"class_list":["post-350450","post","type-post","status-publish","format-standard","hentry","category-sin-categorizar"],"_links":{"self":[{"href":"https:\/\/www.focolare.org\/es\/wp-json\/wp\/v2\/posts\/350450","targetHints":{"allow":["GET"]}}],"collection":[{"href":"https:\/\/www.focolare.org\/es\/wp-json\/wp\/v2\/posts"}],"about":[{"href":"https:\/\/www.focolare.org\/es\/wp-json\/wp\/v2\/types\/post"}],"author":[{"embeddable":true,"href":"https:\/\/www.focolare.org\/es\/wp-json\/wp\/v2\/users\/34"}],"replies":[{"embeddable":true,"href":"https:\/\/www.focolare.org\/es\/wp-json\/wp\/v2\/comments?post=350450"}],"version-history":[{"count":0,"href":"https:\/\/www.focolare.org\/es\/wp-json\/wp\/v2\/posts\/350450\/revisions"}],"wp:attachment":[{"href":"https:\/\/www.focolare.org\/es\/wp-json\/wp\/v2\/media?parent=350450"}],"wp:term":[{"taxonomy":"category","embeddable":true,"href":"https:\/\/www.focolare.org\/es\/wp-json\/wp\/v2\/categories?post=350450"},{"taxonomy":"post_tag","embeddable":true,"href":"https:\/\/www.focolare.org\/es\/wp-json\/wp\/v2\/tags?post=350450"}],"curies":[{"name":"wp","href":"https:\/\/api.w.org\/{rel}","templated":true}]}}