{"id":358027,"date":"2024-06-05T12:32:16","date_gmt":"2024-06-05T10:32:16","guid":{"rendered":"https:\/\/www.focolare.org\/one-human-family-una-sola-familia-el-camino-revolucionario-hacia-la-paz\/"},"modified":"2024-07-08T15:45:12","modified_gmt":"2024-07-08T13:45:12","slug":"one-human-family-una-sola-familia-el-camino-revolucionario-hacia-la-paz","status":"publish","type":"post","link":"https:\/\/www.focolare.org\/es\/one-human-family-una-sola-familia-el-camino-revolucionario-hacia-la-paz\/","title":{"rendered":"One Human Family &#8211; Una sola familia: el camino revolucionario hacia la paz"},"content":{"rendered":"\n<p><\/p>\n\n<p>Ha concluido recientemente con una peregrinaci\u00f3n de fraternidad a As\u00eds, el congreso internacional interreligioso \u00abOne Human Family\u00bb, promovido por el Movimiento de los Focolares. Presentes 480 personas de 40 pa\u00edses; 12 los idiomas hablados. <\/p>\n\n<p>En la ciudad de la paz, la oraci\u00f3n por la fraternidad, la justicia y la reconciliaci\u00f3n para todos los pueblos en conflicto, ha resonado como un pacto solemne, acogido y pronunciado por los participantes, cada uno seg\u00fan su fe.<\/p>\n\n<p>Entre ellos rabinos y rabinas, imanes, sacerdotes cat\u00f3licos, monjes budistas Theravada y Mahayana, adem\u00e1s de laicos jud\u00edos, musulmanes, cristianos, hind\u00faes, budistas, sijs y bah\u00e1\u2019\u00eds y fieles de las religiones tradicionales africanas, de todas las generaciones.<\/p>\n\n<p>El congreso fue realizado por un equipo interreligioso que centr\u00f3 el programa en el bien supremo de la paz, hoy extremadamente amenazada.<\/p>\n\n<p class=\"has-black-color has-text-color has-link-color wp-elements-40029445dff5b56e5570a357c0d5cb2d\" style=\"font-style:normal;font-weight:400\"><a><\/a><a>\u00abLa experiencia que estamos teniendo es incre\u00edble, de familia y de presencia de lo divino\u00bb \u2013 cuentan Rita Moussallem y Antonio Salimbeni, coordinadores del Centro para el Di\u00e1logo Interreligioso de los Focolares \u2013 cuando naci\u00f3 la idea del congreso no pod\u00edamos imaginar lo que iba a suceder: el conflicto en Tierra Santa y el resurgimiento de las crisis en otras partes del mundo. Sin embargo, precisamente hoy el di\u00e1logo es m\u00e1s necesario que nunca. Hemos hablado de los pasos necesarios para construir la paz, pero el \u00e9nfasis se ha puesto sobre todo en la experiencia concreta que estamos haciendo y que queremos llevar al mundo. Por otro lado, es el encuentro concreto con el otro lo que transforma los muchos polarismos en relaci\u00f3n\u201d.   <\/a><\/p>\n\n<p class=\"has-text-color has-link-color wp-elements-6cf29a66b11b55b0299f43d68e6c6da2\" style=\"color:#9f5555\"><strong>Las intervenciones<\/strong><\/p>\n\n<p>Encuentro, escucha, pasos de reconciliaci\u00f3n, compartici\u00f3n del dolor de los pueblos han sido la cifra de este congreso que ha alternado paneles conducidos por expertos con grupos de di\u00e1logo entre los participantes. Pol\u00edtica y acci\u00f3n diplom\u00e1tica internacional, econom\u00eda, Inteligencia artificial y medioambiente han sido los temas tratados, todos ellos con vistas a la paz. Numerosos los acad\u00e9micos y expertos de muchas culturas, religiones y proveniencias, que han intervenido; citamos solo algunos de ellos: el embajador Pasquale Ferrara, Director General de Asuntos Pol\u00edticos y de Seguridad del Ministerio de Asuntos Exteriores y Cooperaci\u00f3n Internacional, el Gran Rabino Marc Rapha\u00ebl Guedj, la te\u00f3loga musulmana Shahrzad Houshmand Zadeh, la Dra. Kezevino Aram, Presidenta de la organizaci\u00f3n india \u00abShanti Ashram\u00bb, la Revda. Kosho Niwano, Presidenta designada del movimiento budista japon\u00e9s Risho Kossei Kai, el Ing. Fadi Shehad\u00e9, fundador del Proyecto RosettaNet, ex CEO de ICANN, el economista Luigino Bruni, la fil\u00f3sofa india, profesora Priya Vaidya, el te\u00f3logo isl\u00e1mico Adnane Mokrani, el profesor Dicky Sofjan, indonesio, del Centro Internacional de Derecho y Estudios Religiosos, el profesor Fabio Petito, profesor de Religi\u00f3n y Asuntos Internacionales en la Universidad de Sussex y muchos otros.    <\/p>\n\n<p style=\"font-style:normal;font-weight:400\">\u00abLas religiones tienen una funci\u00f3n fundamental hoy en d\u00eda\u00bb, reiter\u00f3 el embajador Ferrara. \u201cContrariamente a lo que dicen los realistas de las relaciones internacionales, la guerra no es la condici\u00f3n normal de la humanidad. Las religiones pueden desempe\u00f1ar el papel de \u2018conciencia cr\u00edtica\u2019 de la humanidad y dirigirse a la pol\u00edtica, se\u00f1alando cu\u00e1les son las prioridades. Se necesita imaginaci\u00f3n pol\u00edtica; imaginar de una manera constructiva, nueva, creativa, el futuro de este planeta. Debemos cultivar algo que en este momento falta en las relaciones internacionales, que es la confianza\u201d. <\/p>\n\n<p>Fueron muy nutridas tambi\u00e9n las sesiones dedicadas a testimonios personales, proyectos, acciones centradas en la colaboraci\u00f3n entre personas y comunidades pertenecientes a diferentes fes religiosas por la paz y en apoyo de las necesidades de sus respectivos pueblos.<\/p>\n\n<p class=\"has-text-color has-link-color wp-elements-519e18e4f2fc004ceaa881c2188a31ba\" style=\"color:#ab5f5f\"><strong>En audiencia con el Papa Francisco<\/strong><\/p>\n\n<p>El 3 de junio, una delegaci\u00f3n de 200 participantes fue recibida en audiencia por el Papa Francisco, quien en su discurso defini\u00f3 el camino iniciado por Chiara Lubich con personas de diferentes religiones como: <em>\u201c<strong>Un camino revolucionario que hace mucho bien a la Iglesia<\/strong>\u201d.<\/em>\u201c<em>El fundamento sobre el que se apoya esta experiencia &#8211; <\/em>afirm\u00f3 <em> el Santo Padre\u2500 es el Amor de Dios que se realiza en el amor rec\u00edproco, en la escucha, en la confianza, en la acogida y en el conocimiento los unos de los otros, en el pleno respeto de las respectivas identidades\u201d.<\/em><\/p>\n\n<p> \u201cSi por un lado estas palabras nos dan una profunda alegr\u00eda \u2013coment\u00f3 <strong>Margaret Karram, Presidenta de los Focolares<\/strong> \u2013 por otro lado <strong>sentimos la responsabilidad <\/strong><strong>de hacer mucho m\u00e1s por la paz<\/strong>. Por eso queremos trabajar para reforzar y difundir la cultura del di\u00e1logo y del \u00abcuidado\u00bb de las personas y de la creaci\u00f3n. El Papa nos lo confirm\u00f3 cuando dijo que el di\u00e1logo entre las religiones es una condici\u00f3n necesaria para la paz en el mundo. En tiempos terriblemente oscuros como estos, la humanidad necesita un espacio com\u00fan para concretar la esperanza\u00bb.   <\/p>\n\n<p class=\"has-text-align-right\"><em>Stefania Tanesini<\/em><\/p>\n\n<p><strong>Galler\u00eda fotogr\u00e1fica<\/strong>: \u00a9 CSC Audiovisivi \u2013 Caris Mendes e Carlos Mana, Vatican Media, RKK.<\/p>\n\n<figure class=\"wp-block-gallery has-nested-images columns-default is-cropped wp-block-gallery-1 is-layout-flex wp-block-gallery-is-layout-flex\">\n<figure class=\"wp-block-image size-large\"><img alt=\"\" alt=\"\" loading=\"lazy\" decoding=\"async\" width=\"1000\" height=\"667\" data-id=\"358009\" src=\"https:\/\/www.focolare.org\/wp-content\/uploads\/2024\/07\/DSC_1130.jpg\" alt=\"\" class=\"wp-image-358009\" srcset=\"https:\/\/www.focolare.org\/wp-content\/uploads\/2024\/07\/DSC_1130.jpg 1000w, https:\/\/www.focolare.org\/wp-content\/uploads\/2024\/07\/DSC_1130-980x654.jpg 980w, https:\/\/www.focolare.org\/wp-content\/uploads\/2024\/07\/DSC_1130-480x320.jpg 480w\" sizes=\"(min-width: 0px) and (max-width: 480px) 480px, (min-width: 481px) and (max-width: 980px) 980px, (min-width: 981px) 1000px, 100vw\" \/><\/figure>\n\n\n\n<figure class=\"wp-block-image size-large\"><img alt=\"\" alt=\"\" loading=\"lazy\" decoding=\"async\" width=\"1000\" height=\"667\" data-id=\"358008\" src=\"https:\/\/www.focolare.org\/wp-content\/uploads\/2024\/07\/Z5P_1754.jpg\" alt=\"\" class=\"wp-image-358008\" srcset=\"https:\/\/www.focolare.org\/wp-content\/uploads\/2024\/07\/Z5P_1754.jpg 1000w, https:\/\/www.focolare.org\/wp-content\/uploads\/2024\/07\/Z5P_1754-980x654.jpg 980w, https:\/\/www.focolare.org\/wp-content\/uploads\/2024\/07\/Z5P_1754-480x320.jpg 480w\" sizes=\"(min-width: 0px) and (max-width: 480px) 480px, (min-width: 481px) and (max-width: 980px) 980px, (min-width: 981px) 1000px, 100vw\" \/><\/figure>\n\n\n\n<figure class=\"wp-block-image size-large\"><img alt=\"\" alt=\"\" loading=\"lazy\" decoding=\"async\" width=\"1000\" height=\"667\" data-id=\"357996\" src=\"https:\/\/www.focolare.org\/wp-content\/uploads\/2024\/07\/DSC_0361.jpg\" alt=\"\" class=\"wp-image-357996\" srcset=\"https:\/\/www.focolare.org\/wp-content\/uploads\/2024\/07\/DSC_0361.jpg 1000w, https:\/\/www.focolare.org\/wp-content\/uploads\/2024\/07\/DSC_0361-980x654.jpg 980w, https:\/\/www.focolare.org\/wp-content\/uploads\/2024\/07\/DSC_0361-480x320.jpg 480w\" sizes=\"(min-width: 0px) and (max-width: 480px) 480px, (min-width: 481px) and (max-width: 980px) 980px, (min-width: 981px) 1000px, 100vw\" \/><\/figure>\n\n\n\n<figure class=\"wp-block-image size-large\"><img alt=\"\" alt=\"\" loading=\"lazy\" decoding=\"async\" width=\"1000\" height=\"667\" data-id=\"357994\" src=\"https:\/\/www.focolare.org\/wp-content\/uploads\/2024\/07\/DSC_0117.jpg\" alt=\"\" class=\"wp-image-357994\" srcset=\"https:\/\/www.focolare.org\/wp-content\/uploads\/2024\/07\/DSC_0117.jpg 1000w, https:\/\/www.focolare.org\/wp-content\/uploads\/2024\/07\/DSC_0117-980x654.jpg 980w, https:\/\/www.focolare.org\/wp-content\/uploads\/2024\/07\/DSC_0117-480x320.jpg 480w\" sizes=\"(min-width: 0px) and (max-width: 480px) 480px, (min-width: 481px) and (max-width: 980px) 980px, (min-width: 981px) 1000px, 100vw\" \/><\/figure>\n\n\n\n<figure class=\"wp-block-image size-large\"><img alt=\"\" alt=\"\" loading=\"lazy\" decoding=\"async\" width=\"1000\" height=\"667\" data-id=\"357964\" src=\"https:\/\/www.focolare.org\/wp-content\/uploads\/2024\/07\/CM__5638.jpg\" alt=\"\" class=\"wp-image-357964\" srcset=\"https:\/\/www.focolare.org\/wp-content\/uploads\/2024\/07\/CM__5638.jpg 1000w, https:\/\/www.focolare.org\/wp-content\/uploads\/2024\/07\/CM__5638-980x654.jpg 980w, https:\/\/www.focolare.org\/wp-content\/uploads\/2024\/07\/CM__5638-480x320.jpg 480w\" sizes=\"(min-width: 0px) and (max-width: 480px) 480px, (min-width: 481px) and (max-width: 980px) 980px, (min-width: 981px) 1000px, 100vw\" \/><\/figure>\n\n\n\n<figure class=\"wp-block-image size-large\"><img alt=\"\" alt=\"\" loading=\"lazy\" decoding=\"async\" width=\"1000\" height=\"667\" data-id=\"357993\" src=\"https:\/\/www.focolare.org\/wp-content\/uploads\/2024\/07\/DSC_0532.jpg\" alt=\"\" class=\"wp-image-357993\" srcset=\"https:\/\/www.focolare.org\/wp-content\/uploads\/2024\/07\/DSC_0532.jpg 1000w, https:\/\/www.focolare.org\/wp-content\/uploads\/2024\/07\/DSC_0532-980x654.jpg 980w, https:\/\/www.focolare.org\/wp-content\/uploads\/2024\/07\/DSC_0532-480x320.jpg 480w\" sizes=\"(min-width: 0px) and (max-width: 480px) 480px, (min-width: 481px) and (max-width: 980px) 980px, (min-width: 981px) 1000px, 100vw\" \/><\/figure>\n\n\n\n<figure class=\"wp-block-image size-large\"><img alt=\"\" alt=\"\" loading=\"lazy\" decoding=\"async\" width=\"1000\" height=\"666\" data-id=\"357986\" src=\"https:\/\/www.focolare.org\/wp-content\/uploads\/2024\/07\/DSC_0048CR.jpg\" alt=\"\" class=\"wp-image-357986\" srcset=\"https:\/\/www.focolare.org\/wp-content\/uploads\/2024\/07\/DSC_0048CR.jpg 1000w, https:\/\/www.focolare.org\/wp-content\/uploads\/2024\/07\/DSC_0048CR-980x653.jpg 980w, https:\/\/www.focolare.org\/wp-content\/uploads\/2024\/07\/DSC_0048CR-480x320.jpg 480w\" sizes=\"(min-width: 0px) and (max-width: 480px) 480px, (min-width: 481px) and (max-width: 980px) 980px, (min-width: 981px) 1000px, 100vw\" \/><\/figure>\n\n\n\n<figure class=\"wp-block-image size-large\"><img alt=\"\" alt=\"\" loading=\"lazy\" decoding=\"async\" width=\"1000\" height=\"667\" data-id=\"357983\" src=\"https:\/\/www.focolare.org\/wp-content\/uploads\/2024\/07\/DSC_0048.jpg\" alt=\"\" class=\"wp-image-357983\" srcset=\"https:\/\/www.focolare.org\/wp-content\/uploads\/2024\/07\/DSC_0048.jpg 1000w, https:\/\/www.focolare.org\/wp-content\/uploads\/2024\/07\/DSC_0048-980x654.jpg 980w, https:\/\/www.focolare.org\/wp-content\/uploads\/2024\/07\/DSC_0048-480x320.jpg 480w\" sizes=\"(min-width: 0px) and (max-width: 480px) 480px, (min-width: 481px) and (max-width: 980px) 980px, (min-width: 981px) 1000px, 100vw\" \/><\/figure>\n\n\n\n<figure class=\"wp-block-image size-large\"><img alt=\"\" alt=\"\" loading=\"lazy\" decoding=\"async\" width=\"1000\" height=\"667\" data-id=\"357974\" src=\"https:\/\/www.focolare.org\/wp-content\/uploads\/2024\/07\/CM__5435.jpg\" alt=\"\" class=\"wp-image-357974\" srcset=\"https:\/\/www.focolare.org\/wp-content\/uploads\/2024\/07\/CM__5435.jpg 1000w, https:\/\/www.focolare.org\/wp-content\/uploads\/2024\/07\/CM__5435-980x654.jpg 980w, https:\/\/www.focolare.org\/wp-content\/uploads\/2024\/07\/CM__5435-480x320.jpg 480w\" sizes=\"(min-width: 0px) and (max-width: 480px) 480px, (min-width: 481px) and (max-width: 980px) 980px, (min-width: 981px) 1000px, 100vw\" \/><\/figure>\n\n\n\n<figure class=\"wp-block-image size-large\"><img alt=\"\" alt=\"\" loading=\"lazy\" decoding=\"async\" width=\"1000\" height=\"667\" data-id=\"357972\" src=\"https:\/\/www.focolare.org\/wp-content\/uploads\/2024\/07\/CM__5376.jpg\" alt=\"\" class=\"wp-image-357972\" srcset=\"https:\/\/www.focolare.org\/wp-content\/uploads\/2024\/07\/CM__5376.jpg 1000w, https:\/\/www.focolare.org\/wp-content\/uploads\/2024\/07\/CM__5376-980x654.jpg 980w, https:\/\/www.focolare.org\/wp-content\/uploads\/2024\/07\/CM__5376-480x320.jpg 480w\" sizes=\"(min-width: 0px) and (max-width: 480px) 480px, (min-width: 481px) and (max-width: 980px) 980px, (min-width: 981px) 1000px, 100vw\" \/><\/figure>\n\n\n\n<figure class=\"wp-block-image size-large\"><img alt=\"\" alt=\"\" loading=\"lazy\" decoding=\"async\" width=\"1000\" height=\"563\" data-id=\"357939\" src=\"https:\/\/www.focolare.org\/wp-content\/uploads\/2024\/07\/20240602_075126847_iOS-1.jpg\" alt=\"\" class=\"wp-image-357939\" srcset=\"https:\/\/www.focolare.org\/wp-content\/uploads\/2024\/07\/20240602_075126847_iOS-1.jpg 1000w, https:\/\/www.focolare.org\/wp-content\/uploads\/2024\/07\/20240602_075126847_iOS-1-980x552.jpg 980w, https:\/\/www.focolare.org\/wp-content\/uploads\/2024\/07\/20240602_075126847_iOS-1-480x270.jpg 480w\" sizes=\"(min-width: 0px) and (max-width: 480px) 480px, (min-width: 481px) and (max-width: 980px) 980px, (min-width: 981px) 1000px, 100vw\" \/><\/figure>\n\n\n\n<figure class=\"wp-block-image size-large\"><img alt=\"\" alt=\"\" loading=\"lazy\" decoding=\"async\" width=\"1000\" height=\"667\" data-id=\"357963\" src=\"https:\/\/www.focolare.org\/wp-content\/uploads\/2024\/07\/CM__5350.jpg\" alt=\"\" class=\"wp-image-357963\" srcset=\"https:\/\/www.focolare.org\/wp-content\/uploads\/2024\/07\/CM__5350.jpg 1000w, https:\/\/www.focolare.org\/wp-content\/uploads\/2024\/07\/CM__5350-980x654.jpg 980w, https:\/\/www.focolare.org\/wp-content\/uploads\/2024\/07\/CM__5350-480x320.jpg 480w\" sizes=\"(min-width: 0px) and (max-width: 480px) 480px, (min-width: 481px) and (max-width: 980px) 980px, (min-width: 981px) 1000px, 100vw\" \/><\/figure>\n\n\n\n<figure class=\"wp-block-image size-large\"><img alt=\"\" alt=\"\" loading=\"lazy\" decoding=\"async\" width=\"1000\" height=\"563\" data-id=\"357947\" src=\"https:\/\/www.focolare.org\/wp-content\/uploads\/2024\/07\/20240602_080553834_iOS.jpg\" alt=\"\" class=\"wp-image-357947\" srcset=\"https:\/\/www.focolare.org\/wp-content\/uploads\/2024\/07\/20240602_080553834_iOS.jpg 1000w, https:\/\/www.focolare.org\/wp-content\/uploads\/2024\/07\/20240602_080553834_iOS-980x552.jpg 980w, https:\/\/www.focolare.org\/wp-content\/uploads\/2024\/07\/20240602_080553834_iOS-480x270.jpg 480w\" sizes=\"(min-width: 0px) and (max-width: 480px) 480px, (min-width: 481px) and (max-width: 980px) 980px, (min-width: 981px) 1000px, 100vw\" \/><\/figure>\n\n\n\n<figure class=\"wp-block-image size-large\"><img alt=\"\" alt=\"\" loading=\"lazy\" decoding=\"async\" width=\"1000\" height=\"667\" data-id=\"357937\" src=\"https:\/\/www.focolare.org\/wp-content\/uploads\/2024\/07\/SIM0622.jpg\" alt=\"\" class=\"wp-image-357937\" srcset=\"https:\/\/www.focolare.org\/wp-content\/uploads\/2024\/07\/SIM0622.jpg 1000w, https:\/\/www.focolare.org\/wp-content\/uploads\/2024\/07\/SIM0622-980x654.jpg 980w, https:\/\/www.focolare.org\/wp-content\/uploads\/2024\/07\/SIM0622-480x320.jpg 480w\" sizes=\"(min-width: 0px) and (max-width: 480px) 480px, (min-width: 481px) and (max-width: 980px) 980px, (min-width: 981px) 1000px, 100vw\" \/><\/figure>\n\n\n\n<figure class=\"wp-block-image size-large\"><img alt=\"\" alt=\"\" loading=\"lazy\" decoding=\"async\" width=\"1000\" height=\"667\" data-id=\"357950\" src=\"https:\/\/www.focolare.org\/wp-content\/uploads\/2024\/07\/SIM0682.jpg\" alt=\"\" class=\"wp-image-357950\" srcset=\"https:\/\/www.focolare.org\/wp-content\/uploads\/2024\/07\/SIM0682.jpg 1000w, https:\/\/www.focolare.org\/wp-content\/uploads\/2024\/07\/SIM0682-980x654.jpg 980w, https:\/\/www.focolare.org\/wp-content\/uploads\/2024\/07\/SIM0682-480x320.jpg 480w\" sizes=\"(min-width: 0px) and (max-width: 480px) 480px, (min-width: 481px) and (max-width: 980px) 980px, (min-width: 981px) 1000px, 100vw\" \/><\/figure>\n\n\n\n<figure class=\"wp-block-image size-large\"><img alt=\"\" alt=\"\" loading=\"lazy\" decoding=\"async\" width=\"1000\" height=\"667\" data-id=\"357948\" src=\"https:\/\/www.focolare.org\/wp-content\/uploads\/2024\/07\/SIM0695.jpg\" alt=\"\" class=\"wp-image-357948\" srcset=\"https:\/\/www.focolare.org\/wp-content\/uploads\/2024\/07\/SIM0695.jpg 1000w, https:\/\/www.focolare.org\/wp-content\/uploads\/2024\/07\/SIM0695-980x654.jpg 980w, https:\/\/www.focolare.org\/wp-content\/uploads\/2024\/07\/SIM0695-480x320.jpg 480w\" sizes=\"(min-width: 0px) and (max-width: 480px) 480px, (min-width: 481px) and (max-width: 980px) 980px, (min-width: 981px) 1000px, 100vw\" \/><\/figure>\n<\/figure>\n\n<p><a href=\"https:\/\/www.focolare.org\/2024\/06\/05\/one-human-family-il-cammino-rivoluzionario-verso-la-pace\/20240602_075126847_ios\/\"><\/a><\/p>\n","protected":false},"excerpt":{"rendered":"<p>Alentados por la invitaci\u00f3n del Papa Francisco, este es el compromiso compartido por 480 personas de diferentes religiones por la fraternidad, la justicia y la reconciliaci\u00f3n en el centro del congreso interreligioso promovido por los Focolares. <\/p>\n","protected":false},"author":34,"featured_media":357935,"comment_status":"open","ping_status":"open","sticky":false,"template":"","format":"standard","meta":{"give_campaign_id":0,"_seopress_robots_primary_cat":"","_seopress_titles_title":"","_seopress_titles_desc":"","_seopress_robots_index":"","_et_pb_use_builder":"","_et_pb_old_content":"","_et_gb_content_width":"","footnotes":""},"categories":[3085,3057,46],"tags":[3025],"class_list":["post-358027","post","type-post","status-publish","format-standard","has-post-thumbnail","hentry","category-centro-internazionale-4","category-dialogo-interreligioso-3","category-sin-categorizar","tag-in-dialogo-4"],"_links":{"self":[{"href":"https:\/\/www.focolare.org\/es\/wp-json\/wp\/v2\/posts\/358027","targetHints":{"allow":["GET"]}}],"collection":[{"href":"https:\/\/www.focolare.org\/es\/wp-json\/wp\/v2\/posts"}],"about":[{"href":"https:\/\/www.focolare.org\/es\/wp-json\/wp\/v2\/types\/post"}],"author":[{"embeddable":true,"href":"https:\/\/www.focolare.org\/es\/wp-json\/wp\/v2\/users\/34"}],"replies":[{"embeddable":true,"href":"https:\/\/www.focolare.org\/es\/wp-json\/wp\/v2\/comments?post=358027"}],"version-history":[{"count":0,"href":"https:\/\/www.focolare.org\/es\/wp-json\/wp\/v2\/posts\/358027\/revisions"}],"wp:featuredmedia":[{"embeddable":true,"href":"https:\/\/www.focolare.org\/es\/wp-json\/wp\/v2\/media\/357935"}],"wp:attachment":[{"href":"https:\/\/www.focolare.org\/es\/wp-json\/wp\/v2\/media?parent=358027"}],"wp:term":[{"taxonomy":"category","embeddable":true,"href":"https:\/\/www.focolare.org\/es\/wp-json\/wp\/v2\/categories?post=358027"},{"taxonomy":"post_tag","embeddable":true,"href":"https:\/\/www.focolare.org\/es\/wp-json\/wp\/v2\/tags?post=358027"}],"curies":[{"name":"wp","href":"https:\/\/api.w.org\/{rel}","templated":true}]}}