{"id":359040,"date":"2024-07-01T08:55:27","date_gmt":"2024-07-01T06:55:27","guid":{"rendered":"https:\/\/www.focolare.org\/el-senor-es-mi-pastor-nada-me-falta-sal-23221\/"},"modified":"2024-07-11T13:13:00","modified_gmt":"2024-07-11T11:13:00","slug":"el-senor-es-mi-pastor-nada-me-falta-sal-23221","status":"publish","type":"post","link":"https:\/\/www.focolare.org\/es\/el-senor-es-mi-pastor-nada-me-falta-sal-23221\/","title":{"rendered":"\u00abEl Se\u00f1or es mi pastor, nada me falta\u00bb (Sal 23[22],1)."},"content":{"rendered":"\n<p>El salmo 23 es uno de los salmos m\u00e1s conocidos y amados. Se trata de un c\u00e1ntico de confianza que tiene, a la vez, un car\u00e1cter de profesi\u00f3n de fe gozosa. Quien reza lo hace como perteneciente al pueblo de Israel, al cual el Se\u00f1or prometi\u00f3 por medio de los profetas ser su Pastor. El autor proclama su felicidad personal por saberse protegido en el Templo<a href=\"\">[1] <\/a> , lugar de refugio y de gracia. Pero, de igual modo, con su experiencia quiere animar a otros a confiar en la presencia del Se\u00f1or.   <\/p>\n\n<p><strong>\u00abEl Se\u00f1or es mi pastor, nada me falta\u00bb.<\/strong><\/p>\n\n<p>La imagen del pastor y del reba\u00f1o es muy querida para toda la literatura b\u00edblica. Para entenderla bien tenemos que trasladarnos mentalmente a los desiertos \u00e1ridos y rocosos de Oriente Pr\u00f3ximo. El pastor gu\u00eda a su reba\u00f1o, que se deja llevar d\u00f3cilmente, pues sin \u00e9l se desorientar\u00eda y morir\u00eda. Las ovejas deben aprender a confiarse a \u00e9l, escuchando su voz. \u00c9l es sobre todo su compa\u00f1ero de viaje constante.    <\/p>\n\n<p><strong>\u00abEl Se\u00f1or es mi pastor, nada me falta\u00bb.<\/strong><\/p>\n\n<p>Este salmo nos invita a reforzar nuestra relaci\u00f3n \u00edntima con Dios y a experimentar su amor. Habr\u00e1 quien se pregunte: \u00bfc\u00f3mo es posible que el autor llegue a decir \u00abnada me falta\u00bb? Nuestra experiencia de cada d\u00eda nunca est\u00e1 exenta de problemas y desaf\u00edos: de salud, familiares, de trabajo, etc., sin olvidar los ingentes sufrimientos que tantas hermanas y hermanos nuestros viven hoy a causa de la guerra, de las consecuencias del cambio clim\u00e1tico, de las migraciones, de la violencia\u2026   <\/p>\n\n<p><strong>\u00abEl Se\u00f1or es mi pastor, nada me falta\u00bb.<\/strong><\/p>\n\n<p>Quiz\u00e1 la clave de lectura est\u00e9 en el vers\u00edculo que dice \u00abporque t\u00fa vas conmigo\u00bb (<em>Sal <\/em> 23, 4). Se trata de la certeza del amor de un Dios que nos acompa\u00f1a siempre y nos lleva a vivir la existencia de un modo distinto. Escrib\u00eda Chiara Lubich: \u00abUna cosa es saber que podemos recurrir a un Ser que existe, que tiene piedad de nosotros y que ha pagado por nuestros pecados, y otra distinta es vivir y sentirse el centro de las predilecciones de Dios, lo que, en consecuencia, elimina todo miedo que hace de freno, toda soledad, todo sentido de orfandad y toda incertidumbre. [\u2026] La persona sabe que es amada y cree con todo su ser en este amor. A \u00e9l se abandona confiada y a \u00e9l lo quiere seguir. Las circunstancias de la vida, tristes o alegres, quedan iluminadas por un motivo de amor que las ha querido o permitido todas\u00bb <a href=\"#_ftn2\" id=\"_ftnref2\">[2]<\/a>.  <\/p>\n\n<p><strong>\u00abEl Se\u00f1or es mi pastor, nada me falta\u00bb.<\/strong><\/p>\n\n<p>Pero quien llev\u00f3 a cumplimiento esta bell\u00edsima profec\u00eda es Jes\u00fas, que en el Evangelio de Juan no duda en autodenominarse \u00abel buen Pastor\u00bb. La relaci\u00f3n con este pastor se caracteriza por un v\u00ednculo personal e \u00edntimo: \u00abYo soy el buen pastor; y conozco a mis ovejas y las m\u00edas me conocen a m\u00ed\u00bb (<em>Jn <\/em> 10, 14). \u00c9l las conduce a los pastos de su Palabra, que es vida; en particular la Palabra que contiene el mensaje expresado en el \u00abMandamiento nuevo\u00bb, el cual, si se vive, hace \u00abvisible\u00bb la presencia del Resucitado en la comunidad reunida en su nombre, en su amor\u00bb (cf. Mt 18, 20).<a href=\"\">[3]<\/a>.  <\/p>\n\n<p class=\"has-text-align-right\"><em>Augusto Parody Reyes y el equipo de la Palabra de vida<\/em><\/p>\n\n<p class=\"has-text-align-left has-small-font-size\"><br\/><em>Foto: \u00a9 Sergio Cerrato &#8211; Italia en Pixabay<\/em><\/p>\n\n<p class=\"has-small-font-size\"><a href=\"#_ftnref1\" id=\"_ftn1\">[1]<\/a>Cf. Sal 23,6.<br\/><a href=\"#_ftnref2\" id=\"_ftn2\">[2]<\/a> C. LUBICH, \u00abLo esencial de hoy\u00bb: Escritos espirituales\/2, Madrid 1999, p. 148.<br\/><a href=\"#_ftnref3\" id=\"_ftn3\">[3]<\/a> Cf. <em>Mt<\/em>, 18, 20.<\/p>\n\n<p class=\"has-text-align-center\">&#8212;<strong><a href=\"https:\/\/gen4.focolare.org\/es\/palabra-de-vida\/\" target=\"_blank\" rel=\"noreferrer noopener\">Descarga la Palabra de Vida para ni\u00f1os<\/a><\/strong>&#8212;<\/p>\n\n<p><strong><em><a href=\"https:\/\/www.focolare.org\/es\/companeros-de-viaje-dignos-de-confianza\/\">LA IDEA DEL MES,<\/a> <\/em><\/strong><em>es elaborada por el \u201c<a href=\"https:\/\/dialogue4unity.focolare.org\/es\/\" target=\"_blank\" rel=\"noreferrer noopener\">Centro para el di\u00e1logo con personas de convicciones no religiosas<\/a>\u201d del Movimiento de los Focolares. e trata de una iniciativa nacida en 2014 en Uruguay para compartir con amigos no creyentes los valores de la <\/em>Palabra de vida<em>que es la frase de la Escritura que los miembros del Movimiento se esfuerzan por poner en pr\u00e1ctica en su vida cotidiana. Actualmente LA IDEA DEL MES est\u00e1 traducida a 12 idiomas y se distribuye en m\u00e1s de 25 pa\u00edses, con adaptaciones del texto seg\u00fan las diferentes sensibilidades culturales. <\/em><\/p>\n","protected":false},"excerpt":{"rendered":"<p>Palabra de Vida &#8211; Julio de 2024<\/p>\n","protected":false},"author":34,"featured_media":358307,"comment_status":"open","ping_status":"open","sticky":false,"template":"","format":"standard","meta":{"give_campaign_id":0,"_seopress_robots_primary_cat":"","_seopress_titles_title":"","_seopress_titles_desc":"","_seopress_robots_index":"","_et_pb_use_builder":"","_et_pb_old_content":"","_et_gb_content_width":"","footnotes":""},"categories":[95],"tags":[3327,3199],"class_list":["post-359040","post","type-post","status-publish","format-standard","has-post-thumbnail","hentry","category-palabra-de-vida","tag-palabra-de-vida","tag-ppg-es"],"_links":{"self":[{"href":"https:\/\/www.focolare.org\/es\/wp-json\/wp\/v2\/posts\/359040","targetHints":{"allow":["GET"]}}],"collection":[{"href":"https:\/\/www.focolare.org\/es\/wp-json\/wp\/v2\/posts"}],"about":[{"href":"https:\/\/www.focolare.org\/es\/wp-json\/wp\/v2\/types\/post"}],"author":[{"embeddable":true,"href":"https:\/\/www.focolare.org\/es\/wp-json\/wp\/v2\/users\/34"}],"replies":[{"embeddable":true,"href":"https:\/\/www.focolare.org\/es\/wp-json\/wp\/v2\/comments?post=359040"}],"version-history":[{"count":0,"href":"https:\/\/www.focolare.org\/es\/wp-json\/wp\/v2\/posts\/359040\/revisions"}],"wp:featuredmedia":[{"embeddable":true,"href":"https:\/\/www.focolare.org\/es\/wp-json\/wp\/v2\/media\/358307"}],"wp:attachment":[{"href":"https:\/\/www.focolare.org\/es\/wp-json\/wp\/v2\/media?parent=359040"}],"wp:term":[{"taxonomy":"category","embeddable":true,"href":"https:\/\/www.focolare.org\/es\/wp-json\/wp\/v2\/categories?post=359040"},{"taxonomy":"post_tag","embeddable":true,"href":"https:\/\/www.focolare.org\/es\/wp-json\/wp\/v2\/tags?post=359040"}],"curies":[{"name":"wp","href":"https:\/\/api.w.org\/{rel}","templated":true}]}}