{"id":359847,"date":"2024-07-11T16:27:05","date_gmt":"2024-07-11T14:27:05","guid":{"rendered":"https:\/\/www.focolare.org\/genfest-2024-juntos-para-cuidar\/"},"modified":"2024-07-12T22:18:29","modified_gmt":"2024-07-12T20:18:29","slug":"genfest-2024-juntos-para-cuidar","status":"publish","type":"post","link":"https:\/\/www.focolare.org\/es\/genfest-2024-juntos-para-cuidar\/","title":{"rendered":"Genfest 2024: Juntos para cuidar"},"content":{"rendered":"\n<p>\u201c<strong>Paz entre los pueblos, protecci\u00f3n del planeta, econom\u00edas y pol\u00edticas que pongan en el centro a la persona, la justicia y la dignidad: en esto trabajaremos, deliberaremos y proyectaremos a nivel mundial en el Genfest<\/strong>\u201d. Los que lo explican son los j\u00f3venes del Movimiento de los Focolares que del 12 al 24 de julio pr\u00f3ximos, en Brasil, convocar\u00e1n a miles de j\u00f3venes para un evento mundial.  <strong>El objetivo es, como dice el t\u00edtulo: \u00abJuntos para cuidar\u00bb, es decir, cuidar juntos, a nivel mundial, a las personas y a las porciones de la humanidad m\u00e1s sufrientes y vulnerables, m\u00e1s all\u00e1 de las diferencias culturales, \u00e9tnicas y religiosas. <\/strong> <\/p>\n\n<p>Los grandes cambios en curso nos muestran la necesidad de un nuevo paradigma cultural, basado no en el individuo, sino en la relaci\u00f3n social que se abre a toda la humanidad a trav\u00e9s de una cultura que promueva la fraternidad universal; que no elimine la complejidad, sino que la valore, permitiendo comprender m\u00e1s profundamente la historia de la humanidad y de los pueblos. <\/p>\n\n<p>El <a href=\"https:\/\/genfest.org\/es\/home-en\/\"><strong>Genfest 2024<\/strong><\/a> <strong>se desarrollar\u00e1 en tres fases<\/strong>: voluntariado; el evento central; y la creaci\u00f3n de community, \u2018comunidades\u2019 divididas por \u00e1mbitos de inter\u00e9s, de estudio o profesionales, para mantenerse conectados y trabajar en la construcci\u00f3n de un mundo m\u00e1s unido en los propios territorios. Quiere ser una experiencia inmersiva en la que los protagonistas y creadores sean los j\u00f3venes; pero el di\u00e1logo y la colaboraci\u00f3n intergeneracional ser\u00e1n un pilar imprescindible del cambio que se quiere proponer tambi\u00e9n a las instituciones internacionales. Algunos momentos se transmitir\u00e1n <strong>en directo a nivel mundial <\/strong> <a href=\"https:\/\/www.youtube.com\/c\/GenfestOfficial\"><strong>en el canal YouTube del Genfest 2024.<\/strong><\/a>  <\/p>\n\n<p>En la conclusi\u00f3n, los nuevos pasos y proyectos nacidos o en marcha para construir un mundo en paz y m\u00e1s unido se recoger\u00e1n en <strong>un documento que se presentar\u00e1 en la<\/strong> <a href=\"https:\/\/www.un.org\/es\/summit-of-the-future\"><strong>Cumbre del Futuro<\/strong><\/a> <strong>(22-23 de septiembre de 2024), promovida por las Naciones Unidas.<\/strong> Contendr\u00e1 proyectos y propuestas concretas para un mundo m\u00e1s justo y fraterno, con el fin de contribuir a los objetivos internacionales de la <a href=\"https:\/\/sdgs.un.org\/2030agenda\">Agenda 2030 de la ONU<\/a>. <\/p>\n\n<p>Quien no pueda asistir al evento central en Brasil, podr\u00e1 informarse sobre cu\u00e1l es el que se realiza m\u00e1s cerca del lugar en el que vive, porque habr\u00e1 otros <strong>44 Genfest<\/strong> locales que se realizar\u00e1n en <strong>Corea, India, Sri Lanka, Filipinas, Pakist\u00e1n, Vietnam, Jordania, Egipto, Burundi, Tanzania, Angola, Zambia, Kenia, Etiop\u00eda, Sud\u00e1frica, Rep\u00fablica Democr\u00e1tica del Congo, Costa de Marfil, Camer\u00fan, Burkina Faso, Per\u00fa, Bolivia, M\u00e9xico, Guatemala, Argentina, Hungr\u00eda, Serbia, Chequia, Eslovaquia, Alemania e Italia.<\/strong> <\/p>\n\n<p class=\"has-text-color has-link-color has-medium-font-size wp-elements-3848a0d6e0e01c5f036eef2119871892\" style=\"color:#663232\"><strong>Juntos para cuidar: el programa<\/strong> <\/p>\n\n<p><strong>Experimentar <\/strong> \u2013 la primera semana del Genfest (12-18 de julio de 2024) propone a los participantes una experiencia \u00abinmersiva\u00bb de voluntariado en uno de los 40 proyectos y organizaciones que se han puesto a disposici\u00f3n en diferentes pa\u00edses de Am\u00e9rica Latina y otras partes del mundo. Esta acci\u00f3n se llevar\u00e1 a cabo en colaboraci\u00f3n con <a href=\"https:\/\/www.focolare.org\/2015\/06\/24\/%E4%B8%AD%E6%96%87-la-sfida-di-camminare-insieme-in-america-latina-uniredes\/\">UNIRedes<\/a>, organismo que re\u00fane a m\u00e1s de 50 organizaciones, iniciativas y movimientos sociales de 12 pa\u00edses de Am\u00e9rica Latina y el Caribe que promueven acciones de transformaci\u00f3n en diversos campos (arte y cultura, medioambiente, gobernanza democr\u00e1tica, educaci\u00f3n, trabajo, etc.) a trav\u00e9s del protagonismo de todos los actores involucrados.  <\/p>\n\n<p><strong>Celebrar <\/strong> \u2013 Del 19 al 21 de julio en Aparecida, en la arena del santuario nacional, los j\u00f3venes se reunir\u00e1n en el <strong>evento central<\/strong> para conocer experiencias, compartir estrategias de paz y fraternidad tambi\u00e9n a trav\u00e9s de manifestaciones art\u00edsticas y musicales. El evento se transmitir\u00e1 en m\u00e1s de 120 pa\u00edses. Un gran festival de ideas, pensamientos e iniciativas que inspirar\u00e1 a miles de j\u00f3venes de diferentes culturas, etnias y religiones a vivir por un mundo unido.   <\/p>\n\n<p><strong>Aprender y compartir<\/strong> \u2013 La tercera fase tendr\u00e1 lugar del 21 al 24 de julio: los j\u00f3venes se distribuir\u00e1n en grupos llamados <strong>communities <\/strong> \u2012comunidades\u2012 seg\u00fan ocho \u00e1mbitos de inter\u00e9s: <strong>econom\u00eda y trabajo, interculturalidad y di\u00e1logo, espiritualidad y derechos humanos, salud y ecolog\u00eda, arte y compromiso social, educaci\u00f3n e investigaci\u00f3n, comunicaci\u00f3n y medios de comunicaci\u00f3n, ciudadan\u00eda activa y pol\u00edtica<\/strong>. <\/p>\n\n<p>En estos espacios, los j\u00f3venes podr\u00e1n aprender, confrontarse, idear nuevas formas de compromiso compartido para difundir la cultura de la fraternidad a trav\u00e9s de proyectos locales con una perspectiva global, de modo que al regresar a sus pa\u00edses, puedan comprometerse localmente en los \u00e1mbitos que les apasionan para formarse en el paradigma cultural de la fraternidad y del car\u00e1cter relacional. <\/p>\n\n<p><strong>Un equipo internacional formado por acad\u00e9micos, profesionales, l\u00edderes y activistas sociales y pol\u00edticos \u2500j\u00f3venes y adultos<\/strong>\u2500 acompa\u00f1ar\u00e1 a los participantes en los debates y trabajos en grupo. <\/p>\n\n<p>Han confirmado su participaci\u00f3n, entre otros: <strong>Luigino Bruni<\/strong>, economista (Italia), <strong>Choie Funk<\/strong>, arquitecto y activista social (Filipinas), <strong>Jander Manauara<\/strong>, rapero y activista (Brasil), <strong>Carlos Palma<\/strong>, coordinador de Living Peace (Uruguay), <strong>Myrian Vasques<\/strong>, consejera ind\u00edgena (Brasil), <strong>Silvina Chemen<\/strong>, directora del Centro para el Di\u00e1logo Interreligioso en el seminario rab\u00ednico (Argentina), <strong>John Mundell<\/strong>, director de la Plataforma de Acci\u00f3n Laudato Si\u2019 del Vaticano (Estados Unidos), <strong>Nicolas Maggi Berrueta<\/strong>, violinista, Embajador de Paz (Uruguay), <strong>Israa Safieddine<\/strong>, educadora especializada en educaci\u00f3n isl\u00e1mica (Estados Unidos). <\/p>\n\n<p class=\"has-text-align-right\"><em>Stefania Tanesini <\/em><\/p>\n\n<p><a href=\"https:\/\/www.focolare.org\/wp-content\/uploads\/2024\/07\/Genfest_ficha-1_ES.pdf\" target=\"_blank\" rel=\"noreferrer noopener\"><strong>Genfest_Ficha 1_Historia, objetivos y perspectivas<\/strong><\/a><\/p>\n","protected":false},"excerpt":{"rendered":"<p>Se celebrar\u00e1 en Brasil, del 12 al 24 de julio pr\u00f3ximos, el Genfest, evento-experiencia mundial promovido por los j\u00f3venes del Movimiento de los Focolares. Otras 44 citas locales se llevar\u00e1n a cabo en 32 pa\u00edses.  <\/p>\n","protected":false},"author":34,"featured_media":359245,"comment_status":"open","ping_status":"open","sticky":false,"template":"","format":"standard","meta":{"give_campaign_id":0,"_seopress_robots_primary_cat":"","_seopress_titles_title":"","_seopress_titles_desc":"","_seopress_robots_index":"","_et_pb_use_builder":"","_et_pb_old_content":"","_et_gb_content_width":"","footnotes":""},"categories":[3009],"tags":[3005,3199],"class_list":["post-359847","post","type-post","status-publish","format-standard","has-post-thumbnail","hentry","category-nuove-generazioni-4","tag-giovani-per-un-mondo-unito-5","tag-ppg-es"],"_links":{"self":[{"href":"https:\/\/www.focolare.org\/es\/wp-json\/wp\/v2\/posts\/359847","targetHints":{"allow":["GET"]}}],"collection":[{"href":"https:\/\/www.focolare.org\/es\/wp-json\/wp\/v2\/posts"}],"about":[{"href":"https:\/\/www.focolare.org\/es\/wp-json\/wp\/v2\/types\/post"}],"author":[{"embeddable":true,"href":"https:\/\/www.focolare.org\/es\/wp-json\/wp\/v2\/users\/34"}],"replies":[{"embeddable":true,"href":"https:\/\/www.focolare.org\/es\/wp-json\/wp\/v2\/comments?post=359847"}],"version-history":[{"count":0,"href":"https:\/\/www.focolare.org\/es\/wp-json\/wp\/v2\/posts\/359847\/revisions"}],"wp:featuredmedia":[{"embeddable":true,"href":"https:\/\/www.focolare.org\/es\/wp-json\/wp\/v2\/media\/359245"}],"wp:attachment":[{"href":"https:\/\/www.focolare.org\/es\/wp-json\/wp\/v2\/media?parent=359847"}],"wp:term":[{"taxonomy":"category","embeddable":true,"href":"https:\/\/www.focolare.org\/es\/wp-json\/wp\/v2\/categories?post=359847"},{"taxonomy":"post_tag","embeddable":true,"href":"https:\/\/www.focolare.org\/es\/wp-json\/wp\/v2\/tags?post=359847"}],"curies":[{"name":"wp","href":"https:\/\/api.w.org\/{rel}","templated":true}]}}