{"id":360123,"date":"2024-07-16T05:00:00","date_gmt":"2024-07-16T03:00:00","guid":{"rendered":"https:\/\/www.focolare.org\/?p=360123"},"modified":"2024-07-15T19:39:17","modified_gmt":"2024-07-15T17:39:17","slug":"un-pacto-planetario","status":"publish","type":"post","link":"https:\/\/www.focolare.org\/es\/un-pacto-planetario\/","title":{"rendered":"Un pacto planetario"},"content":{"rendered":"\n<p>El 16 de julio de 1949 Chiara Lubich e Igino Giordani hicieron un \u00abPacto de Unidad\u00bb. Fue una experiencia espiritual que inici\u00f3 un per\u00edodo de luz y de especial uni\u00f3n con Dios. <\/p>\n\n<p>Marc\u00f3 la vida de la entonces primera comunidad de los Focolares, pero tambi\u00e9n la historia de todo el Movimiento y su compromiso por un mundo m\u00e1s fraterno y m\u00e1s unido. <\/p>\n\n<p>Setenta y cinco a\u00f1os despu\u00e9s de aquel d\u00eda, una mirada en profundidad a lo que signific\u00f3 aquella Alianza y a lo que puede significar hoy, mientras seguimos poni\u00e9ndola en pr\u00e1ctica. <\/p>\n\n<p><em>Click para ver el video<\/em><\/p>\n\n<figure class=\"wp-block-image size-large\"><a href=\"https:\/\/youtu.be\/q8GicD7hfGM\" target=\"_blank\" rel=\"noreferrer noopener\"><img alt=\"\" alt=\"\" decoding=\"async\" src=\"https:\/\/www.focolare.org\/wp-content\/uploads\/2024\/07\/Miniature_UNPATTOPLANETARIO_ES-1024x576.jpg\" alt=\"\" class=\"wp-image-360113\"\/><\/a><\/figure>\n","protected":false},"excerpt":{"rendered":"<p>El 16 de julio de 1949 Chiara Lubich e Igino Giordani hicieron un \u00abPacto de Unidad\u00bb. Fue una experiencia espiritual que inici\u00f3 un per\u00edodo de luz y de especial uni\u00f3n con Dios. <\/p>\n","protected":false},"author":34,"featured_media":360096,"comment_status":"open","ping_status":"open","sticky":false,"template":"","format":"standard","meta":{"give_campaign_id":0,"_seopress_robots_primary_cat":"","_seopress_titles_title":"","_seopress_titles_desc":"","_seopress_robots_index":"","_et_pb_use_builder":"","_et_pb_old_content":"","_et_gb_content_width":"","footnotes":""},"categories":[3085,2999,3000],"tags":[3070,3346,3199],"class_list":["post-360123","post","type-post","status-publish","format-standard","has-post-thumbnail","hentry","category-centro-internazionale-4","category-chiara-lubich-5","category-spiritualita-4","tag-chiara-lubich-6","tag-notifiche-es","tag-ppg-es"],"_links":{"self":[{"href":"https:\/\/www.focolare.org\/es\/wp-json\/wp\/v2\/posts\/360123","targetHints":{"allow":["GET"]}}],"collection":[{"href":"https:\/\/www.focolare.org\/es\/wp-json\/wp\/v2\/posts"}],"about":[{"href":"https:\/\/www.focolare.org\/es\/wp-json\/wp\/v2\/types\/post"}],"author":[{"embeddable":true,"href":"https:\/\/www.focolare.org\/es\/wp-json\/wp\/v2\/users\/34"}],"replies":[{"embeddable":true,"href":"https:\/\/www.focolare.org\/es\/wp-json\/wp\/v2\/comments?post=360123"}],"version-history":[{"count":0,"href":"https:\/\/www.focolare.org\/es\/wp-json\/wp\/v2\/posts\/360123\/revisions"}],"wp:featuredmedia":[{"embeddable":true,"href":"https:\/\/www.focolare.org\/es\/wp-json\/wp\/v2\/media\/360096"}],"wp:attachment":[{"href":"https:\/\/www.focolare.org\/es\/wp-json\/wp\/v2\/media?parent=360123"}],"wp:term":[{"taxonomy":"category","embeddable":true,"href":"https:\/\/www.focolare.org\/es\/wp-json\/wp\/v2\/categories?post=360123"},{"taxonomy":"post_tag","embeddable":true,"href":"https:\/\/www.focolare.org\/es\/wp-json\/wp\/v2\/tags?post=360123"}],"curies":[{"name":"wp","href":"https:\/\/api.w.org\/{rel}","templated":true}]}}