{"id":362307,"date":"2024-08-19T15:15:00","date_gmt":"2024-08-19T13:15:00","guid":{"rendered":"https:\/\/www.focolare.org\/?p=362307"},"modified":"2024-08-19T15:06:42","modified_gmt":"2024-08-19T13:06:42","slug":"uniredes-esperanza-para-america-latina-y-el-mundo","status":"publish","type":"post","link":"https:\/\/www.focolare.org\/es\/uniredes-esperanza-para-america-latina-y-el-mundo\/","title":{"rendered":"UNIRedes: esperanza para Am\u00e9rica Latina y el mundo"},"content":{"rendered":"\n<p>La sede de Pedrinhas (SP, Brasil) de la <em><a href=\"https:\/\/portalfazenda.org.br\/\">Fazenda da Esperan\u00e7a <\/a><\/em>acoge a j\u00f3venes y adultos que est\u00e1n afrontando diversas etapas de recuperaci\u00f3n de la adicci\u00f3n a las drogas y otras formas de adicci\u00f3n y malestar social. No pod\u00eda haber mejor lugar para albergar el congreso de <em><strong>UNIRedes<\/strong><\/em>, la plataforma de ONG, proyectos sociales, humanitarios y de agencias culturales que se inspiran en la espiritualidad de la unidad de Chiara Lubich en Am\u00e9rica Latina. Estuvieron presentes 140 personas representando a 37 de las 74 organizaciones asociadas de UNIRedes, activas en 12 pa\u00edses de Am\u00e9rica Latina y el Caribe.  <\/p>\n\n<p>El objetivo del encuentro era presentar el trabajo de estos a\u00f1os a Margaret Karram y Jes\u00fas Mor\u00e1n presentes en la reuni\u00f3n; definir los pr\u00f3ximos pasos comunes a todas las organizaciones asociadas y fortalecer el v\u00ednculo con el Movimiento de los Focolares para poder compartir, incluso m\u00e1s all\u00e1 del continente Latinoamericano, la experiencia alcanzada.<\/p>\n\n<p><strong>UNIRedes: una red de redes<\/strong><\/p>\n\n<p>Maria Celeste Mancuso, argentina, corresponsable internacional del Movimiento Humanidad Nueva, explic\u00f3 que <em>UNIRedes <\/em>no es solo un super proyecto solidario: \u201cEs tambi\u00e9n un espacio que genera una reflexi\u00f3n cultural para identificar las categor\u00edas antropol\u00f3gicas y epistemol\u00f3gicas necesarias para generar una nueva cultura del cuidado de la persona y de las sociedades latinoamericanas\u201d. Por esta raz\u00f3n, las agencias culturales inspiradas en el carisma de la unidad, como el Instituto Universitario Sophia (Loppiano, Italia); su sede local Sophia Am\u00e9rica Latina y el Caribe (ALC); y el Centro Universitario ASCES UNITA de Caruaru (Pernanbuco, BRA) tambi\u00e9n forman parte del proyecto en toda regla. <\/p>\n\n<p>Virginia Osorio, uruguaya, una de las iniciadoras del proyecto, explica sus or\u00edgenes: \u00abLos continuos cambios pol\u00edticos y econ\u00f3micos de nuestros pa\u00edses hac\u00edan que nuestras organizaciones fueran cada vez m\u00e1s fr\u00e1giles y aisladas. Con UNIRedes hemos encontrado un lugar donde fortalecernos mutuamente y compartir sufrimientos y esperanzas. Nuestro \u00faltimo proyecto fue para el Genfest: cientos de j\u00f3venes hicieron voluntariado en muchas de nuestras organizaciones, viviendo en carne propia experiencias de fraternidad y cercan\u00eda a los m\u00e1s pobres\u201d.<\/p>\n\n<p><strong>La ra\u00edz com\u00fan: \u00abmorir por la propia gente\u00bb<\/strong><\/p>\n\n<p>La primera ra\u00edz de UNIRedes no se basa en an\u00e1lisis geopol\u00edticos o econ\u00f3micos: hay que remontarse a los inicios de los a\u00f1os 70, cuando tambi\u00e9n los Gen, los j\u00f3venes de los Focolares, como muchos de sus coet\u00e1neos en muchos pa\u00edses, quer\u00edan cambiar el mundo contribuyendo a darle igualdad, justicia y dignidad.<\/p>\n\n<p>Chiara Lubich, que se reun\u00eda con ellos con frecuencia, hab\u00eda apoyado y confirmado la necesidad de hacer una revoluci\u00f3n social pac\u00edfica, especialmente en Am\u00e9rica Latina, continente al que ve\u00eda identificado con esta vocaci\u00f3n especial. Dec\u00eda a los j\u00f3venes de los Focolares que: \u201c<em>Cada uno debe sentir que debemos morir s\u00ed por la humanidad, pero es necesario que encontremos a nuestro Jes\u00fas Abandonado local para morir por nuestra gente<\/em>\u201d[1].<br\/><br\/><br\/> <\/p>\n\n<p>\u201cAs\u00ed es como muchos se volcaron en las periferias de las ciudades, en las favelas, en cualquier lugar donde la pobreza quitaba dignidad a las personas\u201d \u2013cuenta Gilvan David, brasile\u00f1o, del grupo latinoamericano de articulaci\u00f3n de UNIRedes\u2013. \u201cNacieron las primeras ONG y mientras tanto intent\u00e1bamos estructurarnos, pero no era suficiente: \u2018Ustedes vienen a nosotros \u2013nos dec\u00edan los pobres\u2013 pero luego se van y nos dejan solos\u2019. Para responder a este grito, comenzamos a trabajar en red con las pol\u00edticas p\u00fablicas locales y, al mismo tiempo, varios sacerdotes que viv\u00edan la espiritualidad de la unidad tambi\u00e9n fundaron proyectos sociales: Fray Hans con la Fazenda da Esperan\u00e7a, el padre Renato Chiera con la <a href=\"https:\/\/casadomenor.org\/?lang=pt-br\">Casa do Menor<\/a> y otros\u00bb.  <\/p>\n\n<p><strong>Una \u00ab\u00fanica\u00bb Am\u00e9rica Latina<\/strong><\/p>\n\n<p>\u201cM\u00e1s tarde nacieron los primeros grupos de organizaciones \u2013contin\u00faa Gilvan David\u2013 \u2018<a href=\"https:\/\/sumafraternidad.org\/\">Sum\u00e1 Fraternidad<\/a>\u2019, que recog\u00eda los proyectos de algunos pa\u00edses de habla hispana; la asociaci\u00f3n civil \u2018<a href=\"https:\/\/promociondelapersona.org\/\">Promoci\u00f3n Integral de la Persona<\/a>\u2019 (PIP) en M\u00e9xico, y las organizaciones sociales brasile\u00f1as que segu\u00edan creciendo, encontrando su propia identidad y espacio de servicio. No fueron a\u00f1os f\u00e1ciles, pero comenzamos varios itinerarios en diferentes territorios de Am\u00e9rica Latina para apoyar su compromiso social que despu\u00e9s se fusionaron en UNIRedes. Nos hemos reunido varias veces, pero el encuentro fundacional fue en 2014, con la presencia de Emmaus Maria Voce y Giancarlo Faletti, en ese entonces presidenta y copresidente del Movimiento de los Focolares. Emmaus en esa ocasi\u00f3n dijo: \u2018Ustedes le dan al Movimiento una nueva visibilidad, un nuevo sentido a su acci\u00f3n, son un testimonio para quien los mira desde fuera; dan visibilidad completa al Carisma a trav\u00e9s de acciones concretas\u2019. Dir\u00eda que fue entonces cuando nos reconocimos como una realidad \u00fanica para toda Am\u00e9rica Latina: nos encontramos abrazados por el carisma de la unidad\u201d.    <\/p>\n\n<p>Fueron muchos y sustanciales los aportes que han construido este congreso, junto con la presentaci\u00f3n de las diferentes organizaciones asociadas.<\/p>\n\n<p><strong>Juan Esteban Belderrain: de la desigualdad a la esperanza<\/strong><\/p>\n\n<p>El polit\u00f3logo argentino Juan Esteban Balderrain analiz\u00f3 la lacra de la desigualdad de la que Am\u00e9rica Latina ostenta la primac\u00eda mundial. \u201cSe trata de construir una visi\u00f3n de este continente que parta de la esperanza y esto es posible porque, si miramos la ra\u00edz m\u00e1s profunda del problema de la desigualdad, encontramos la p\u00e9rdida de la referencia a ese Dios que es amor y que nos ayuda a entender que somos hermanos y hermanas los unos de los otros y el respeto a la naturaleza, que es tambi\u00e9n expresi\u00f3n de su Amor. Refiri\u00e9ndose al siglo XX, Pablo VI dijo que aquel era un tiempo bendito porque exig\u00eda de todos la santidad. Creo que estas palabras valen tambi\u00e9n para el nuestro\u201d. <\/p>\n\n<p><strong>Padre Vilson Groh: la \u201cm\u00edstica de los ojos abiertos\u201d<\/strong><\/p>\n\n<p>Desde hace m\u00e1s de 40 a\u00f1os, el padre Vilson vive en el \u00abmorro\u00bb, una favela de Florian\u00f3polis (Santa Catarina, Brasil), llevando a cabo proyectos sociales especialmente para los j\u00f3venes. Habl\u00f3 de la \u00abm\u00edstica de los ojos abiertos\u00bb: \u00abDebemos llevar a nuestras organizaciones a los s\u00f3tanos oscuros de nuestras periferias; ser all\u00ed una esperanza. El Genfest ha tra\u00eddo la perspectiva del \u00abjuntos\u00bb, que el Papa Francisco promueve. Esto requiere un camino paciente, resiliente; pide ser firmes en la b\u00fasqueda del bien com\u00fan. La unidad es superior al conflicto \u2012dice siempre el Papa\u2012 y la unidad es pluralidad. Llevamos la diversidad dentro de nuestras organizaciones: el carisma de la unidad es una puerta para que Cristo llagado abra espacios\u201d.    <\/p>\n\n<p><strong>Vera Araujo: Am\u00e9rica Latina constructora de fraternidad<\/strong><\/p>\n\n<p>La intervenci\u00f3n de la soci\u00f3loga brasile\u00f1a se centr\u00f3 en una visi\u00f3n positiva que sabe reconocer el patrimonio cultural y humano latinoamericano y lo ofrece como regalo al mundo.<\/p>\n\n<p>\u201cUNIRedes tiene su origen en el carisma de Chiara Lubich y puede transformarse en una incre\u00edble oportunidad tambi\u00e9n para el resto del mundo: la unidad vista no solo como valor religioso, sino tambi\u00e9n como fuerza capaz de componer eficazmente la familia humana, realizando una interacci\u00f3n entre la multiplicidad de las personas, preservando las distinciones en el contexto de las realidades sociales. Aqu\u00ed el carisma de la unidad no ofrece una soluci\u00f3n f\u00e1cil, pero s\u00ed un sentido, un significado, una Persona: Cristo Abandonado en la cruz. <\/p>\n\n<p>\u00ab<em>Para amar bien<\/em> \u2013dec\u00eda Chiara\u2013 <em>no hay que ver en las dificultades e injusticias del mundo solamente males sociales que hay que remediar, sino descubrir en ellas el rostro de Cristo que no desde\u00f1a esconderse bajo toda miseria humana<\/em>\u00bb[<a href=\"#_ftnref2\">2<\/a>].<\/p>\n\n<p><strong>Susana Nu\u00edn N\u00fa\u00f1ez: el camino de los pueblos y de los movimientos sociales<\/strong><\/p>\n\n<p>La soci\u00f3loga uruguaya describi\u00f3 el camino y la riqueza social, pol\u00edtica y econ\u00f3mica de los pueblos del continente y de algunos movimientos sociales. \u201cEstas redes que tienen las m\u00e1s variadas fisonom\u00edas y desarrollos en las pr\u00e1cticas sociales o en el mundo acad\u00e9mico, act\u00faan de manera complementaria, generando un indiscutible tejido sociocultural de multiforme car\u00e1cter comunitario del que Am\u00e9rica Latina es portadora\u201d. Subraya tambi\u00e9n la peculiaridad de UNIRedes, que desde hace m\u00e1s de diez a\u00f1os es un sujeto social que cuida, revoluciona, transforma e influye a partir del Evangelio y de la palabra de la unidad.   <\/p>\n\n<p><strong>Margaret Karram y Jes\u00fas Mor\u00e1n: UNIRedes es parte del Movimiento de los Focolares<\/strong><\/p>\n\n<p>\u00abQuienes quieren vivir el Evangelio en esta regi\u00f3n, siempre est\u00e1n en crisis porque ven desigualdades constantemente\u201d \u2013 destaca <strong>Jes\u00fas <\/strong>Mor\u00e1n\u2013. \u201cLa unidad no puede dejar de asumir esta realidad. \u00bfC\u00f3mo construimos la unidad en este continente sin tener en cuenta a los descartados por la sociedad? Lo que ustedes hacen como UNIRedes debe caracterizar a todo el Movimiento en esta regi\u00f3n; no es cre\u00edble su trabajo por la unidad si no acontece tambi\u00e9n a trav\u00e9s de las obras sociales. Cierto, no seremos nosotros los que resolvamos los problemas sociales. Lo \u00fanico que podemos hacer es ayudar a que la gente se convierta al amor. Si tocamos los corazones, alguien captar\u00e1 el esp\u00edritu y en la libertad comprender\u00e1 c\u00f3mo vivir el Evangelio\u201d. <\/p>\n\n<figure class=\"wp-block-gallery has-nested-images columns-default is-cropped wp-block-gallery-1 is-layout-flex wp-block-gallery-is-layout-flex\">\n<figure class=\"wp-block-image size-large\"><img alt=\"\" alt=\"\" loading=\"lazy\" decoding=\"async\" width=\"1024\" height=\"768\" data-id=\"362316\" src=\"https:\/\/www.focolare.org\/wp-content\/uploads\/2024\/08\/1722033391844-1024x768.jpg\" alt=\"\" class=\"wp-image-362316\" srcset=\"https:\/\/www.focolare.org\/wp-content\/uploads\/2024\/08\/1722033391844-1024x768.jpg 1024w, https:\/\/www.focolare.org\/wp-content\/uploads\/2024\/08\/1722033391844-980x735.jpg 980w, https:\/\/www.focolare.org\/wp-content\/uploads\/2024\/08\/1722033391844-480x360.jpg 480w\" sizes=\"(min-width: 0px) and (max-width: 480px) 480px, (min-width: 481px) and (max-width: 980px) 980px, (min-width: 981px) 1024px, 100vw\" \/><\/figure>\n\n\n\n<figure class=\"wp-block-image size-large\"><img alt=\"\" alt=\"\" loading=\"lazy\" decoding=\"async\" width=\"1024\" height=\"768\" data-id=\"362328\" src=\"https:\/\/www.focolare.org\/wp-content\/uploads\/2024\/08\/1722033391794-1024x768.jpg\" alt=\"\" class=\"wp-image-362328\" srcset=\"https:\/\/www.focolare.org\/wp-content\/uploads\/2024\/08\/1722033391794-1024x768.jpg 1024w, https:\/\/www.focolare.org\/wp-content\/uploads\/2024\/08\/1722033391794-980x735.jpg 980w, https:\/\/www.focolare.org\/wp-content\/uploads\/2024\/08\/1722033391794-480x360.jpg 480w\" sizes=\"(min-width: 0px) and (max-width: 480px) 480px, (min-width: 481px) and (max-width: 980px) 980px, (min-width: 981px) 1024px, 100vw\" \/><\/figure>\n\n\n\n<figure class=\"wp-block-image size-large\"><img alt=\"\" alt=\"\" loading=\"lazy\" decoding=\"async\" width=\"1024\" height=\"461\" data-id=\"362314\" src=\"https:\/\/www.focolare.org\/wp-content\/uploads\/2024\/08\/IMG-20240726-WA0240-1024x461.jpg\" alt=\"\" class=\"wp-image-362314\" srcset=\"https:\/\/www.focolare.org\/wp-content\/uploads\/2024\/08\/IMG-20240726-WA0240-980x441.jpg 980w, https:\/\/www.focolare.org\/wp-content\/uploads\/2024\/08\/IMG-20240726-WA0240-480x216.jpg 480w\" sizes=\"(min-width: 0px) and (max-width: 480px) 480px, (min-width: 481px) and (max-width: 980px) 980px, (min-width: 981px) 1024px, 100vw\" \/><\/figure>\n<\/figure>\n\n<hr class=\"wp-block-separator has-alpha-channel-opacity\"\/>\n\n<p><strong>Margaret <\/strong>anima a UNIRedes a seguir adelante: \u201cAhora hay que entender c\u00f3mo hacer llegar a todos en el mundo la vida de ustedes y su ejemplo. Citando una conversaci\u00f3n de Chiara Lubich de 1956, reiter\u00f3 que el Movimiento, en su compromiso social, no debe olvidar que la clave para la soluci\u00f3n de los problemas que el Carisma de la unidad ofrece, est\u00e1 en la novedad de la reciprocidad m\u00e1s que en la justicia. Promueve el compartir, el poner en com\u00fan entre todos lo poco o mucho de lo que se dispone para crear un Bien Com\u00fan mayor que, adem\u00e1s de resolver los problemas sociales, produce esa realizaci\u00f3n humana y espiritual que solo sucede en la comuni\u00f3n entre todos. Por \u00faltimo, Margaret lanza una propuesta: \u00abA\u00f1adir un nuevo art\u00edculo en su <em>Carta de principios y compromisos<\/em>: <strong>un pacto solemne de fraternidad <\/strong>para proponerlo a quienes quieran formar parte de UNIRedes: estamos aqu\u00ed para dar testimonio del amor mutuo y solo si tenemos este amor, el mundo creer\u00e1\u00bb.   <\/p>\n\n<p>\u00abUNIRedes nos habla de esperanza\u00bb \u2013concluye M. Celeste Mancuso\u2013. \u201cEs una propuesta transversal y sinodal de red organizativa que puede inspirar modelos similares para esas periferias existenciales de otras partes de nuestro vasto mundo. As\u00ed se podr\u00e1 pensar en construir redes globales de fraternidad que promuevan el bien com\u00fan\u201d. <\/p>\n\n<p class=\"has-text-align-right\"><em>Stefania Tanesini<\/em><\/p>\n\n<hr class=\"wp-block-separator has-alpha-channel-opacity\"\/>\n\n<div class=\"wp-block-group is-layout-constrained wp-block-group-is-layout-constrained\">\n<p class=\"has-small-font-size\"><a href=\"#_ftnref1\" id=\"_ftn1\">[1]<\/a> Chiara Lubich en la \u00abScuola Gen\u00bb, Rocca di Papa (Roma, Italia), 15 de mayo de 1977<\/p>\n\n\n\n<p class=\"has-small-font-size\">[<a href=\"#_ftnref2\" id=\"_ftn2\">2<\/a>] Chiara Lubich, Para una civilizaci\u00f3n de la unidad. Discurso pronunciado en el Congreso \u00abUna cultura de paz para la unidad de los pueblos\u00bb, Castel Gandolfo, (Roma) 11-12 de junio de 1988 <\/p>\n<\/div>\n","protected":false},"excerpt":{"rendered":"<p>Re\u00fane a 74 organizaciones sociales que se inspiran en la espiritualidad de los Focolares en Am\u00e9rica Latina y el Caribe, pero habla al mundo entero. Las organizaciones asociadas en UNIRedes se reunieron del 25 al 27 de julio pasado en Brasil para hacer un balance y mirar juntos hacia el futuro. <\/p>\n","protected":false},"author":33,"featured_media":362297,"comment_status":"open","ping_status":"open","sticky":false,"template":"","format":"standard","meta":{"give_campaign_id":0,"_seopress_robots_primary_cat":"","_seopress_titles_title":"","_seopress_titles_desc":"","_seopress_robots_index":"","_et_pb_use_builder":"","_et_pb_old_content":"","_et_gb_content_width":"","footnotes":""},"categories":[904,46],"tags":[3346,3199],"class_list":["post-362307","post","type-post","status-publish","format-standard","has-post-thumbnail","hentry","category-focolare-worldwide-2-2","category-sin-categorizar","tag-notifiche-es","tag-ppg-es"],"_links":{"self":[{"href":"https:\/\/www.focolare.org\/es\/wp-json\/wp\/v2\/posts\/362307","targetHints":{"allow":["GET"]}}],"collection":[{"href":"https:\/\/www.focolare.org\/es\/wp-json\/wp\/v2\/posts"}],"about":[{"href":"https:\/\/www.focolare.org\/es\/wp-json\/wp\/v2\/types\/post"}],"author":[{"embeddable":true,"href":"https:\/\/www.focolare.org\/es\/wp-json\/wp\/v2\/users\/33"}],"replies":[{"embeddable":true,"href":"https:\/\/www.focolare.org\/es\/wp-json\/wp\/v2\/comments?post=362307"}],"version-history":[{"count":0,"href":"https:\/\/www.focolare.org\/es\/wp-json\/wp\/v2\/posts\/362307\/revisions"}],"wp:featuredmedia":[{"embeddable":true,"href":"https:\/\/www.focolare.org\/es\/wp-json\/wp\/v2\/media\/362297"}],"wp:attachment":[{"href":"https:\/\/www.focolare.org\/es\/wp-json\/wp\/v2\/media?parent=362307"}],"wp:term":[{"taxonomy":"category","embeddable":true,"href":"https:\/\/www.focolare.org\/es\/wp-json\/wp\/v2\/categories?post=362307"},{"taxonomy":"post_tag","embeddable":true,"href":"https:\/\/www.focolare.org\/es\/wp-json\/wp\/v2\/tags?post=362307"}],"curies":[{"name":"wp","href":"https:\/\/api.w.org\/{rel}","templated":true}]}}