{"id":364795,"date":"2024-11-01T00:06:00","date_gmt":"2024-10-31T23:06:00","guid":{"rendered":"https:\/\/www.focolare.org\/?p=364795"},"modified":"2024-11-01T16:07:28","modified_gmt":"2024-11-01T15:07:28","slug":"esta-viuda-en-cambio-ha-echado-todo-cuanto-poseia-todo-lo-que-tenia-para-vivir-mc-12-44","status":"publish","type":"post","link":"https:\/\/www.focolare.org\/es\/esta-viuda-en-cambio-ha-echado-todo-cuanto-poseia-todo-lo-que-tenia-para-vivir-mc-12-44\/","title":{"rendered":"\u00abEsta viuda, en cambio, ha echado todo cuanto pose\u00eda, todo lo que ten\u00eda para vivir\u00bb (Mc 12, 44)."},"content":{"rendered":"\n<p>Estamos en la conclusi\u00f3n del cap\u00edtulo 12 del Evangelio de Marcos. Jes\u00fas est\u00e1 en el templo de Jerusal\u00e9n; observa y ense\u00f1a. A trav\u00e9s de su mirada asistimos a una escena llena de personajes: gente que va y viene, encargados del culto, notables de largos ropajes, hombres ricos que echan sus magn\u00edficas ofrendas en el tesoro del templo.  <\/p>\n\n<p>Entonces se adelanta una mujer viuda; forma parte de una categor\u00eda de personas necesitadas social y econ\u00f3micamente. Ante la indiferencia general, echa en el tesoro dos moneditas. Pero Jes\u00fas s\u00ed repara en ella, llama a sus disc\u00edpulos y les ense\u00f1a:  <\/p>\n\n<p><strong>\u00abEsta viuda, en cambio, ha echado todo cuanto pose\u00eda, todo lo que ten\u00eda para vivir\u00bb.<\/strong><\/p>\n\n<p>\u00abOs digo de verdad\u2026\u00bb son las palabras que introducen las ense\u00f1anzas importantes. La mirada de Jes\u00fas, concentrada en la pobre mujer viuda, nos invita a mirar en la misma direcci\u00f3n: ella es el modelo de disc\u00edpulo. <\/p>\n\n<p>Su fe en el amor de Dios es incondicional; su tesoro es Dios mismo. Y al entregarse totalmente a \u00c9l, desea adem\u00e1s dar todo lo que puede para quienes son m\u00e1s pobres.<br\/>En cierto modo, este abandonarse con confianza en el Padre es un anticipo del don de s\u00ed mismo que Jes\u00fas pronto cumplir\u00e1 con su pasi\u00f3n y muerte. Es esa \u00abpobreza de esp\u00edritu\u00bb y \u00abpureza de coraz\u00f3n\u00bb que Jes\u00fas proclam\u00f3 y vivi\u00f3.   <\/p>\n\n<p>Significa \u00abponer nuestra confianza no en las riquezas, sino en el amor de Dios y en su providencia. [\u2026] Somos \u201cpobres de esp\u00edritu\u201d cuando nos dejamos guiar por el amor a los dem\u00e1s. Entonces compartimos y ponemos a disposici\u00f3n de todos los necesitados lo que tenemos: una sonrisa, nuestro tiempo, nuestros bienes, nuestras capacidades. Cuando lo hemos dado todo por amor, somos pobres, es decir, estamos vac\u00edos, somos nada, libres, tenemos el coraz\u00f3n puro\u00bb<a href=\"#_ftn1\" id=\"_ftnref1\"> [1].<\/a><\/p>\n\n<p>La propuesta de Jes\u00fas da un vuelco a nuestra mentalidad; en el centro de sus pensamientos est\u00e1 el peque\u00f1o, el pobre, el \u00faltimo.<\/p>\n\n<p><strong>\u00abEsta viuda, en cambio, ha echado todo cuanto pose\u00eda, todo lo que ten\u00eda para vivir\u00bb.<\/strong><\/p>\n\n<p>Esta Palabra de vida nos invita ante todo a renovar nuestra plena confianza en el amor de Dios y a dejarnos interpelar por su mirada para ver m\u00e1s all\u00e1 de las apariencias, sin juzgar ni depender del juicio de los dem\u00e1s; a valorar la parte positiva de cada persona.<\/p>\n\n<p>Nos sugiere el darnos totalmente como l\u00f3gica evang\u00e9lica que edifica una comunidad pacificada, porque nos empuja a cuidar los unos de los otros. Nos alienta a vivir el Evangelio en el d\u00eda a d\u00eda, sin alardear; a dar con abundancia y confianza; a vivir con sobriedad, compartiendo. Nos reclama prestar atenci\u00f3n a los \u00faltimos, para aprender de ellos.  <\/p>\n\n<p>Venant, nacido y crecido en Burundi, cuenta: \u00abEn mi pueblo, mi familia pod\u00eda presumir de una buena tierra y de una buena cosecha. Sabiendo que todo es providencia del cielo, mi madre recog\u00eda las primicias y las repart\u00eda puntualmente entre los vecinos, empezando por las familias m\u00e1s necesitadas, y a nosotros nos destinaba solo una parte de lo que quedaba. De este ejemplo aprend\u00ed el valor de dar sin inter\u00e9s. As\u00ed he entendido que Dios me ped\u00eda darle a \u00c9l la mejor parte, darle incluso toda mi vida\u00bb. <\/p>\n\n<p class=\"has-text-align-right\">Letizia Magri y el equipo de la Palabra de Vida<\/p>\n\n<p><\/p>\n\n<hr class=\"wp-block-separator has-alpha-channel-opacity\"\/>\n\n<p><em>\u00a9 Foto: Leonard Mukooli &#8211; Pixabay<\/em><\/p>\n\n<p class=\"has-small-font-size\"><a href=\"#_ftnref1\" id=\"_ftn1\">[1] <\/a>Cf. C. LUBICH, \u00ab<em>Palabra de vida<\/em>\u00bb, noviembre de 2003, en Ciudad Nueva n. 403 (11\/2003), 22-23.<\/p>\n\n<p class=\"has-small-font-size\"><\/p>\n","protected":false},"excerpt":{"rendered":"<p>Palabra de Vida &#8211; Noviembre 2024<\/p>\n","protected":false},"author":33,"featured_media":364782,"comment_status":"open","ping_status":"open","sticky":false,"template":"","format":"standard","meta":{"give_campaign_id":0,"_seopress_robots_primary_cat":"","_seopress_titles_title":"","_seopress_titles_desc":"","_seopress_robots_index":"","_et_pb_use_builder":"","_et_pb_old_content":"","_et_gb_content_width":"","footnotes":""},"categories":[95],"tags":[3346,3199],"class_list":["post-364795","post","type-post","status-publish","format-standard","has-post-thumbnail","hentry","category-palabra-de-vida","tag-notifiche-es","tag-ppg-es"],"_links":{"self":[{"href":"https:\/\/www.focolare.org\/es\/wp-json\/wp\/v2\/posts\/364795","targetHints":{"allow":["GET"]}}],"collection":[{"href":"https:\/\/www.focolare.org\/es\/wp-json\/wp\/v2\/posts"}],"about":[{"href":"https:\/\/www.focolare.org\/es\/wp-json\/wp\/v2\/types\/post"}],"author":[{"embeddable":true,"href":"https:\/\/www.focolare.org\/es\/wp-json\/wp\/v2\/users\/33"}],"replies":[{"embeddable":true,"href":"https:\/\/www.focolare.org\/es\/wp-json\/wp\/v2\/comments?post=364795"}],"version-history":[{"count":0,"href":"https:\/\/www.focolare.org\/es\/wp-json\/wp\/v2\/posts\/364795\/revisions"}],"wp:featuredmedia":[{"embeddable":true,"href":"https:\/\/www.focolare.org\/es\/wp-json\/wp\/v2\/media\/364782"}],"wp:attachment":[{"href":"https:\/\/www.focolare.org\/es\/wp-json\/wp\/v2\/media?parent=364795"}],"wp:term":[{"taxonomy":"category","embeddable":true,"href":"https:\/\/www.focolare.org\/es\/wp-json\/wp\/v2\/categories?post=364795"},{"taxonomy":"post_tag","embeddable":true,"href":"https:\/\/www.focolare.org\/es\/wp-json\/wp\/v2\/tags?post=364795"}],"curies":[{"name":"wp","href":"https:\/\/api.w.org\/{rel}","templated":true}]}}