{"id":365694,"date":"2024-10-30T05:00:00","date_gmt":"2024-10-30T04:00:00","guid":{"rendered":"https:\/\/www.focolare.org\/?p=365694"},"modified":"2024-10-30T10:06:42","modified_gmt":"2024-10-30T09:06:42","slug":"evangelio-vivido-el-que-quiera-ser-grande-que-se-haga-servidor-de-ustedes-y-el-quequiera-ser-el-primero-que-se-haga-servidor-de-todos","status":"publish","type":"post","link":"https:\/\/www.focolare.org\/es\/evangelio-vivido-el-que-quiera-ser-grande-que-se-haga-servidor-de-ustedes-y-el-quequiera-ser-el-primero-que-se-haga-servidor-de-todos\/","title":{"rendered":"Evangelio vivido: \u201cEl que quiera ser grande, que se haga servidor de ustedes&#8230;\u201d"},"content":{"rendered":"\n<p><strong>En la sala de espera<\/strong><\/p>\n\n<p>Hace algunos meses se me diagnostic\u00f3 un tumor. El m\u00e9dico aconsej\u00f3 empezar un tratamiento alternativo, para luego terminar con la radioterapia. <\/p>\n\n<p>Cuando lleg\u00f3 mi primer d\u00eda del ciclo de radioterapia me encontraba en una gran sala de espera, con muchos pacientes; yo los ve\u00eda con la cabeza gacha\u2026 Present\u00e9 mi tarjeta magn\u00e9tica para anunciarme, pero me qued\u00e9 de pie, porque ya no quedaban sillas. \u00c9se fue el momento m\u00e1s fuerte, pero abrac\u00e9 y acept\u00e9 el dolor que me provocaba esa situaci\u00f3n. Al segundo d\u00eda, le ped\u00ed a Dios que me diese la fuerza y empec\u00e9 a hablar con uno, dos y hasta tres pacientes, pregunt\u00e1ndoles de d\u00f3nde ven\u00edan, c\u00f3mo les hab\u00eda ido en el viaje para llegar hasta all\u00ed, dado que ven\u00edan de diferentes sitios. Por todo ello, d\u00eda tras d\u00eda, la sala de espera se transform\u00f3 en un ambiente de alegr\u00eda. Respir\u00e1bamos otro clima, que eran el amor, la paciencia y la templanza. Empezamos a tratarnos usando sobrenombres que nos adjudicamos, inspir\u00e1ndonos en personajes famosos. En mi \u00faltimo d\u00eda de tratamiento, llev\u00e9 algo dulce para todos, nos pusimos sombreros para hacernos fotograf\u00edas; y por \u00faltimo pusimos la mano derecha en el centro para hacer un pacto de hermandad \u201chasta que la muerte nos separe\u201d.     <\/p>\n\n<p>La doctora directora del servicio me llam\u00f3 para darme el informe m\u00e9dico que ten\u00eda que llevarle al especialista. Me salud\u00f3 con un abrazo y un beso, y me dijo: \u201c\u00a1C\u00f3mo te vamos a echar de menos! Porque nos has hecho re\u00edr mucho\u2026 te o\u00eda siempre desde mi consultorio\u201d. Cuando sal\u00ed, en la sala de espera, estaban todos de pie y me aplaud\u00edan. Ca\u00edan las l\u00e1grimas; salud\u00e9 a todos y cuando llegu\u00e9 a la calle dije para mis adentros: \u201c\u00a1Qu\u00e9 bonito es poner en pr\u00e1ctica las palabras del Evangelio. Con un poco de amor, todo se transforma\u201d.  <\/p>\n\n<p>J.J.A<\/p>\n\n<p><strong>El empleado<\/strong><\/p>\n\n<p>En la f\u00e1brica necesit\u00e1bamos a alguien que se ocupase de la limpieza, de la cocina, de los ba\u00f1os y de otros espacios comunes.<\/p>\n\n<p>Durante mi horario de trabajo, tengo que hablar bastante tiempo por el tel\u00e9fono m\u00f3vil y, si puedo, aprovecho para pasear; de esa forma puedo estar al sol por un rato. Un d\u00eda, sal\u00ed del trabajo dispuesto a encontrar a alguien por la zona que pudiera realizar la limpieza. A poco distancia de all\u00ed, hab\u00eda un se\u00f1or anciano en la puerta de su casa que cortaba el c\u00e9sped y aprovech\u00e9 para acercarme a \u00e9l. Me present\u00e9 y le dije que est\u00e1bamos buscando a alguien que nos diese una mano con la limpieza. Y que tal vez \u00e9l conociera a alguien que estuviese buscando trabajo.   <\/p>\n\n<p>Me mir\u00f3 y me dijo que su hijo pod\u00eda hacer ese trabajo. Le respond\u00ed: \u201cPerfecto, d\u00edgale que venga ma\u00f1ana\u201d. Despu\u00e9s me explic\u00f3 que el muchacho ten\u00eda esclerosis m\u00faltiple. \u201cD\u00edgale que venga ma\u00f1ana\u201d, insist\u00ed.   <\/p>\n\n<p>Al d\u00eda siguiente se present\u00f3 Mauro, un hombre de 36 a\u00f1os. Me dijo que hab\u00eda entrado a formar parte de un programa de investigaci\u00f3n por el cual se le inyectaba un f\u00e1rmaco especial una vez a la semana y que ello lo dejaba muy d\u00e9bil al d\u00eda siguiente, adem\u00e1s de que el tratamiento no era siempre el mismo d\u00eda. Tambi\u00e9n me dijo que justamente por ese tema era dif\u00edcil para \u00e9l encontrar trabajo.  <\/p>\n\n<p>Mauro est\u00e1 con nosotros desde hace cinco meses. No s\u00f3lo desempe\u00f1a las tareas de limpieza que le hemos encomendado, sino que tambi\u00e9n se ocupa del jard\u00edn y del mantenimiento, entre varias otras cosas. <\/p>\n\n<p>La reciprocidad, dar y recibir, la comuni\u00f3n y la valorizaci\u00f3n de la persona son la mejor manera como quiero vivir y trabajar.<\/p>\n\n<p>V.C.P.<\/p>\n\n<p class=\"has-text-align-right\"><em>A cargo de Carlos Mana<\/em><\/p>\n\n<p class=\"has-small-font-size\"><em>Foto<\/em>:<em>\u00a9 Truthseeker08 &#8211; Pixabay<\/em><\/p>\n","protected":false},"excerpt":{"rendered":"<p>Tratando de poner en pr\u00e1ctica las palabras del Evangelio, en cualquier situaci\u00f3n en que nos encontremos, podemos ponernos al servicio de nuestro hermano.<\/p>\n","protected":false},"author":33,"featured_media":365686,"comment_status":"open","ping_status":"open","sticky":false,"template":"","format":"standard","meta":{"give_campaign_id":0,"_seopress_robots_primary_cat":"","_seopress_titles_title":"","_seopress_titles_desc":"","_seopress_robots_index":"","_et_pb_use_builder":"","_et_pb_old_content":"","_et_gb_content_width":"","footnotes":""},"categories":[3289,3311],"tags":[3346,3199],"class_list":["post-365694","post","type-post","status-publish","format-standard","has-post-thumbnail","hentry","category-testimonianze-di-vita-es","category-vite-vissute-es","tag-notifiche-es","tag-ppg-es"],"_links":{"self":[{"href":"https:\/\/www.focolare.org\/es\/wp-json\/wp\/v2\/posts\/365694","targetHints":{"allow":["GET"]}}],"collection":[{"href":"https:\/\/www.focolare.org\/es\/wp-json\/wp\/v2\/posts"}],"about":[{"href":"https:\/\/www.focolare.org\/es\/wp-json\/wp\/v2\/types\/post"}],"author":[{"embeddable":true,"href":"https:\/\/www.focolare.org\/es\/wp-json\/wp\/v2\/users\/33"}],"replies":[{"embeddable":true,"href":"https:\/\/www.focolare.org\/es\/wp-json\/wp\/v2\/comments?post=365694"}],"version-history":[{"count":0,"href":"https:\/\/www.focolare.org\/es\/wp-json\/wp\/v2\/posts\/365694\/revisions"}],"wp:featuredmedia":[{"embeddable":true,"href":"https:\/\/www.focolare.org\/es\/wp-json\/wp\/v2\/media\/365686"}],"wp:attachment":[{"href":"https:\/\/www.focolare.org\/es\/wp-json\/wp\/v2\/media?parent=365694"}],"wp:term":[{"taxonomy":"category","embeddable":true,"href":"https:\/\/www.focolare.org\/es\/wp-json\/wp\/v2\/categories?post=365694"},{"taxonomy":"post_tag","embeddable":true,"href":"https:\/\/www.focolare.org\/es\/wp-json\/wp\/v2\/tags?post=365694"}],"curies":[{"name":"wp","href":"https:\/\/api.w.org\/{rel}","templated":true}]}}