{"id":367426,"date":"2024-11-27T00:05:00","date_gmt":"2024-11-26T23:05:00","guid":{"rendered":"https:\/\/www.focolare.org\/?p=367426"},"modified":"2024-11-27T00:07:19","modified_gmt":"2024-11-26T23:07:19","slug":"evangelio-vivido-en-su-pobreza-ha-puesto-todo-lo-que-tenia-para-vivir-mc-1244","status":"publish","type":"post","link":"https:\/\/www.focolare.org\/es\/evangelio-vivido-en-su-pobreza-ha-puesto-todo-lo-que-tenia-para-vivir-mc-1244\/","title":{"rendered":"Evangelio vivido: \u201cEn su pobreza ha puesto todo lo que ten\u00eda para vivir\u201d (Mc 12,44)"},"content":{"rendered":"\n<p class=\"has-text-color has-link-color has-medium-font-size wp-elements-60c98cb159b4120e5db4c243d4191c37\" style=\"color:#5e0d0d\"><strong>Amabilidad<\/strong><\/p>\n\n<p>Esta ma\u00f1ana, mientras estaba comprando en el supermercado, pas\u00e9 junto a un carrito grande donde una empleada estaba apilando cajas y vi que dos de ellas estaban en el suelo.<\/p>\n\n<p>Temiendo haberlas dejado caer sin darme cuenta, me disculp\u00e9, luego recog\u00ed las cajas y las coloqu\u00e9 en el carrito.<\/p>\n\n<p>La empleada me agradeci\u00f3 y me dijo que no me preocupara. Luego, haciendo un comentario en voz alta, a\u00f1adi\u00f3: \u201c\u00a1La amabilidad es rara!\u201d. Otra persona que pasaba cerca confirm\u00f3: \u201c\u00a1Es realmente cierto!\u201d. Entonces la dependienta le cont\u00f3, a modo de explicaci\u00f3n, lo sucedido.   <\/p>\n\n<p>Por mi parte, estaba feliz, tambi\u00e9n porque este peque\u00f1o episodio me recordaba una frase que escuch\u00e9 hace alg\u00fan tiempo y que me llam\u00f3 la atenci\u00f3n: nos invitaba a \u201csembrar amabilidad\u201d. Me pareci\u00f3 una \u201ccaricia\u201d de Dios. <\/p>\n\n<p>G.S. \u2013 Italia (*)<\/p>\n\n<p class=\"has-text-color has-link-color has-medium-font-size wp-elements-081756fa6727bbe48ef3824cce4f8b6b\" style=\"color:#5e0d0d\"><strong>Sanar relaciones<\/strong><\/p>\n\n<p>Tengo un hermano, cristiano cat\u00f3lico, que se cas\u00f3 con una mujer alemana de la Iglesia Evang\u00e9lica. Cuando se establecieron en Italia, la relaci\u00f3n entre mi madre y mi cu\u00f1ada no fue f\u00e1cil, aunque ella no se opon\u00eda a que sus hijos fueran educados en la Iglesia cat\u00f3lica. En cuanto a m\u00ed, trat\u00e9 de ser un \u201cmediador\u201d entre ella y mi madre. Mi cu\u00f1ada tambi\u00e9n sufr\u00eda por la incomprensi\u00f3n, que sin embargo se solucion\u00f3 poco antes de la muerte de nuestra madre. Desde hace un tiempo comparto con ella diariamente, v\u00eda WhatsApp, el \u201cpensamiento del d\u00eda\u201d que nos ayuda a vivir cada d\u00eda el amor evang\u00e9lico. Un d\u00eda nos invit\u00f3 a \u201cser misericordiosos\u201d, con este breve comentario: \u201cLa misericordia es un amor que sabe acoger a cada pr\u00f3jimo, especialmente a los m\u00e1s pobres y necesitados. Un amor que no mide, abundante, universal, concreto\u201d. Su respuesta no se hizo esperar: \u201cSi te he hecho sentir mal en cualquier circunstancia en los \u00faltimos a\u00f1os, perd\u00f3name\u201d. Sorprendida, respond\u00ed a mi vez: \u201cYo tambi\u00e9n me disculpo\u201d. Y ella: \u201cNo recuerdo ning\u00fan episodio por el que deba disculparte\u2026\u201d.        <\/p>\n\n<p>C. \u2013 Italia (*)<\/p>\n\n<p class=\"has-text-color has-link-color has-medium-font-size wp-elements-37ad5a5f232ffefcfb4e126c5c6bf5e4\" style=\"color:#5e0d0d\"><strong>Llamados y testigos<\/strong><\/p>\n\n<p>Una persona muy querida me pidi\u00f3 que escribiera algo sobre mi experiencia como docente para un conocido suyo de otro pa\u00eds que estaba haciendo un proyecto sobre educaci\u00f3n en valores.<\/p>\n\n<p>Entend\u00ed que era una oportunidad para transformar en testimonio y \u201canuncio\u201d lo que, de alguna manera, ha sido, a lo largo de mi vida, mi respuesta personal al \u201cllamado\u201d a vivir seg\u00fan las ense\u00f1anzas del Evangelio como docente y como madre.<\/p>\n\n<p>La redacci\u00f3n requiri\u00f3 muchas horas de escritura, borrando, corrigiendo, reescribiendo, recordando aspectos que podr\u00eda agregar, eliminando otros que me parec\u00edan irrelevantes y, sobre todo, filtrando cada palabra con amor. Intent\u00e9 ponerme en el lugar de la persona para quien escrib\u00eda, porque, aunque no la conoc\u00eda, pod\u00eda amar a Jes\u00fas en ella. <\/p>\n\n<p>Se lo envi\u00e9 a mi amiga, sabiendo que tal vez no era exactamente lo que necesitaba, pero dispuesta para cambiarlo todo.<\/p>\n\n<p>Para mi sorpresa, ella respondi\u00f3: \u201cYa envi\u00e9 tu carta y gust\u00f3 mucho\u201d. Sin duda, no fue la escritura en s\u00ed lo que gust\u00f3, sino la obra que Dios hizo en m\u00ed y que, compartida, puede ser una peque\u00f1a luz para los dem\u00e1s. <\/p>\n\n<p>Y por supuesto, las otras cosas que necesitaba hacer en esos d\u00edas fueron f\u00e1ciles de solucionar, ya que hubo algunos cambios de programa que me dejaron tiempo libre para hacerlas.<\/p>\n\n<p>C.M. \u2013 Argentina<\/p>\n\n<p class=\"has-text-align-right\"><em>Carlos Mana<br \/>Foto \u00a9 StockSnap-Pixabay<\/em><\/p>\n\n<p><em>(*) De \u201cIl Vangelo del giorno\u201d noviembre-diciembre, Citt\u00e0 Nuova, Roma 2024.<\/em><\/p>\n","protected":false},"excerpt":{"rendered":"<p>El Evangelio, si queremos vivirlo, nos pide que pongamos todo lo que tenemos, nuestra inteligencia, nuestras capacidades, nuestro coraz\u00f3n y nuestras manos para tender la mano a nuestros hermanos y hermanas. Peque\u00f1os gestos que muchas veces pueden ayudar a reconstruir relaciones o incluso simplemente enriquecer nuestros d\u00edas con amabilidad.  <\/p>\n","protected":false},"author":34,"featured_media":367417,"comment_status":"open","ping_status":"open","sticky":false,"template":"","format":"standard","meta":{"give_campaign_id":0,"_seopress_robots_primary_cat":"","_seopress_titles_title":"","_seopress_titles_desc":"","_seopress_robots_index":"","_et_pb_use_builder":"","_et_pb_old_content":"","_et_gb_content_width":"","footnotes":""},"categories":[3094,3289],"tags":[3346,3199,3302],"class_list":["post-367426","post","type-post","status-publish","format-standard","has-post-thumbnail","hentry","category-sociale-4","category-testimonianze-di-vita-es","tag-notifiche-es","tag-ppg-es","tag-testimonianze-es"],"_links":{"self":[{"href":"https:\/\/www.focolare.org\/es\/wp-json\/wp\/v2\/posts\/367426","targetHints":{"allow":["GET"]}}],"collection":[{"href":"https:\/\/www.focolare.org\/es\/wp-json\/wp\/v2\/posts"}],"about":[{"href":"https:\/\/www.focolare.org\/es\/wp-json\/wp\/v2\/types\/post"}],"author":[{"embeddable":true,"href":"https:\/\/www.focolare.org\/es\/wp-json\/wp\/v2\/users\/34"}],"replies":[{"embeddable":true,"href":"https:\/\/www.focolare.org\/es\/wp-json\/wp\/v2\/comments?post=367426"}],"version-history":[{"count":0,"href":"https:\/\/www.focolare.org\/es\/wp-json\/wp\/v2\/posts\/367426\/revisions"}],"wp:featuredmedia":[{"embeddable":true,"href":"https:\/\/www.focolare.org\/es\/wp-json\/wp\/v2\/media\/367417"}],"wp:attachment":[{"href":"https:\/\/www.focolare.org\/es\/wp-json\/wp\/v2\/media?parent=367426"}],"wp:term":[{"taxonomy":"category","embeddable":true,"href":"https:\/\/www.focolare.org\/es\/wp-json\/wp\/v2\/categories?post=367426"},{"taxonomy":"post_tag","embeddable":true,"href":"https:\/\/www.focolare.org\/es\/wp-json\/wp\/v2\/tags?post=367426"}],"curies":[{"name":"wp","href":"https:\/\/api.w.org\/{rel}","templated":true}]}}