{"id":369002,"date":"2024-12-17T17:00:00","date_gmt":"2024-12-17T16:00:00","guid":{"rendered":"https:\/\/www.focolare.org\/?p=369002"},"modified":"2024-12-17T17:11:36","modified_gmt":"2024-12-17T16:11:36","slug":"chiara-lubich-una-cultura-de-paz-para-la-unidad-de-los-pueblos","status":"publish","type":"post","link":"https:\/\/www.focolare.org\/es\/chiara-lubich-una-cultura-de-paz-para-la-unidad-de-los-pueblos\/","title":{"rendered":"Chiara Lubich: Una cultura de paz para la unidad de los pueblos"},"content":{"rendered":"\n<figure class=\"wp-block-embed is-type-video is-provider-youtube wp-block-embed-youtube wp-embed-aspect-16-9 wp-has-aspect-ratio\"><div class=\"wp-block-embed__wrapper\">\n<iframe loading=\"lazy\" title=\"Una cultura de paz para la unidad de los pueblos\" width=\"1080\" height=\"608\" src=\"https:\/\/www.youtube.com\/embed\/FFSPbxYi498?feature=oembed\"  allow=\"accelerometer; autoplay; clipboard-write; encrypted-media; gyroscope; picture-in-picture; web-share\" referrerpolicy=\"strict-origin-when-cross-origin\" allowfullscreen><\/iframe>\n<\/div><\/figure>\n\n\n\n<div style=\"height:47px\" aria-hidden=\"true\" class=\"wp-block-spacer\"><\/div>\n\n\n\n<p>[&#8230;] Estar convencidos de que, para que la civilizaci\u00f3n del amor sea una realidad, hay que hacer estallar en el mundo una corriente de amor que lo invada; sin ella todo queda a nivel de un sue\u00f1o, y est\u00e1 destinada a morir. <br>[\u2026] El amor. Ense\u00f1ar a amar. Pero sabe amar realmente quien se sabe sinceramente amado. Esta es una constataci\u00f3n humana, pero no es menos v\u00e1lida en el \u00e1mbito sobrenatural. <br>Saber que somos amados. \u00bfPor qui\u00e9n? Por Aquel que es el Amor. Tenemos que abrir los ojos al mayor n\u00famero posible de nuestros hermanos para que vean, descubran la fortuna que poseen, a menudo sin saberlo. No est\u00e1n solos en esta tierra. Existe el Amor; tienen un Padre que no abandona a los hijos a su destino, sino que quiere acompa\u00f1arlos, custodiarlos, ayudarlos. Es un Padre que no carga pesos insoportables sobre los hombros de los dem\u00e1s, sino que es el primero en llevarlos; en nuestro caso: que no deja la renovaci\u00f3n de la sociedad solo a la iniciativa de los hombres, sino que es el primero en ocuparse de ella. Es necesario que los hombres lo sepan y recurran a \u00c9l conscientes de que nada le es imposible. Creer, pues, que somos amados por Dios para poder lanzarnos con mayor fe a la aventura del amor y trabajar junto a \u00c9l por una Nueva Humanidad. <br>Despu\u00e9s, poner al hombre en el centro de nuestros intereses y compartir con \u00e9l desgracias y \u00e9xitos, bienes espirituales y materiales. Y, para amar bien, no ver en las dificultades y distorsiones y sufrimientos del mundo solo males sociales que hay que remediar, sino descubrir en ellos el rostro de Cristo, que no desde\u00f1a esconderse bajo cada miseria humana. \u00c9l es el resorte que desencadena las mejores energ\u00edas de nuestro ser \u2500especialmente de los cristianos\u2500 en favor del hombre. <br>Y puesto que el amor del que hablamos ciertamente no es solo filantrop\u00eda, ni solo amistad, ni pura solidaridad humana, sino sobre todo un don que viene de lo Alto, ponerse en la mejor disposici\u00f3n para adquirirlo, alimentarse y vivir de la Palabra de Dios. [&#8230;] <br>Y que cada uno en su peque\u00f1o o gran mundo cotidiano, en la familia, en la oficina, en la f\u00e1brica, en el sindicato, en lo vivo de los problemas locales y generales, en las instituciones p\u00fablicas de la ciudad o de m\u00e1s grandes dimensiones, hasta la ONU, sea verdaderamente constructor de paz, testigo del amor, factor de unidad.               <\/p>\n\n\n\n<p class=\"has-text-align-right\"><em>Chiara Lubich<\/em><br><em>Foto: \u00a9 Genfest 2024 &#8211; CSC Audiovisivi<\/em><\/p>\n","protected":false},"excerpt":{"rendered":"<p>\u201cCreer, pues, que Dios nos ama, para poder lanzarnos con mayor fe en la aventura del amor y trabajar junto a \u00c9l por una Nueva Humanidad\u201d. Es lo que afirm\u00f3 Chiara Lubich, fundadora del Movimiento de los Focolares, durante un Congreso internacional en Castel Gandolfo (Roma-Italia) el 11 de junio de 1988. <\/p>\n","protected":false},"author":34,"featured_media":368975,"comment_status":"open","ping_status":"open","sticky":false,"template":"","format":"standard","meta":{"give_campaign_id":0,"_seopress_robots_primary_cat":"","_seopress_titles_title":"","_seopress_titles_desc":"","_seopress_robots_index":"","_et_pb_use_builder":"","_et_pb_old_content":"","_et_gb_content_width":"","footnotes":""},"categories":[2999,2996,3000],"tags":[559,912,320,913],"class_list":["post-369002","post","type-post","status-publish","format-standard","has-post-thumbnail","hentry","category-chiara-lubich-5","category-cultura-4","category-spiritualita-4","tag-nuova-umanita","tag-notifiche","tag-pace","tag-ppg"],"_links":{"self":[{"href":"https:\/\/www.focolare.org\/es\/wp-json\/wp\/v2\/posts\/369002","targetHints":{"allow":["GET"]}}],"collection":[{"href":"https:\/\/www.focolare.org\/es\/wp-json\/wp\/v2\/posts"}],"about":[{"href":"https:\/\/www.focolare.org\/es\/wp-json\/wp\/v2\/types\/post"}],"author":[{"embeddable":true,"href":"https:\/\/www.focolare.org\/es\/wp-json\/wp\/v2\/users\/34"}],"replies":[{"embeddable":true,"href":"https:\/\/www.focolare.org\/es\/wp-json\/wp\/v2\/comments?post=369002"}],"version-history":[{"count":0,"href":"https:\/\/www.focolare.org\/es\/wp-json\/wp\/v2\/posts\/369002\/revisions"}],"wp:featuredmedia":[{"embeddable":true,"href":"https:\/\/www.focolare.org\/es\/wp-json\/wp\/v2\/media\/368975"}],"wp:attachment":[{"href":"https:\/\/www.focolare.org\/es\/wp-json\/wp\/v2\/media?parent=369002"}],"wp:term":[{"taxonomy":"category","embeddable":true,"href":"https:\/\/www.focolare.org\/es\/wp-json\/wp\/v2\/categories?post=369002"},{"taxonomy":"post_tag","embeddable":true,"href":"https:\/\/www.focolare.org\/es\/wp-json\/wp\/v2\/tags?post=369002"}],"curies":[{"name":"wp","href":"https:\/\/api.w.org\/{rel}","templated":true}]}}