{"id":369445,"date":"2024-12-29T00:03:00","date_gmt":"2024-12-28T23:03:00","guid":{"rendered":"https:\/\/www.focolare.org\/?p=369445"},"modified":"2024-12-29T08:58:05","modified_gmt":"2024-12-29T07:58:05","slug":"la-familia-de-nazaret-sea-fuente-de-inspiracion-y-esperanza","status":"publish","type":"post","link":"https:\/\/www.focolare.org\/es\/la-familia-de-nazaret-sea-fuente-de-inspiracion-y-esperanza\/","title":{"rendered":"La familia de Nazaret sea fuente de inspiraci\u00f3n y esperanza"},"content":{"rendered":"\n<p><strong>\u201cSiembren ante todo el Evangelio que es buena noticia, para ser cre\u00edbles en un tiempo desgarrado por las discordias y los conflictos, donde la paz parece ya un sue\u00f1o inalcanzable\u201d.<\/strong> Una invitaci\u00f3n fuerte que el <strong>Papa Francisco<\/strong> dirigi\u00f3 a las familias-focolar a trav\u00e9s de una larga carta. El 27 de octubre de 2024 en el Centro Mari\u00e1polis de Castel Gandolfo (Italia), Margaret Karram, presidenta de los Focolares, al reunirse precisamente con las familias-focolar j\u00f3venes les ley\u00f3 el mensaje que hab\u00eda recibido del Papa: una maravillosa sorpresa dirigida justamente a ellas. Las familias-focolar tienen la caracter\u00edstica de que ambos c\u00f3nyuges son focolarinos casados. En el mundo actualmente son 130 las j\u00f3venes familias-focolar que se unen a las numerosas familias que viven la espiritualidad de la unidad que caracteriza al Movimiento de los Focolares.    <\/p>\n\n<p>El encuentro de octubre en Castel Gandolfo fue la \u00faltima etapa de un itinerario de formaci\u00f3n que, en seis etapas, se realiz\u00f3 en distintas regiones del mundo: Polonia, Filipinas, L\u00edbano, Guatemala, Portugal. En la \u00faltima participaron 55 familias provenientes de varios pa\u00edses.  <\/p>\n\n<p>En su extensa carta, el Papa explica que hab\u00eda sido informado \u201cde la importante labor dentro del Movimiento a favor de las familias que han emprendido un singular camino de formaci\u00f3n\u201d. Y agradece a la presidenta \u201cpor hacerme part\u00edcipe de esta emocionante experiencia de fe vivida por numerosas parejas de distintas nacionalidades y expresiones religiosas. Me complace especialmente saber que llevan adelante con alegr\u00eda su apostolado en diversos contextos humanos y sociales, esforz\u00e1ndose con gran pasi\u00f3n por crear armon\u00eda y concordia\u201d. <\/p>\n\n<p>El Papa Francisco pide adem\u00e1s a Margaret Karram que haga llegar su cercan\u00eda espiritual a las familias, exhortando a cada una a ser \u201cinstrumento de amor, manifestando la riqueza de la fraternidad sincera y amorosa\u201d. Un pensamiento lo dirige despu\u00e9s a las familias en crisis \u201cque han perdido el valor de custodiar la belleza del Sacramento recibido\u201d, y tambi\u00e9n a los j\u00f3venes para \u201cno tener miedo del matrimonio ni de sus fragilidades\u201d. <\/p>\n\n<p>Significativa adem\u00e1s, la fecha en la que el Papa quiso escribirla: 26 de julio de 2024, memoria de los santos Joaqu\u00edn y Ana, padres de la Virgen Mar\u00eda. Un gesto no casual para los destinatarios de la carta: las familias. <\/p>\n\n<p>\u201cQueridas familias, al volver a sus casas, reaviven el focolar dom\u00e9stico con la oraci\u00f3n constante; presten o\u00eddo a la voz del Esp\u00edritu Santo que gu\u00eda, ilumina y sostiene el camino de la vida; abran a los que llaman a la puerta para ser escuchados y consolados; ofrezcan siempre el vino de la alegr\u00eda y compartan el buen pan de la comuni\u00f3n. La Sagrada Familia de Nazaret sea fuente de inspiraci\u00f3n y de esperanza en los momentos de prueba, para que puedan ser en todo lugar art\u00edfices de unidad al servicio de la Iglesia y de la humanidad\u201d.<\/p>\n\n<p>Margaret Karram, concluyendo la lectura de la carta dijo: \u201cla he le\u00eddo muchas veces y realmente, al igual que a ustedes, me ha conmovido. Me dije: esto expresa un amor inmenso del Papa por ustedes, justamente por ustedes\u201d.<\/p>\n\n<p>Un preciado regalo que se extiende a todas las familias en el mundo, como una estrella cometa para el camino de cada uno.<\/p>\n\n<p>Aqu\u00ed <a href=\"https:\/\/www.focolare.org\/wp-content\/uploads\/2024\/12\/ES-20240726-Messaggio-del-Papa.pdf\" target=\"_blank\" rel=\"noreferrer noopener\">se puede leer la carta<\/a>.<\/p>\n\n<p class=\"has-text-align-right\"><em>Lorenzo Russo<\/em><\/p>\n\n<p class=\"has-small-font-size\"><em>Foto: \u00a9 <a href=\"https:\/\/pixabay.com\/es\/users\/natik_1123-18324194\/?utm_source=link-attribution&amp;utm_medium=referral&amp;utm_campaign=image&amp;utm_content=5574909\">natik_1123<\/a> en <a href=\"https:\/\/pixabay.com\/es\/\/?utm_source=link-attribution&amp;utm_medium=referral&amp;utm_campaign=image&amp;utm_content=5574909\">Pixabay<\/a><\/em><\/p>\n","protected":false},"excerpt":{"rendered":"<p>Un largo mensaje del Santo Padre dirigido a un grupo de j\u00f3venes familias del Movimiento de los Focolares que participaron en un itinerario de formaci\u00f3n. El Papa exhorta a cada uno a convertirse en instrumento de amor, manifestando la riqueza de la fraternidad sincera y amorosa. <\/p>\n","protected":false},"author":34,"featured_media":369421,"comment_status":"open","ping_status":"open","sticky":false,"template":"","format":"standard","meta":{"give_campaign_id":0,"_seopress_robots_primary_cat":"","_seopress_titles_title":"","_seopress_titles_desc":"","_seopress_robots_index":"","_et_pb_use_builder":"","_et_pb_old_content":"","_et_gb_content_width":"","footnotes":""},"categories":[3027,3629],"tags":[3630,3346,3053,3199],"class_list":["post-369445","post","type-post","status-publish","format-standard","has-post-thumbnail","hentry","category-chiesa-4","category-famiglie-es","tag-famiglia-focolare-es","tag-notifiche-es","tag-papa-francesco-2","tag-ppg-es"],"_links":{"self":[{"href":"https:\/\/www.focolare.org\/es\/wp-json\/wp\/v2\/posts\/369445","targetHints":{"allow":["GET"]}}],"collection":[{"href":"https:\/\/www.focolare.org\/es\/wp-json\/wp\/v2\/posts"}],"about":[{"href":"https:\/\/www.focolare.org\/es\/wp-json\/wp\/v2\/types\/post"}],"author":[{"embeddable":true,"href":"https:\/\/www.focolare.org\/es\/wp-json\/wp\/v2\/users\/34"}],"replies":[{"embeddable":true,"href":"https:\/\/www.focolare.org\/es\/wp-json\/wp\/v2\/comments?post=369445"}],"version-history":[{"count":0,"href":"https:\/\/www.focolare.org\/es\/wp-json\/wp\/v2\/posts\/369445\/revisions"}],"wp:featuredmedia":[{"embeddable":true,"href":"https:\/\/www.focolare.org\/es\/wp-json\/wp\/v2\/media\/369421"}],"wp:attachment":[{"href":"https:\/\/www.focolare.org\/es\/wp-json\/wp\/v2\/media?parent=369445"}],"wp:term":[{"taxonomy":"category","embeddable":true,"href":"https:\/\/www.focolare.org\/es\/wp-json\/wp\/v2\/categories?post=369445"},{"taxonomy":"post_tag","embeddable":true,"href":"https:\/\/www.focolare.org\/es\/wp-json\/wp\/v2\/tags?post=369445"}],"curies":[{"name":"wp","href":"https:\/\/api.w.org\/{rel}","templated":true}]}}