{"id":369476,"date":"2025-01-01T00:06:00","date_gmt":"2024-12-31T23:06:00","guid":{"rendered":"https:\/\/www.focolare.org\/?p=369476"},"modified":"2025-01-02T11:30:42","modified_gmt":"2025-01-02T10:30:42","slug":"creer","status":"publish","type":"post","link":"https:\/\/www.focolare.org\/es\/creer\/","title":{"rendered":"\u00bfCreer?"},"content":{"rendered":"\n<p>En el di\u00e1logo entre personas de diferentes culturas y orientaciones religiosas, un tema recurrente es la pregunta: \u00ab\u00bfse puede tener siempre esperanza? \u00bfY en qu\u00e9?\u00bb.<br\/>Es una pregunta que resuena con mayor intensidad en los momentos de dificultad o ante la derrota o el sufrimiento m\u00e1s atroz o tambi\u00e9n ante las decepciones en un ideal o en un conjunto de valores que nos hab\u00edan fascinado.<br\/>Es precisamente en esos momentos de duda cuando nos sentimos empujados a reconsiderar nuestras propias convicciones, valores y creencias en las que hemos puesto nuestra esperanza y con ellas, encontrar la fuerza para afrontarlas y hacer surgir la grandeza del ser humano, capaz de caer y volver a levantarse, de experimentar la debilidad de forma consciente, sin in\u00fatiles expectativas milagrosas.<br\/>Creer es mucho m\u00e1s que esperar una soluci\u00f3n a nuestros problemas, es m\u00e1s bien un impulso que te permite seguir caminando. La vida, precisamente en esos momentos, puede convertirse misteriosamente en un aut\u00e9ntico regalo.<br\/>Creer en algo que da sentido a la vida no es como aceptar un contrato que se firma una vez y luego no se vuelve a mirar, sino que es un hecho que transforma e impregna cada elecci\u00f3n cotidiana.<br\/>Una peque\u00f1a ayuda para vivir as\u00ed es no pensar en situaciones extremas, que s\u00f3lo pueden asustarnos y bloquearnos, sino afrontar las peque\u00f1as dificultades de cada d\u00eda, comparti\u00e9ndolas con nuestros amigos. De este modo, si no desfallecemos, descubriremos que cada d\u00eda puede proporcionarnos una nueva oportunidad para creer y dar esperanza a qui\u00e9n est\u00e1 a nuestro lado. Es la fuerza de la amistad que busca el bien del otro.<br\/>Cuando todo va bien, es m\u00e1s f\u00e1cil sentirse fuerte y valiente. Pero cuando experimentamos vulnerabilidades es cuando podemos construir algo que no pasa y que permanecer\u00e1 despu\u00e9s de nosotros. Es la convicci\u00f3n que se adquiere cuando se ha compartido la vida con alguien que ha cre\u00eddo m\u00e1s all\u00e1 de todo, que ha luchado y sufrido y que se ha hecho cercano a todos con su amor. Estas personas, despu\u00e9s de terminar su vida en esta tierra, dejan una huella tal y su recuerdo permanece tan vivo que -misteriosamente- nos hace decir, incluso m\u00e1s all\u00e1 de nuestra referencia religiosa o no religiosa: \u00abCreo, creo. \u00a1Seguimos juntos!\u00bb.      <\/p>\n\n<p class=\"has-small-font-size\"><em>Foto \u00a9Sasin Tipchai &#8211; Pixabay<\/em><\/p>\n\n<p class=\"has-small-font-size\"><strong>LA IDEA DEL MES<\/strong>, es elaborada por el \u201cCentro para el di\u00e1logo con personas de convicciones no religiosas\u201d del Movimiento de los Focolares. Se trata de una iniciativa nacida en 2014 en Uruguay para compartir con amigos no creyentes los valores de la <a href=\"https:\/\/www.focolare.org\/es\/crees-esto-jn-11-26\/\">Palabra de Vida<\/a> que es la frase de la Escritura que los miembros del Movimiento se esfuerzan por poner en pr\u00e1ctica en su vida cotidiana.  Actualmente LA IDEA DEL MES es traducida a 12 idiomas y se distribuye en m\u00e1s de 25 pa\u00edses, con adaptaciones del texto seg\u00fan las diferentes sensibilidades culturales. dialogue4unity.focolare.org<\/p>\n","protected":false},"excerpt":{"rendered":"<p>Idea del Mes &#8211; Enero 2025<\/p>\n","protected":false},"author":33,"featured_media":369486,"comment_status":"open","ping_status":"open","sticky":false,"template":"","format":"standard","meta":{"give_campaign_id":0,"_seopress_robots_primary_cat":"","_seopress_titles_title":"","_seopress_titles_desc":"","_seopress_robots_index":"","_et_pb_use_builder":"","_et_pb_old_content":"","_et_gb_content_width":"","footnotes":""},"categories":[3436],"tags":[3346,3199],"class_list":["post-369476","post","type-post","status-publish","format-standard","has-post-thumbnail","hentry","category-idea-del-mes","tag-notifiche-es","tag-ppg-es"],"_links":{"self":[{"href":"https:\/\/www.focolare.org\/es\/wp-json\/wp\/v2\/posts\/369476","targetHints":{"allow":["GET"]}}],"collection":[{"href":"https:\/\/www.focolare.org\/es\/wp-json\/wp\/v2\/posts"}],"about":[{"href":"https:\/\/www.focolare.org\/es\/wp-json\/wp\/v2\/types\/post"}],"author":[{"embeddable":true,"href":"https:\/\/www.focolare.org\/es\/wp-json\/wp\/v2\/users\/33"}],"replies":[{"embeddable":true,"href":"https:\/\/www.focolare.org\/es\/wp-json\/wp\/v2\/comments?post=369476"}],"version-history":[{"count":0,"href":"https:\/\/www.focolare.org\/es\/wp-json\/wp\/v2\/posts\/369476\/revisions"}],"wp:featuredmedia":[{"embeddable":true,"href":"https:\/\/www.focolare.org\/es\/wp-json\/wp\/v2\/media\/369486"}],"wp:attachment":[{"href":"https:\/\/www.focolare.org\/es\/wp-json\/wp\/v2\/media?parent=369476"}],"wp:term":[{"taxonomy":"category","embeddable":true,"href":"https:\/\/www.focolare.org\/es\/wp-json\/wp\/v2\/categories?post=369476"},{"taxonomy":"post_tag","embeddable":true,"href":"https:\/\/www.focolare.org\/es\/wp-json\/wp\/v2\/tags?post=369476"}],"curies":[{"name":"wp","href":"https:\/\/api.w.org\/{rel}","templated":true}]}}