{"id":371539,"date":"2025-02-21T12:23:00","date_gmt":"2025-02-21T11:23:00","guid":{"rendered":"https:\/\/www.focolare.org\/ano-jubilar-tiene-significado-solamente-para-los-catolicos\/"},"modified":"2025-02-21T13:02:06","modified_gmt":"2025-02-21T12:02:06","slug":"ano-jubilar-tiene-significado-solamente-para-los-catolicos","status":"publish","type":"post","link":"https:\/\/www.focolare.org\/es\/ano-jubilar-tiene-significado-solamente-para-los-catolicos\/","title":{"rendered":"A\u00f1o jubilar: \u00bftiene significado solamente para los cat\u00f3licos?"},"content":{"rendered":"\n<p>El A\u00f1o Santo tiene sus ra\u00edces espirituales en la tradici\u00f3n hebraica, en la que se festejaba cada 50 a\u00f1os un \u201cjubileo\u201d que regalaba la libertad a esclavos y prisioneros. En la Iglesia Cat\u00f3lica el Papa Bonifacio VIII proclam\u00f3 por primera vez un A\u00f1o Santo en el 1300. A partir de ese inicio, una \u201cindulgencia\u201d acompa\u00f1a el A\u00f1o Santo, que los fieles \u2013si cumplen con determinadas condiciones\u2013 pueden obtener pasando a trav\u00e9s de la \u201cPuerta Santa\u201d.  <\/p>\n\n<p>Sin embargo, los cristianos luteranos como yo, por lo general, no se sienten bien frente a la palabra \u201cindulgencia\u201d, pues ella nos recuerda el per\u00edodo de la Reforma y el esc\u00e1ndalo de la venta de las indulgencias en la Iglesia Cat\u00f3lica. Esa pr\u00e1ctica fue prohibida ya por el Concilio de Trento y por lo tanto ya no existe. Pero he notado que el t\u00e9rmino \u201cindulgencia\u201d a\u00fan se encuentra cargado de malentendidos entre los creyentes de todas las confesiones: una de las ideas m\u00e1s difundidas es que la indulgencia puede perdonar los pecados de alguien. Pero seg\u00fan la ense\u00f1anza de la Iglesia Cat\u00f3lica no es as\u00ed en absoluto. El perd\u00f3n de los pecados se da \u2013como sucede tambi\u00e9n en la Iglesia Luterana\u2013 a trav\u00e9s de la confesi\u00f3n, la penitencia y la absoluci\u00f3n por parte de un pastor (o una pastora) que act\u00faa en nombre de Jes\u00fas.    <\/p>\n\n<p>Desde mi punto de vista, en cambio, la indulgencia tiene que ver con una dimensi\u00f3n psicol\u00f3gica del pecado, lo que a menudo queda en la memoria (incluso despu\u00e9s de la absoluci\u00f3n), probablemente una herida o un sentimiento de miedo o tristeza\u2026 Pero en cualquier caso, hay un trabajo psicol\u00f3gico por hacer. Entonces, en el hecho de pasar a trav\u00e9s de la \u201cPuerta Santa\u201d veo una invitaci\u00f3n a abrir una puerta en mi coraz\u00f3n hacia la compasi\u00f3n y la reconciliaci\u00f3n, para dejar lo que me bloquea en el camino hacia la verdadera libertad y la paz aut\u00e9ntica. Es una decisi\u00f3n consciente, de un proceso que se inicia. Lo fundamental, desde el punto de vista cristiano, es que el buen resultado de ese proceso no depende de m\u00ed, sino de las manos de aquel que tiene el mundo en sus manos. Solamente su gracia puede curar, en definitiva, las heridas en mi vida o reconciliar a la humanidad.     <\/p>\n\n<div class=\"wp-block-media-text has-media-on-the-right is-stacked-on-mobile has-background\" style=\"background-color:#f7f7d7;grid-template-columns:auto 33%\"><div class=\"wp-block-media-text__content\">\n<p class=\"has-text-align-right has-medium-font-size\"><br\/><br\/><em>\u00abEn el hecho de atravesar la &#8216;Puerta Santa&#8217; <br\/><\/em><em>veo una invitaci\u00f3n a abrir una puerta<br\/><\/em><em>en mi coraz\u00f3n hacia la compasi\u00f3n<br\/><\/em><em>y la reconciliaci\u00f3n,<br\/><\/em><em>para dejar lo que me bloquea<br\/><\/em><em>en el camino hacia la verdadera libertad<br\/><\/em><em>y la paz aut\u00e9ntica\u00bb.<\/em><\/p>\n\n\n\n<p class=\"has-text-align-right has-small-font-size\"><em>Corinna M\u00fchlstedt<\/em><br\/><em>ha publicado recientemente, junto con el abad Notkar Wolff,<br\/><\/em><em><a href=\"https:\/\/www.bonifatius-verlag.de\/shop\/kraftort-rom\/\" target=\"_blank\" rel=\"noreferrer noopener\">una gu\u00eda espiritual ecum\u00e9nica de Roma para el A\u00f1o Santo.<\/a><\/em><br\/><br\/><\/p>\n<\/div><figure class=\"wp-block-media-text__media\"><img alt=\"\" alt=\"\" loading=\"lazy\" decoding=\"async\" width=\"400\" height=\"400\" src=\"https:\/\/www.focolare.org\/wp-content\/uploads\/2025\/02\/corinna-muehlstedt-1146.jpg\" alt=\"\" class=\"wp-image-371511 size-full\" srcset=\"https:\/\/www.focolare.org\/wp-content\/uploads\/2025\/02\/corinna-muehlstedt-1146.jpg 400w, https:\/\/www.focolare.org\/wp-content\/uploads\/2025\/02\/corinna-muehlstedt-1146-300x300.jpg 300w, https:\/\/www.focolare.org\/wp-content\/uploads\/2025\/02\/corinna-muehlstedt-1146-150x150.jpg 150w\" sizes=\"(max-width: 400px) 100vw, 400px\" \/><\/figure><\/div>\n\n<div style=\"height:25px\" aria-hidden=\"true\" class=\"wp-block-spacer\"><\/div>\n\n<p>Para m\u00ed, pasar por esa puerta quiere significar simb\u00f3licamente la decisi\u00f3n de seguir (con renovadas fuerzas) a Jes\u00fas y emprender el camino de la vida verdadera. Como \u00e9l dice en el <em>Evangelio de Juan<\/em> (10,9): \u201cYo soy la puerta. El que por m\u00ed entrare, se salvar\u00e1\u201d. Para mi gran alegr\u00eda, la <a href=\"https:\/\/www.vatican.va\/content\/francesco\/it\/bulls\/documents\/20240509_spes-non-confundit_bolla-giubileo2025.html\">Bula de Convocaci\u00f3n<\/a> del Jubileo Ordinario \u201cLa esperanza no defrauda\u201d, en la que el Papa Francisco anuncia el A\u00f1o Santo 2025, tiene una clara dimensi\u00f3n ecum\u00e9nica. Ella parte de la gracia de Dios, de la que todos los seres humanos son part\u00edcipes, y define el A\u00f1o Santo como \u201cuna invitaci\u00f3n a todas las Iglesias y Comunidades eclesiales a proceder en el camino hacia la unidad visible, a no cansarse de buscar formas adecuadas para corresponder plenamente a la oraci\u00f3n de Jes\u00fas: \u2018Para que sean una sola cosa\u2019 (<em>Juan<\/em>, 17,21).<a href=\"#_ftn1\" id=\"_ftnref1\">[1]<\/a>   <\/p>\n\n<p>Por ello, el tema de la \u201cesperanza\u201d para el A\u00f1o Santo 2025 resuena positivamente en todos los cristianos. La Federaci\u00f3n Luterana Mundial ha escogido como lema para el a\u00f1o 2025 \u00abCompartir la esperanza\u00bb. Y el Consejo Ecum\u00e9nico de las Iglesias espera un \u201cA\u00f1o Ecum\u00e9nico\u201d a lo largo del \u201ccamino de la justicia, de la reconciliaci\u00f3n y de la unidad\u201d. Si de la buena voluntad nacen acciones concretas, entonces en el A\u00f1o Santo 2025 podr\u00edan abrirse puertas para el ecumenismo, che acerquen a los cristianos separados. \u201cDej\u00e9monos desde ahora atraer por la esperanza \u2013escribe el Papa Francisco\u2013 y permitamos que a trav\u00e9s de nosotros se vuelva contagiosa para los que la desean\u201d.    <a href=\"#_ftn2\" id=\"_ftnref2\">[2]<\/a><\/p>\n\n<p class=\"has-text-align-right\"><em>Corinna M\u00fchlstedt<\/em><\/p>\n\n<p><a href=\"#_ftnref1\" id=\"_ftn1\">[1]<\/a> [1] Papa Francisco, <em>Spes non confundit<\/em>, Bula de Convocatoria del Jubileo Ordinario del A\u00f1o 2025, 9 de mayo de 2024, 17.<br\/><a href=\"#_ftnref2\" id=\"_ftn2\">[2]<\/a> Papa Francisco, <em>ibidem,<\/em> 25.<\/p>\n\n<p class=\"has-text-align-center has-background\" style=\"background-color:#f7f7d7\">El Movimiento de los Focolares es promotor e invita a participar del <strong>congreso ecum\u00e9nico interenacional<\/strong> cuyo t\u00edtulo es: <br\/><strong>\u201cCalled to hope \u2013 key players of dialogue\u201d<\/strong> (Llamados a la esperanza \u2013 protagonistas del di\u00e1logo)<br\/>que se llevar\u00e1 a cabo del 26 al 29 de marzo de 2025.<br\/>En tiempos de divisi\u00f3n y grandes retos, como cristianos estamos llamados juntos a dar testimonio de la esperanza del Evangelio<br\/>y ser protagonistas de di\u00e1logo y unidad, comprometi\u00e9ndonos a vivir por la paz, construir fraternidad y difundir esperanza.<br\/>Mesas redondas, entrevistas, testimonios que quieren ofrecer un m\u00e9todo y una espiritualidad al di\u00e1logo, junto a buenas pr\u00e1cticas e itinerarios que ya est\u00e1n en marcha.<br\/><a href=\"https:\/\/www.focolare.org\/wp-content\/uploads\/2024\/12\/CALLED_TO_HOPE-26-29-03-2025-spagnolo.pdf\" target=\"_blank\" rel=\"noreferrer noopener\"><strong>Ver la invitaci\u00f3n<\/strong><\/a><\/p>\n","protected":false},"excerpt":{"rendered":"<p>En este a\u00f1o 2025 se habla a menudo de Puerta Santa e indulgencias, de perd\u00f3n y reconciliaci\u00f3n. Pero esas palabras, y sobre todo este a\u00f1o jubilar, \u00bftienen un significado s\u00f3lo para los cat\u00f3licos? Se lo hemos preguntado a Corinna Muehlstedt, te\u00f3loga luterana alemana, que vive entre M\u00fanich (Alemania) y Roma, y trabaja como periodista y corresponsal del ARD, el grupo televisivo p\u00fablico alem\u00e1n.   <\/p>\n","protected":false},"author":34,"featured_media":371522,"comment_status":"open","ping_status":"open","sticky":false,"template":"","format":"standard","meta":{"give_campaign_id":0,"_seopress_robots_primary_cat":"","_seopress_titles_title":"","_seopress_titles_desc":"","_seopress_robots_index":"","_et_pb_use_builder":"","_et_pb_old_content":"","_et_gb_content_width":"","footnotes":""},"categories":[3192],"tags":[3638,3346,3199],"class_list":["post-371539","post","type-post","status-publish","format-standard","has-post-thumbnail","hentry","category-ecumenismo-es","tag-ecumenismo-es","tag-notifiche-es","tag-ppg-es"],"_links":{"self":[{"href":"https:\/\/www.focolare.org\/es\/wp-json\/wp\/v2\/posts\/371539","targetHints":{"allow":["GET"]}}],"collection":[{"href":"https:\/\/www.focolare.org\/es\/wp-json\/wp\/v2\/posts"}],"about":[{"href":"https:\/\/www.focolare.org\/es\/wp-json\/wp\/v2\/types\/post"}],"author":[{"embeddable":true,"href":"https:\/\/www.focolare.org\/es\/wp-json\/wp\/v2\/users\/34"}],"replies":[{"embeddable":true,"href":"https:\/\/www.focolare.org\/es\/wp-json\/wp\/v2\/comments?post=371539"}],"version-history":[{"count":0,"href":"https:\/\/www.focolare.org\/es\/wp-json\/wp\/v2\/posts\/371539\/revisions"}],"wp:featuredmedia":[{"embeddable":true,"href":"https:\/\/www.focolare.org\/es\/wp-json\/wp\/v2\/media\/371522"}],"wp:attachment":[{"href":"https:\/\/www.focolare.org\/es\/wp-json\/wp\/v2\/media?parent=371539"}],"wp:term":[{"taxonomy":"category","embeddable":true,"href":"https:\/\/www.focolare.org\/es\/wp-json\/wp\/v2\/categories?post=371539"},{"taxonomy":"post_tag","embeddable":true,"href":"https:\/\/www.focolare.org\/es\/wp-json\/wp\/v2\/tags?post=371539"}],"curies":[{"name":"wp","href":"https:\/\/api.w.org\/{rel}","templated":true}]}}