{"id":379109,"date":"2025-04-01T00:05:00","date_gmt":"2025-03-31T22:05:00","guid":{"rendered":"https:\/\/www.focolare.org\/?p=379109"},"modified":"2025-04-01T09:00:47","modified_gmt":"2025-04-01T07:00:47","slug":"mirad-que-realizo-algo-nuevo-ya-esta-brotando-no-lo-notais-is-43-19","status":"publish","type":"post","link":"https:\/\/www.focolare.org\/es\/mirad-que-realizo-algo-nuevo-ya-esta-brotando-no-lo-notais-is-43-19\/","title":{"rendered":"\u00abMirad que realizo algo nuevo; ya est\u00e1 brotando, \u00bfno lo not\u00e1is?\u00bb (Is 43, 19)."},"content":{"rendered":"\n<p>El exilio en Babilonia y la destrucci\u00f3n del templo de Jerusal\u00e9n hab\u00edan provocado en el pueblo de Israel un trauma colectivo y les hab\u00eda planteado un interrogante teol\u00f3gico: \u00bfsigue estando Dios con nosotros, o nos ha abandonado? El fin de esta parte del libro de Isa\u00edas es ayudar al pueblo a entender lo que Dios est\u00e1 obrando, a fiarse de \u00c9l y as\u00ed poder volver a la patria. Y precisamente en la experiencia del exilio es donde se revela el rostro de Dios creador y salvador.  <\/p>\n\n<p><strong>\u00abMirad que realizo algo nuevo; ya est\u00e1 brotando, \u00bfno lo not\u00e1is?\u00bb.<\/strong><\/p>\n\n<p>Isa\u00edas recuerda el amor fiel de Dios por su pueblo. Su fidelidad se mantiene constante incluso durante el tiempo dram\u00e1tico del exilio. Aunque las promesas que hab\u00eda hecho a Abrah\u00e1n se ven inalcanzables y el pacto de la Alianza pasa por momentos cr\u00edticos, el pueblo de Israel sigue siendo un lugar especialmente privilegiado de la presencia de Dios en la historia.  <\/p>\n\n<p>El libro prof\u00e9tico aborda preguntas existenciales, fundamentales no solo para aquel tiempo: \u00bfqui\u00e9n lleva las riendas del discurrir y del sentido de la historia? Esta pregunta se puede plantear tambi\u00e9n a t\u00edtulo personal: \u00bfqui\u00e9n tiene en mano el destino de mi vida? \u00bfQu\u00e9 sentido tiene lo que estoy viviendo o lo que he vivido?   <\/p>\n\n<p><strong>\u00abMirad que realizo algo nuevo; ya est\u00e1 brotando, \u00bfno lo not\u00e1is?\u00bb.<\/strong><\/p>\n\n<p>Dios act\u00faa constantemente en la vida de cada uno, haciendo \u00abalgo nuevo\u00bb. Si no siempre nos damos cuenta de ello o conseguimos entender su sentido y su alcance es porque a\u00fan son brotes o porque no estamos dispuestos a reconocer lo que \u00c9l est\u00e1 obrando. Distra\u00eddos por cosas que nos suceden, por las mil preocupaciones que nos atenazan el alma, por pensamientos que nos importunan, quiz\u00e1 no nos paramos suficientemente a observar esos brotes, que son la certeza de su presencia. \u00c9l nunca nos ha abandonado, y crea y recrea una y otra vez nuestra vida.    <\/p>\n\n<p>\u00abNosotros somos ese \u201calgo nuevo\u201d, la \u201cnueva creaci\u00f3n\u201d que Dios ha engendrado. [\u2026] No sigamos mirando al pasado a\u00f1orando todo lo bello que nos ha sucedido o lamentando nuestros fallos: creamos con fuerza en la acci\u00f3n de Dios, que puede seguir realizando algo nuevo\u00bb .<a href=\"#_ftn1\" id=\"_ftnref1\">[1]<\/a>. <\/p>\n\n<p><strong>\u00abMirad que realizo algo nuevo; ya est\u00e1 brotando, \u00bfno lo not\u00e1is?\u00bb.<\/strong><\/p>\n\n<p>Junto con quienes comparten con nosotros el camino de nuestra existencia, nuestra comunidad, los amigos y los compa\u00f1eros de trabajo, hagamos la prueba de trabajar, compartir y no perder la confianza de que las cosas pueden cambiar a mejor. <\/p>\n\n<p>2025 es un a\u00f1o especial porque la fecha de la Pascua ortodoxa coincide con la de las otras denominaciones cristianas. Que este acontecimiento, la fiesta de la Pascua com\u00fan, pueda ser un testimonio de la voluntad de las Iglesias por continuar dialogando sin descanso para afrontar juntos los desaf\u00edos de la humanidad y promover acciones conjuntas.  <\/p>\n\n<p> Prepar\u00e9monos, pues, a vivir este tiempo pascual con alegr\u00eda plena, fe y esperanza. As\u00ed como Cristo ha resucitado, tambi\u00e9n nosotros, despu\u00e9s de haber atravesado nuestros desiertos, dej\u00e9monos acompa\u00f1ar en este viaje por Aquel que gu\u00eda la historia y nuestra vida.  <\/p>\n\n<p class=\"has-text-align-right\"><em>Patrizia Mazzola y el equipo de la Palabra de vida<br\/>\u00a9Foto di Adina Voicu da Pixabay<\/em><\/p>\n\n<hr class=\"wp-block-separator has-alpha-channel-opacity\"\/>\n\n<p class=\"has-small-font-size\"><a href=\"#_ftnref1\" id=\"_ftn1\">[1]<\/a> Cf. C. LUBICH, <em>Palabra de vida<\/em>, marzo 2004: Ciudad Nueva n. 407 (2004\/3), p. 23<sub><\/sub><\/p>\n\n<div style=\"height:130px\" aria-hidden=\"true\" class=\"wp-block-spacer\"><\/div>\n","protected":false},"excerpt":{"rendered":"<p>Palabra de Vida &#8211; abril 2025<\/p>\n","protected":false},"author":33,"featured_media":379119,"comment_status":"open","ping_status":"open","sticky":false,"template":"","format":"standard","meta":{"give_campaign_id":0,"_seopress_robots_primary_cat":"","_seopress_titles_title":"","_seopress_titles_desc":"","_seopress_robots_index":"","_et_pb_use_builder":"","_et_pb_old_content":"","_et_gb_content_width":"","footnotes":""},"categories":[3603],"tags":[3346,3199],"class_list":["post-379109","post","type-post","status-publish","format-standard","has-post-thumbnail","hentry","category-parola-di-vita-es","tag-notifiche-es","tag-ppg-es"],"_links":{"self":[{"href":"https:\/\/www.focolare.org\/es\/wp-json\/wp\/v2\/posts\/379109","targetHints":{"allow":["GET"]}}],"collection":[{"href":"https:\/\/www.focolare.org\/es\/wp-json\/wp\/v2\/posts"}],"about":[{"href":"https:\/\/www.focolare.org\/es\/wp-json\/wp\/v2\/types\/post"}],"author":[{"embeddable":true,"href":"https:\/\/www.focolare.org\/es\/wp-json\/wp\/v2\/users\/33"}],"replies":[{"embeddable":true,"href":"https:\/\/www.focolare.org\/es\/wp-json\/wp\/v2\/comments?post=379109"}],"version-history":[{"count":0,"href":"https:\/\/www.focolare.org\/es\/wp-json\/wp\/v2\/posts\/379109\/revisions"}],"wp:featuredmedia":[{"embeddable":true,"href":"https:\/\/www.focolare.org\/es\/wp-json\/wp\/v2\/media\/379119"}],"wp:attachment":[{"href":"https:\/\/www.focolare.org\/es\/wp-json\/wp\/v2\/media?parent=379109"}],"wp:term":[{"taxonomy":"category","embeddable":true,"href":"https:\/\/www.focolare.org\/es\/wp-json\/wp\/v2\/categories?post=379109"},{"taxonomy":"post_tag","embeddable":true,"href":"https:\/\/www.focolare.org\/es\/wp-json\/wp\/v2\/tags?post=379109"}],"curies":[{"name":"wp","href":"https:\/\/api.w.org\/{rel}","templated":true}]}}