{"id":379468,"date":"2025-04-05T05:00:00","date_gmt":"2025-04-05T03:00:00","guid":{"rendered":"https:\/\/www.focolare.org\/?p=379468"},"modified":"2025-04-07T17:12:23","modified_gmt":"2025-04-07T15:12:23","slug":"comunicacion-sinodal-en-el-jubileo-de-la-esperanza","status":"publish","type":"post","link":"https:\/\/www.focolare.org\/es\/comunicacion-sinodal-en-el-jubileo-de-la-esperanza\/","title":{"rendered":"Comunicaci\u00f3n sinodal en el Jubileo de la esperanza"},"content":{"rendered":"\n<p>Desde hace m\u00e1s de dos a\u00f1os, un grupo de profesionales de la comunicaci\u00f3n, por iniciativa de NetOne, la red internacional de comunicadores del Movimiento de los Focolares, se re\u00fane online en encuentros mensuales para profundizar algunos temas relacionados con el S\u00ednodo de los Obispos, en particular sobre la sinodalidad y la comunicaci\u00f3n. Escucha, silencio, testimonio, comunicaci\u00f3n fraterna: son algunos de los elementos claves durante los encuentros. En estos dos a\u00f1os tambi\u00e9n se realizaron dos webinars: el primero en abril de 2024 (puedes leer m\u00e1s sobre ello <a href=\"https:\/\/www.focolare.org\/es\/sinodalidad-y-comunicacion\/\" target=\"_blank\" rel=\"noreferrer noopener\">aqu\u00ed <\/a> ) y el segundo en febrero de 2025 titulado \u201c\u00bfQu\u00e9 comunicaci\u00f3n para la sinodalidad?\u201d (<a href=\"https:\/\/youtu.be\/2qT-tbD657k?si=zLiFAU2TnQppZQAK\" data-type=\"link\" data-id=\"https:\/\/youtu.be\/2qT-tbD657k?si=zLiFAU2TnQppZQAK\" target=\"_blank\" rel=\"noreferrer noopener\">video<\/a>). Este evento fue seguido en varias partes del mundo y cont\u00f3 con la participaci\u00f3n de numerosos expertos en comunicaci\u00f3n conectados desde diversos pa\u00edses.<\/p>\n\n\n\n<p><strong>Alessandro Gisotti, vicedirector de los Medios Vaticanos<\/strong>, abri\u00f3 el ciclo de intervenciones citando tres t\u00e9rminos esenciales para un buen comunicador: Comunicaci\u00f3n, Acci\u00f3n y Comunidad. \u201cEn este A\u00f1o Santo necesitamos una comunicaci\u00f3n sinodal que sepa emprender el camino con las personas que vendr\u00e1n \u2014dijo\u2014, para acompa\u00f1arlas, sin la presunci\u00f3n de querer guiarlas. Pero dispuestos a escucharlas, a acompa\u00f1arlas, a recorrer juntos un tramo del camino\u201d. <\/p>\n\n\n\n<p>Desde Estados Unidos, <strong>Kim Daniels, profesora de la Universidad de Georgetown en Washington D.C.,<\/strong> coordinadora del Grupo de Estudio 3 del S\u00ednodo \u201cLa misi\u00f3n en el entorno digital\u201d. \u201cNuestro objetivo\u201d, explic\u00f3 Daniels sobre el grupo de estudio, \u201ces ofrecer recomendaciones pr\u00e1cticas al Santo Padre para fortalecer la misi\u00f3n de la Iglesia en esta cultura digital, asegur\u00e1ndonos de que se mantenga firmemente arraigada en nuestro llamado a encontrar a las personas dondequiera que est\u00e9n, orient\u00e1ndolas hacia una comuni\u00f3n m\u00e1s profunda con Cristo y entre s\u00ed\u201d. <\/p>\n\n\n\n<p><strong>P\u00e1l T\u00f3th, profesor del Instituto Universitario Sophia de Loppiano<\/strong>, habl\u00f3 desde Hungr\u00eda y explic\u00f3 que \u201cpara sanar las profundas heridas del mundo globalizado, se necesita una colaboraci\u00f3n transversal, incluso con quienes tienen concepciones parcialmente diferentes a las nuestras. La idea del consenso diferenciado promueve un nuevo tipo de relaci\u00f3n social: colaboramos para la realizaci\u00f3n de algunos valores, mientras que permanecemos en plataformas diferentes para otros\u201d.<\/p>\n\n\n\n<p>El S\u00ednodo se construye a partir de los \u00faltimos. Esto surge de la experiencia de <strong>Muriel Fleury y B\u00e9atrice Binaghi, respectivamente responsables de Comunicaci\u00f3n y encargada de Redes Sociales del Dicasterio para el Desarrollo Humano Integral.<\/strong> \u201cDar voz a quienes no la tienen\u201d, dice Fleury, recordando que \u201chablar de quienes son explotados o marginados por los procesos dominantes significa hacer que estas personas existan. Sin estas voces a contracorriente, todo favorecer\u00eda a quienes dominan, porque callar significa terminar apoyando a quienes maltratan, esclavizan, exprimen y quieren invisibilizar a demasiados hombres y mujeres\u201d. Y Binaghi habl\u00f3 de la red de colaboraci\u00f3n nacida entre los \u201cobispos de frontera\u201d responsables de la pastoral migratoria en Colombia, Costa Rica y Panam\u00e1, especialmente para afrontar la cr\u00edtica situaci\u00f3n en Dari\u00e9n, por donde pasan cada d\u00eda cientos de migrantes. \u201cEl debate y la comunicaci\u00f3n han creado comunidad, y el trabajo que antes estaba fragmentado ahora es m\u00e1s sin\u00e9rgico e incisivo\u201d.    <\/p>\n\n\n\n<p>La actriz <strong> Stefania Bogo<\/strong> tiene la tarea de brindar dos momentos de reflexi\u00f3n con la lectura art\u00edstica de algunos pasajes de la reciente enc\u00edclica del Papa Francisco, Dilexit nos y La atracci\u00f3n del mundo moderno, de Chiara Lubich.<\/p>\n\n\n\n<p><strong>Erica Tossani, presidenta de la Asamblea Sinodal de la Iglesia Italiana,<\/strong> explic\u00f3 la importancia de escuchar, lo cual \u201cno es simplemente una acci\u00f3n pasiva, un silencio a la espera de ser llenado por las palabras de otros. Es una actitud activa que implica atenci\u00f3n, discernimiento y disposici\u00f3n a ser cuestionado. Sin escucha, la comunicaci\u00f3n se reduce a polarizaci\u00f3n y oposici\u00f3n est\u00e9ril\u201d.<\/p>\n\n\n\n<p>Entre las experiencias sinodales se encuentra la de <strong>Paolo Balduzzi, corresponsal del programa A sua immagine del canal italiano Rai 1.<\/strong> \u201cLas historias que se cuentan \u2014explica\u2014 nacen de un di\u00e1logo compartido con todo el equipo editorial. Para m\u00ed, cada entrevista es un encuentro. Y la sinodalidad parte de este encuentro con mi interlocutor; es decir, implica adentrarse en su historia, en su experiencia, e intentar comprender juntos los aspectos m\u00e1s esenciales de la historia\u201d. <\/p>\n\n\n\n<p>La historia de <strong>Mariella Matera<\/strong>, blogger de <em>Alumera<\/em>, un espacio de evangelizaci\u00f3n en redes sociales, quien cuenta la historia de una comunicadora fascinada por la idea de transmitir el Evangelio a trav\u00e9s de internet. \u201c\u00bfC\u00f3mo puedo ser un peque\u00f1o puente entre la red y Cristo?\u201d, se pregunta. <em>Alumera<\/em>, en el dialecto calabr\u00e9s (sur de Italia), es la antigua l\u00e1mpara de aceite. As\u00ed como la l\u00e1mpara, mientras tiene aceite, no se apaga, as\u00ed tambi\u00e9n, mientras tenga el amor de Cristo en m\u00ed, no puedo permanecer callada\u201d.   <\/p>\n\n\n\n<p>Por \u00faltimo, <strong>Anita Tano, responsable de comunicaciones de United World Project-NetOne Argentina<\/strong>. Relat\u00f3 la experiencia del Genfest 2024 en Brasil, el evento juvenil del Movimiento de los Focolares con el tema <em>Juntos para Cuidar<\/em>. A trav\u00e9s de intercambios culturales, arte y talleres, el objetivo fue reconocer la comunicaci\u00f3n como una herramienta para cuidar la \u201cvida de uno mismo, de los dem\u00e1s y del planeta\u201d. Un mensaje que destac\u00f3 la diferencia entre estar simplemente \u201cconectados\u201d y estar verdaderamente \u201cunidos\u201d.   <\/p>\n\n\n\n<p>La transmisi\u00f3n en vivo fue moderada por Enrico Selleri, conductor y autor de los canales de la Iglesia italiana Tv2000 e InBlu2000, y Sara Fornaro, editora jefe web de la revista italiana Citt\u00e0 Nuova y fue promovida por NetOne junto con la Secretar\u00eda General del S\u00ednodo de los Obispos, el Dicasterio para la Comunicaci\u00f3n, el Dicasterio para el Servicio del Desarrollo Humano Integral, Vatican Media, el Camino Sinodal de la Iglesia en Italia, TV2000, InBlu2000 y SIR (de la Conferencia Episcopal Italiana), el Instituto Universitario Sophia, Weca (Asociaci\u00f3n de Cat\u00f3licos Web Italianos), el grupo editorial Citt\u00e0 Nuova y la Universidad Pontificia de la Santa Cruz.<\/p>\n\n\n\n<p>Para m\u00e1s informaci\u00f3n y mantenerse en contacto: <a href=\"mailto:net4synodcom@gmail.com\" target=\"_blank\" rel=\"noreferrer noopener\">net4synodcom@gmail.com<\/a><\/p>\n\n\n\n<p><a href=\"http:\/\/www.youtube.com\/@SynodalCommunicationNetwork\" data-type=\"link\" data-id=\"www.youtube.com\/@SynodalCommunicationNetwork\" target=\"_blank\" rel=\"noreferrer noopener\">www.youtube.com\/@SynodalCommunicationNetwork<\/a><\/p>\n\n\n\n<p class=\"has-text-align-right\"><em>Lorenzo Russo<\/em><\/p>\n\n\n\n<p><em>Fotos: \u00a9 Pixabay<\/em><\/p>\n\n\n\n<div style=\"height:100px\" aria-hidden=\"true\" class=\"wp-block-spacer\"><\/div>\n","protected":false},"excerpt":{"rendered":"<p>El camino sinodal de algunos profesionales de la comunicaci\u00f3n por iniciativa de NetOne, la red internacional de comunicadores del Movimiento de los Focolares: encuentros mensuales online para profundizar temas y compartir experiencias. En febrero de 2025 se realizar\u00e1 el segundo webinar internacional para promover pr\u00e1cticas de comunicaci\u00f3n verdaderas, responsables, escuchando a todos y siendo protagonistas con acciones concretas para construir Comunidad. <\/p>\n","protected":false},"author":33,"featured_media":379460,"comment_status":"open","ping_status":"open","sticky":false,"template":"","format":"standard","meta":{"give_campaign_id":0,"_seopress_robots_primary_cat":"","_seopress_titles_title":"","_seopress_titles_desc":"","_seopress_robots_index":"","_et_pb_use_builder":"","_et_pb_old_content":"","_et_gb_content_width":"","footnotes":""},"categories":[3094,3311],"tags":[3346],"class_list":["post-379468","post","type-post","status-publish","format-standard","has-post-thumbnail","hentry","category-sociale-4","category-vite-vissute-es","tag-notifiche-es"],"_links":{"self":[{"href":"https:\/\/www.focolare.org\/es\/wp-json\/wp\/v2\/posts\/379468","targetHints":{"allow":["GET"]}}],"collection":[{"href":"https:\/\/www.focolare.org\/es\/wp-json\/wp\/v2\/posts"}],"about":[{"href":"https:\/\/www.focolare.org\/es\/wp-json\/wp\/v2\/types\/post"}],"author":[{"embeddable":true,"href":"https:\/\/www.focolare.org\/es\/wp-json\/wp\/v2\/users\/33"}],"replies":[{"embeddable":true,"href":"https:\/\/www.focolare.org\/es\/wp-json\/wp\/v2\/comments?post=379468"}],"version-history":[{"count":0,"href":"https:\/\/www.focolare.org\/es\/wp-json\/wp\/v2\/posts\/379468\/revisions"}],"wp:featuredmedia":[{"embeddable":true,"href":"https:\/\/www.focolare.org\/es\/wp-json\/wp\/v2\/media\/379460"}],"wp:attachment":[{"href":"https:\/\/www.focolare.org\/es\/wp-json\/wp\/v2\/media?parent=379468"}],"wp:term":[{"taxonomy":"category","embeddable":true,"href":"https:\/\/www.focolare.org\/es\/wp-json\/wp\/v2\/categories?post=379468"},{"taxonomy":"post_tag","embeddable":true,"href":"https:\/\/www.focolare.org\/es\/wp-json\/wp\/v2\/tags?post=379468"}],"curies":[{"name":"wp","href":"https:\/\/api.w.org\/{rel}","templated":true}]}}