{"id":380900,"date":"2025-05-08T23:44:54","date_gmt":"2025-05-08T21:44:54","guid":{"rendered":"https:\/\/www.focolare.org\/declaracion-de-margaret-karram-tras-la-eleccion-de-papa-leon-xivlaugurio-di-margaret-karram-per-lelezione-di-papa-leone-xiv\/"},"modified":"2025-05-09T13:21:25","modified_gmt":"2025-05-09T11:21:25","slug":"declaracion-de-margaret-karram-tras-la-eleccion-de-papa-leon-xivlaugurio-di-margaret-karram-per-lelezione-di-papa-leone-xiv","status":"publish","type":"post","link":"https:\/\/www.focolare.org\/es\/declaracion-de-margaret-karram-tras-la-eleccion-de-papa-leon-xivlaugurio-di-margaret-karram-per-lelezione-di-papa-leone-xiv\/","title":{"rendered":"Declaraci\u00f3n de Margaret Karram tras la elecci\u00f3n de Papa Leon XIV"},"content":{"rendered":"\n<p><em>Activar los subt\u00edtulos y escoger el idioma deseado.<\/em><\/p>\n\n<figure class=\"wp-block-embed is-type-video is-provider-youtube wp-block-embed-youtube wp-embed-aspect-16-9 wp-has-aspect-ratio\"><div class=\"wp-block-embed__wrapper\">\n<iframe loading=\"lazy\" title=\"L\u2019augurio di Margaret Karram per l\u2019elezione di Papa Leone XIV\" width=\"1080\" height=\"608\" src=\"https:\/\/www.youtube.com\/embed\/NUucjwKMnLQ?feature=oembed\"  allow=\"accelerometer; autoplay; clipboard-write; encrypted-media; gyroscope; picture-in-picture; web-share\" referrerpolicy=\"strict-origin-when-cross-origin\" allowfullscreen><\/iframe>\n<\/div><\/figure>\n\n<div style=\"height:255px\" aria-hidden=\"true\" class=\"wp-block-spacer\"><\/div>\n","protected":false},"excerpt":{"rendered":"<p>Las palabras de la Presidenta de los Focolares desde la Plaza San Pedro poco despu\u00e9s de la primera bendici\u00f3n del nuevo Pont\u00edfice<\/p>\n","protected":false},"author":27,"featured_media":380865,"comment_status":"open","ping_status":"open","sticky":false,"template":"","format":"standard","meta":{"give_campaign_id":0,"_seopress_robots_primary_cat":"","_seopress_titles_title":"","_seopress_titles_desc":"","_seopress_robots_index":"","_et_pb_use_builder":"","_et_pb_old_content":"","_et_gb_content_width":"","footnotes":""},"categories":[3169],"tags":[3771,3358,3346,3770,3199],"class_list":["post-380900","post","type-post","status-publish","format-standard","has-post-thumbnail","hentry","category-margaret-karram-es","tag-leone-xiv-es","tag-margaret-karram-es","tag-notifiche-es","tag-papa-es","tag-ppg-es"],"_links":{"self":[{"href":"https:\/\/www.focolare.org\/es\/wp-json\/wp\/v2\/posts\/380900","targetHints":{"allow":["GET"]}}],"collection":[{"href":"https:\/\/www.focolare.org\/es\/wp-json\/wp\/v2\/posts"}],"about":[{"href":"https:\/\/www.focolare.org\/es\/wp-json\/wp\/v2\/types\/post"}],"author":[{"embeddable":true,"href":"https:\/\/www.focolare.org\/es\/wp-json\/wp\/v2\/users\/27"}],"replies":[{"embeddable":true,"href":"https:\/\/www.focolare.org\/es\/wp-json\/wp\/v2\/comments?post=380900"}],"version-history":[{"count":0,"href":"https:\/\/www.focolare.org\/es\/wp-json\/wp\/v2\/posts\/380900\/revisions"}],"wp:featuredmedia":[{"embeddable":true,"href":"https:\/\/www.focolare.org\/es\/wp-json\/wp\/v2\/media\/380865"}],"wp:attachment":[{"href":"https:\/\/www.focolare.org\/es\/wp-json\/wp\/v2\/media?parent=380900"}],"wp:term":[{"taxonomy":"category","embeddable":true,"href":"https:\/\/www.focolare.org\/es\/wp-json\/wp\/v2\/categories?post=380900"},{"taxonomy":"post_tag","embeddable":true,"href":"https:\/\/www.focolare.org\/es\/wp-json\/wp\/v2\/tags?post=380900"}],"curies":[{"name":"wp","href":"https:\/\/api.w.org\/{rel}","templated":true}]}}