{"id":380909,"date":"2025-05-09T00:50:28","date_gmt":"2025-05-08T22:50:28","guid":{"rendered":"https:\/\/www.focolare.org\/alegria-y-gratitud-de-margaret-karram-presidenta-del-movimiento-de-los-focolares-por-la-eleccion-del-papa-leon-xiv\/"},"modified":"2025-05-09T01:20:01","modified_gmt":"2025-05-08T23:20:01","slug":"alegria-y-gratitud-de-margaret-karram-presidenta-del-movimiento-de-los-focolares-por-la-eleccion-del-papa-leon-xiv","status":"publish","type":"post","link":"https:\/\/www.focolare.org\/es\/alegria-y-gratitud-de-margaret-karram-presidenta-del-movimiento-de-los-focolares-por-la-eleccion-del-papa-leon-xiv\/","title":{"rendered":"Alegr\u00eda y gratitud de Margaret Karram, Presidenta del Movimiento de los Focolares por la elecci\u00f3n del Papa Le\u00f3n XIV"},"content":{"rendered":"\n<p>En nombre del Movimiento de los Focolares en todo el mundo expreso mi profunda alegr\u00eda por la elecci\u00f3n del Papa Le\u00f3n XIV como nuevo Pont\u00edfice de la Iglesia Cat\u00f3lica. Agradecemos a Dios por haber escuchado las oraciones de muchos y guiado con su Esp\u00edritu los trabajos de los Cardenales para individualizar al sucesor de Pedro en un tiempo como el actual que presenta graves desaf\u00edos para la humanidad. <\/p>\n\n<p>Aseguramos al Santo Padre nuestra filial cercan\u00eda, nuestra oraci\u00f3n y nuestro compromiso para ser constructores de paz, como \u00e9l mismo lo ha subrayado en su primera bendici\u00f3n. <\/p>\n\n<p>El mundo actual tiene extrema necesidad de paz, de luz y de esperanza. Por eso le prometemos que continuaremos a comprometernos, junto a las comunidades eclesiales en las que estamos injertados, para llevar a todos el amor de Dios; para estar abiertos al di\u00e1logo, para ser \u00abun pueblo siempre en paz\u00bb, dando testimonio que la unidad pedida por Jes\u00fas en su Testamento es m\u00e1s fuerte que cualquier divisi\u00f3n.  <\/p>\n\n<p>Nos comprometemos adem\u00e1s a encarnar siempre m\u00e1s fielmente el camino sinodal, para poderlo aplicar tambi\u00e9n en los distintos \u00e1mbitos de la sociedad; a dar nuestra contribuci\u00f3n para que la Iglesia sea una casa abierta y acogedora para cada hombre y mujer y para las nuevas generaciones, sobre todo para quien es m\u00e1s fr\u00e1gil, el que m\u00e1s sufre y est\u00e1 marginado, para ofrecer a todos el mensaje siempre nuevo de Cristo. <\/p>\n\n<p>Nuestros augurios, Papa Le\u00f3n XIV, \u00a1con todo el afecto!<\/p>\n\n<p class=\"has-text-align-right\"><strong><em>Margaret Karram<\/em><\/strong> &#8211; Presidenta del Movimiento de los Focolares <\/p>\n\n<p><\/p>\n\n<p><a href=\"https:\/\/www.focolare.org\/wp-content\/uploads\/2025\/05\/MK_Dichiarazione_Nuovo_Pontefice_2025.pdf\">Descargar aqu\u00ed la declaraci\u00f3n de la Presidente<\/a><\/p>\n\n<div style=\"height:165px\" aria-hidden=\"true\" class=\"wp-block-spacer\"><\/div>\n","protected":false},"excerpt":{"rendered":"<p>.<\/p>\n","protected":false},"author":27,"featured_media":380908,"comment_status":"open","ping_status":"open","sticky":false,"template":"","format":"standard","meta":{"give_campaign_id":0,"_seopress_robots_primary_cat":"","_seopress_titles_title":"","_seopress_titles_desc":"","_seopress_robots_index":"","_et_pb_use_builder":"","_et_pb_old_content":"","_et_gb_content_width":"","footnotes":""},"categories":[3169,46],"tags":[3771,3358,3346,3770,3199],"class_list":["post-380909","post","type-post","status-publish","format-standard","has-post-thumbnail","hentry","category-margaret-karram-es","category-sin-categorizar","tag-leone-xiv-es","tag-margaret-karram-es","tag-notifiche-es","tag-papa-es","tag-ppg-es"],"_links":{"self":[{"href":"https:\/\/www.focolare.org\/es\/wp-json\/wp\/v2\/posts\/380909","targetHints":{"allow":["GET"]}}],"collection":[{"href":"https:\/\/www.focolare.org\/es\/wp-json\/wp\/v2\/posts"}],"about":[{"href":"https:\/\/www.focolare.org\/es\/wp-json\/wp\/v2\/types\/post"}],"author":[{"embeddable":true,"href":"https:\/\/www.focolare.org\/es\/wp-json\/wp\/v2\/users\/27"}],"replies":[{"embeddable":true,"href":"https:\/\/www.focolare.org\/es\/wp-json\/wp\/v2\/comments?post=380909"}],"version-history":[{"count":0,"href":"https:\/\/www.focolare.org\/es\/wp-json\/wp\/v2\/posts\/380909\/revisions"}],"wp:featuredmedia":[{"embeddable":true,"href":"https:\/\/www.focolare.org\/es\/wp-json\/wp\/v2\/media\/380908"}],"wp:attachment":[{"href":"https:\/\/www.focolare.org\/es\/wp-json\/wp\/v2\/media?parent=380909"}],"wp:term":[{"taxonomy":"category","embeddable":true,"href":"https:\/\/www.focolare.org\/es\/wp-json\/wp\/v2\/categories?post=380909"},{"taxonomy":"post_tag","embeddable":true,"href":"https:\/\/www.focolare.org\/es\/wp-json\/wp\/v2\/tags?post=380909"}],"curies":[{"name":"wp","href":"https:\/\/api.w.org\/{rel}","templated":true}]}}