{"id":381347,"date":"2025-05-20T15:03:09","date_gmt":"2025-05-20T13:03:09","guid":{"rendered":"https:\/\/www.focolare.org\/el-concilio-de-nicea-una-pagina-historica-y-actual-de-la-vida-de-la-iglesia\/"},"modified":"2025-05-20T22:05:09","modified_gmt":"2025-05-20T20:05:09","slug":"el-concilio-de-nicea-una-pagina-historica-y-actual-de-la-vida-de-la-iglesia","status":"publish","type":"post","link":"https:\/\/www.focolare.org\/es\/el-concilio-de-nicea-una-pagina-historica-y-actual-de-la-vida-de-la-iglesia\/","title":{"rendered":"El Concilio de Nicea: una p\u00e1gina hist\u00f3rica y actual de la vida de la Iglesia"},"content":{"rendered":"\n<p>Mucho se ha dicho y se seguir\u00e1 diciendo sobre la importancia ecum\u00e9nica del a\u00f1o 2025. El <strong>1700\u00ba aniversario del Concilio de Nicea <\/strong>es solo uno, aunque fundamental, de los diversos aniversarios importantes para toda la cristiandad que se celebran este a\u00f1o. \u00bfPor qu\u00e9 es esencial recordar Nicea incluso hoy? \u00bfCu\u00e1l es su relevancia? Para comprenderlo bien, debemos remontarnos al siglo IV.    <\/p>\n\n<div class=\"wp-block-media-text has-media-on-the-right is-stacked-on-mobile\" style=\"grid-template-columns:auto 30%\"><div class=\"wp-block-media-text__content\">\n<p>En el a\u00f1o 313, el emperador Constantino accedi\u00f3 a conceder a los cristianos la libertad de culto, poniendo fin a la persecuci\u00f3n religiosa en todo el imperio. M\u00e1s tarde, en el a\u00f1o 324, Constantino se convirti\u00f3 en la m\u00e1xima autoridad de todo el imperio, tanto en Occidente como en Oriente, pero comprendi\u00f3 que una controversia doctrinal pod\u00eda perturbar la paz territorial. Por lo tanto, decidi\u00f3 convocar un Concilio de toda la Iglesia para resolver el asunto; era consciente de que se trataba de una cuesti\u00f3n religiosa, pero tambi\u00e9n estaba convencido de que la unidad religiosa era un factor importante para la estabilidad pol\u00edtica. Entre 250 y 318 obispos de todo el Imperio llegaron a Nicea. El objetivo principal era defender y confirmar la fe y la doctrina transmitidas por los ap\u00f3stoles sobre la Persona divina y humana de Jesucristo, frente a otra doctrina que se extend\u00eda entre los cristianos: la del presb\u00edtero Arrio de Alejandr\u00eda en Egipto y sus partidarios, quienes afirmaban que Jesucristo no siempre hab\u00eda sido Dios, sino la primera y m\u00e1s sublime criatura de Dios.    <\/p>\n\n\n\n<div style=\"height:20px\" aria-hidden=\"true\" class=\"wp-block-spacer\"><\/div>\n<\/div><figure class=\"wp-block-media-text__media\"><img alt=\"\" alt=\"\" loading=\"lazy\" decoding=\"async\" width=\"459\" height=\"596\" src=\"https:\/\/www.focolare.org\/wp-content\/uploads\/2025\/05\/First_Nicea_Council_Icon_from_Protatos_Church_1770.jpg\" alt=\"\" class=\"wp-image-381328 size-full\" srcset=\"https:\/\/www.focolare.org\/wp-content\/uploads\/2025\/05\/First_Nicea_Council_Icon_from_Protatos_Church_1770.jpg 459w, https:\/\/www.focolare.org\/wp-content\/uploads\/2025\/05\/First_Nicea_Council_Icon_from_Protatos_Church_1770-231x300.jpg 231w\" sizes=\"(max-width: 459px) 100vw, 459px\" \/><\/figure><\/div>\n\n<figure class=\"wp-block-gallery has-nested-images columns-default is-cropped wp-block-gallery-1 is-layout-flex wp-block-gallery-is-layout-flex\">\n<figure class=\"wp-block-image size-large\"><img alt=\"\" alt=\"\" loading=\"lazy\" decoding=\"async\" width=\"1024\" height=\"693\" data-id=\"381323\" src=\"https:\/\/www.focolare.org\/wp-content\/uploads\/2025\/05\/Carole-Raddato-1024x693.jpg\" alt=\"\" class=\"wp-image-381323\" srcset=\"https:\/\/www.focolare.org\/wp-content\/uploads\/2025\/05\/Carole-Raddato-980x663.jpg 980w, https:\/\/www.focolare.org\/wp-content\/uploads\/2025\/05\/Carole-Raddato-480x325.jpg 480w\" sizes=\"(min-width: 0px) and (max-width: 480px) 480px, (min-width: 481px) and (max-width: 980px) 980px, (min-width: 981px) 1024px, 100vw\" \/><figcaption class=\"wp-element-caption\">Puerta de Constantinopla (antigua ciudad de Nicea)<\/figcaption><\/figure>\n\n\n\n<figure class=\"wp-block-image size-large\"><img alt=\"\" alt=\"\" loading=\"lazy\" decoding=\"async\" width=\"1024\" height=\"526\" data-id=\"381333\" src=\"https:\/\/www.focolare.org\/wp-content\/uploads\/2025\/05\/Lefke_Kapisi_Iznik_932a-1024x526.jpg\" alt=\"\" class=\"wp-image-381333\" srcset=\"https:\/\/www.focolare.org\/wp-content\/uploads\/2025\/05\/Lefke_Kapisi_Iznik_932a-980x504.jpg 980w, https:\/\/www.focolare.org\/wp-content\/uploads\/2025\/05\/Lefke_Kapisi_Iznik_932a-480x247.jpg 480w\" sizes=\"(min-width: 0px) and (max-width: 480px) 480px, (min-width: 481px) and (max-width: 980px) 980px, (min-width: 981px) 1024px, 100vw\" \/><figcaption class=\"wp-element-caption\">Puerta de Lefke (muralla de Nicea)<\/figcaption><\/figure>\n<\/figure>\n\n<div style=\"height:15px\" aria-hidden=\"true\" class=\"wp-block-spacer\"><\/div>\n\n<p>Es comprensible que tal misterio, es decir, la persona de Jesucristo, representara un desaf\u00edo para la inteligencia humana. Pero, al mismo tiempo, el testimonio de los ap\u00f3stoles y de muchos cristianos capaces de morir \u2014 para defender esta fe \u2014 fue m\u00e1s fuerte. Incluso entre los obispos que acudieron al Concilio, muchos a\u00fan llevaban las marcas de la tortura y el sufrimiento padecidos por esta raz\u00f3n.  <\/p>\n\n<p>As\u00ed defini\u00f3 aquel Concilio la fe en la que se funda el cristianismo y que profesan todas las Iglesias cristianas, el Dios revelado por Jesucristo es un Dios \u00fanico, pero no solitario: Padre, Hijo y Esp\u00edritu Santo son un solo Dios en tres Personas distintas que han existido siempre.<\/p>\n\n<p>Recordar Nicea hoy es, por tanto, de gran importancia y actualidad: un Concilio que sent\u00f3 las bases de la estructura sinodal de la Iglesia, de la que hoy buscamos mayor concreci\u00f3n; un Concilio que unific\u00f3 el d\u00eda de la celebraci\u00f3n de la Pascua para toda la Iglesia (siglos despu\u00e9s, hasta hoy, con el cambio de calendarios, la fecha se volvi\u00f3 diferente para las Iglesias de Occidente y Oriente) y que sent\u00f3 los puntos fundamentales de la fe cristiana. En particular, este \u00faltimo punto nos interpela hoy de forma contundente. Quiz\u00e1s la tendencia a no creer en la divinidad de Jesucristo nunca haya desaparecido del todo. Hoy, para muchos, es m\u00e1s f\u00e1cil y c\u00f3modo hablar de Jes\u00fas privilegiando sus prerrogativas humanas como hombre sabio, ejemplar y profeta, en lugar de creerlo como el Hijo unig\u00e9nito de Dios, de la misma sustancia que el Padre.   <\/p>\n\n<figure class=\"wp-block-image size-large\"><img alt=\"\" alt=\"\" loading=\"lazy\" decoding=\"async\" width=\"2560\" height=\"742\" src=\"https:\/\/www.focolare.org\/wp-content\/uploads\/2025\/05\/The_fertile_plain_aroun_Lake_Ascania_Nicaea_Turkey_24705170968-scaled-e1747745233477.jpg\" alt=\"\" class=\"wp-image-381318\" srcset=\"https:\/\/www.focolare.org\/wp-content\/uploads\/2025\/05\/The_fertile_plain_aroun_Lake_Ascania_Nicaea_Turkey_24705170968-scaled-e1747745233477.jpg 2560w, https:\/\/www.focolare.org\/wp-content\/uploads\/2025\/05\/The_fertile_plain_aroun_Lake_Ascania_Nicaea_Turkey_24705170968-scaled-e1747745233477-1280x720.jpg 1280w, https:\/\/www.focolare.org\/wp-content\/uploads\/2025\/05\/The_fertile_plain_aroun_Lake_Ascania_Nicaea_Turkey_24705170968-scaled-e1747745233477-980x551.jpg 980w, https:\/\/www.focolare.org\/wp-content\/uploads\/2025\/05\/The_fertile_plain_aroun_Lake_Ascania_Nicaea_Turkey_24705170968-scaled-e1747745233477-480x270.jpg 480w\" sizes=\"(min-width: 0px) and (max-width: 480px) 480px, (min-width: 481px) and (max-width: 980px) 980px, (min-width: 981px) and (max-width: 1280px) 1280px, (min-width: 1281px) 2560px, 100vw\" \/><figcaption class=\"wp-element-caption\">Iznik, antigua Nicea, hoy es una peque\u00f1a ciudad de Turqu\u00eda<\/figcaption><\/figure>\n\n<div style=\"height:14px\" aria-hidden=\"true\" class=\"wp-block-spacer\"><\/div>\n\n<p>Ante estos desaf\u00edos, podemos pensar que Jesucristo tambi\u00e9n nos dirige hoy la misma pregunta que dirigi\u00f3 a los ap\u00f3stoles:<em> \u201cY ustedes, \u00bfqui\u00e9n dicen que soy yo?\u201d<\/em> (<em>Mt<\/em> 16,13-17).<\/p>\n\n<p>Aceptar el Credo de Nicea y profesarlo juntos es, por tanto, ecum\u00e9nicamente importante, tambi\u00e9n porque la reconciliaci\u00f3n de los cristianos implica reconciliaci\u00f3n no solo con y entre las Iglesias del presente, sino tambi\u00e9n con la tradici\u00f3n de la Iglesia primitiva y apost\u00f3lica.<\/p>\n\n<p>Considerando el mundo de hoy, con todas sus angustias, problemas y expectativas, nos damos cuenta a\u00fan m\u00e1s de c\u00f3mo la unidad cristiana no es s\u00f3lo una necesidad evang\u00e9lica, sino tambi\u00e9n una urgencia hist\u00f3rica.<\/p>\n\n<p>Si queremos confesar juntos que Jes\u00fas es Dios, entonces sus palabras, especialmente lo que \u00e9l llam\u00f3 su nuevo mandamiento, el criterio que estableci\u00f3 para que el mundo nos reconociera como sus disc\u00edpulos, adquirir\u00e1n gran valor. Vivir este mandamiento <em>\u201cser\u00e1 la \u00fanica manera, o sin duda la m\u00e1s eficaz, de hablar de Dios hoy a quienes no creen, de hacer que la Resurrecci\u00f3n de Cristo sea comprensible para el hombre de hoy\u201d<\/em> <a href=\"#_ftn1\" id=\"_ftnref1\">[1]<\/a>.<br\/><br\/><br\/>[1] BENEDICTO XVI, Luz del mundo. El Papa, la Iglesia y los signos de los tiempos. Una conversaci\u00f3n con Peter Seewald, Herder, Barcelona 2010. <\/p>\n\n<p class=\"has-text-align-right\"><em>Centro \u201cUno\u201d<\/em><\/p>\n\n<p><em>Para profundizar sobre el tema est\u00e1 disponible el video:<\/em> <strong><a href=\"https:\/\/www.youtube.com\/watch?v=Z15Xf7CrSs8\" target=\"_blank\" rel=\"noreferrer noopener\">Desde Nicea caminando juntos hacia la unidad<\/a> <\/strong><\/p>\n\n<hr class=\"wp-block-separator has-alpha-channel-opacity\"\/>\n\n<p class=\"has-text-color has-link-color has-small-font-size wp-elements-6f54cd8b6a31d9c9978fad083e6792f1\" style=\"color:#787878\"><a href=\"#_ftnref1\" id=\"_ftn1\">[1]<\/a> <a>BENEDICTO XVI<em>, Luz del mundo. El Papa, la Iglesia y los signos de los tiempos. Una conversaci\u00f3n con Peter Seewald  <\/em>, Herder, Barcelona 2010.<\/a>  98.<\/p>\n\n<div style=\"height:113px\" aria-hidden=\"true\" class=\"wp-block-spacer\"><\/div>\n","protected":false},"excerpt":{"rendered":"<p>El 20 de mayo &#8211; fecha mencionada por la mayor\u00eda de los historiadores \u2013 del 1700, inici\u00f3 el primer Concilio ecum\u00e9nico de la Iglesia. Corr\u00eda el a\u00f1o 325, en Nicea, actualmente Iznik, en Turqu\u00eda, hoy una peque\u00f1a ciudad ubicada a 140 km al sur de Estambul, rodeada de las ruinas de una fortaleza que a\u00fan habla de aquellos tiempos.  <\/p>\n","protected":false},"author":34,"featured_media":381317,"comment_status":"open","ping_status":"open","sticky":false,"template":"","format":"standard","meta":{"give_campaign_id":0,"_seopress_robots_primary_cat":"","_seopress_titles_title":"","_seopress_titles_desc":"","_seopress_robots_index":"","_et_pb_use_builder":"","_et_pb_old_content":"","_et_gb_content_width":"","footnotes":""},"categories":[3027,3192,46],"tags":[3778,4120,3454,3346,3199],"class_list":["post-381347","post","type-post","status-publish","format-standard","has-post-thumbnail","hentry","category-chiesa-4","category-ecumenismo-es","category-sin-categorizar","tag-concilio-nicea-es","tag-di2-es","tag-dialogo-ecumenico-es","tag-notifiche-es","tag-ppg-es"],"_links":{"self":[{"href":"https:\/\/www.focolare.org\/es\/wp-json\/wp\/v2\/posts\/381347","targetHints":{"allow":["GET"]}}],"collection":[{"href":"https:\/\/www.focolare.org\/es\/wp-json\/wp\/v2\/posts"}],"about":[{"href":"https:\/\/www.focolare.org\/es\/wp-json\/wp\/v2\/types\/post"}],"author":[{"embeddable":true,"href":"https:\/\/www.focolare.org\/es\/wp-json\/wp\/v2\/users\/34"}],"replies":[{"embeddable":true,"href":"https:\/\/www.focolare.org\/es\/wp-json\/wp\/v2\/comments?post=381347"}],"version-history":[{"count":0,"href":"https:\/\/www.focolare.org\/es\/wp-json\/wp\/v2\/posts\/381347\/revisions"}],"wp:featuredmedia":[{"embeddable":true,"href":"https:\/\/www.focolare.org\/es\/wp-json\/wp\/v2\/media\/381317"}],"wp:attachment":[{"href":"https:\/\/www.focolare.org\/es\/wp-json\/wp\/v2\/media?parent=381347"}],"wp:term":[{"taxonomy":"category","embeddable":true,"href":"https:\/\/www.focolare.org\/es\/wp-json\/wp\/v2\/categories?post=381347"},{"taxonomy":"post_tag","embeddable":true,"href":"https:\/\/www.focolare.org\/es\/wp-json\/wp\/v2\/tags?post=381347"}],"curies":[{"name":"wp","href":"https:\/\/api.w.org\/{rel}","templated":true}]}}