{"id":382401,"date":"2025-06-09T05:00:00","date_gmt":"2025-06-09T03:00:00","guid":{"rendered":"https:\/\/www.focolare.org\/?p=382401"},"modified":"2025-10-15T16:47:08","modified_gmt":"2025-10-15T14:47:08","slug":"volver-a-nacer-desde-la-oscuridad-un-llamado-a-la-unidad","status":"publish","type":"post","link":"https:\/\/www.focolare.org\/es\/volver-a-nacer-desde-la-oscuridad-un-llamado-a-la-unidad\/","title":{"rendered":"Volver a nacer desde la oscuridad: un llamado a la unidad"},"content":{"rendered":"\n<p>Provengo de un contexto familiar de divisi\u00f3n; nac\u00ed de una relaci\u00f3n extra-matrimonial de mi padre. Por ello mantuve en secreto mi existencia y durante mucho tiempo sent\u00ed, sobre todo siendo ni\u00f1a, un tempor\u00e1neo abandono de su parte. <\/p>\n\n<p> Sent\u00eda que mi historia ten\u00eda algo que quedaba en la oscuridad. Lo que no sab\u00eda era que Jes\u00fas iniciar\u00eda un proceso de conversi\u00f3n radical en la vida de mi padre, que lo llevar\u00eda a ser un pastor pentecostal. <\/p>\n\n<p>Mi historia y el sentido de abandono podr\u00edan haber sido, sin duda, un motivo para alejarme de la fe. Sin embargo, no fue lo que sucedi\u00f3. Frente a la experiencia del abandono, no pod\u00eda dejar de interrogarme acerca de ese amor que, incluso frente al dolor de una ni\u00f1a, hab\u00eda alcanzado la vida de mi padre. A veces me preguntaba: \u201c\u00bfQu\u00e9 tipo de amor es \u00e9ste, que es capaz de atravesar el dolor que estoy sintiendo?\u201d. Cuando ten\u00eda 16 a\u00f1os, durante un crucero por la finalizaci\u00f3n de mis estudios secundarios, encontr\u00e9 ese amor. Una noche, sentada en la parte superior del buque, la voz del Se\u00f1or habl\u00f3 claramente a mi coraz\u00f3n: \u201cNo has nacido para hacer lo que hacen tus amigos, Mayara, t\u00fa eres m\u00eda\u201d. Gracias a lo que empez\u00f3 all\u00ed, me volv\u00ed una joven pentecostal convencida.       <\/p>\n\n<p>Cuando ten\u00eda 19 a\u00f1os, entr\u00e9 a la Pontificia Universidad Cat\u00f3lica de San Pablo (Brasil) para estudiar teolog\u00eda. Tras una historia que s\u00f3lo el Esp\u00edritu puede escribir, llegu\u00e9 a ser presidente del Centro acad\u00e9mico y de la Comisi\u00f3n estudiantil de teolog\u00eda del Estado de San Pablo. Era muy amiga de algunos seminaristas, y tuve contactos con varias di\u00f3cesis y \u00f3rdenes religiosas; algunos sacerdotes visitaban mi casa a menudo. Al comienzo, mi madre bromeaba: \u201cNunca me hubiera imaginado tener a tantos sacerdotes en mi casa, Mayara\u201d.<\/p>\n\n<p>Por esa experiencia decid\u00ed escribir mi tesis final sobre la unidad de los cristianos, pero cuando empec\u00e9 a pensar en qu\u00e9 camino tendr\u00eda que seguir, se dieron muchas cosas que me llevaron a reflexionar sobre mi historia familiar; atraves\u00e9 un profundo proceso de perd\u00f3n y reconciliaci\u00f3n. Y as\u00ed, mientras perdonaba, escrib\u00eda. En todo momento, mi memoria me recordaba cu\u00e1nto puede doler tener una familia dividida, pero fue en esos momentos cuando el Se\u00f1or tambi\u00e9n me pregunt\u00f3: \u201c\u00bfY mi familia, la Iglesia?\u201d Pod\u00eda, y sent\u00ed que era necesario, unir mi abandono al de Jes\u00fas.   <\/p>\n\n<div class=\"wp-block-media-text has-media-on-the-right is-stacked-on-mobile has-background\" style=\"background-color:#f9f8f1;grid-template-columns:auto 48%\"><div class=\"wp-block-media-text__content\">\n<p><strong>\n  <em>\u00abDecid\u00ed escribir mi tesis final sobre la unidad de los cristianos (&#8230;), y se dieron muchas cosas que me llevaron a reflexionar sobre mi historia familiar; atraves\u00e9 un profundo proceso de perd\u00f3n y reconciliaci\u00f3n\u00bb.<\/em>\n<\/strong><\/p>\n\n\n\n<p><\/p>\n\n\n\n<p class=\"has-text-align-right has-small-font-size\"><em>Nella foto: Mayara durante el <a href=\"https:\/\/www.focolare.org\/es\/encuentro-ecumenico-con-esperanza-y-valentia\/\" target=\"_blank\" rel=\"noreferrer noopener\">Congreso Ecum\u00e9nico<\/a> <\/em><br\/>\n  <em>en Castel Gandolfo (Roma, Italia) en el mes de 2025<\/em>\n<\/p>\n<\/div><figure class=\"wp-block-media-text__media\"><img alt=\"\" alt=\"\" loading=\"lazy\" decoding=\"async\" width=\"1024\" height=\"683\" src=\"https:\/\/www.focolare.org\/wp-content\/uploads\/2025\/06\/SAM_4757-1024x683.jpg\" alt=\"\" class=\"wp-image-382376 size-full\" srcset=\"https:\/\/www.focolare.org\/wp-content\/uploads\/2025\/06\/SAM_4757-1024x683.jpg 1024w, https:\/\/www.focolare.org\/wp-content\/uploads\/2025\/06\/SAM_4757-980x653.jpg 980w, https:\/\/www.focolare.org\/wp-content\/uploads\/2025\/06\/SAM_4757-480x320.jpg 480w\" sizes=\"(min-width: 0px) and (max-width: 480px) 480px, (min-width: 481px) and (max-width: 980px) 980px, (min-width: 981px) 1024px, 100vw\" \/><\/figure><\/div>\n\n<div style=\"height:20px\" aria-hidden=\"true\" class=\"wp-block-spacer\"><\/div>\n\n<p>Partiendo del patrimonio com\u00fan de la Sagrada Escritura, conclu\u00ed esa etapa tan sufrida escribiendo sobre el tema: \u201cEl Esp\u00edritu y la Esposa dicen: \u00a1ven!\u201d La figura de la Esposa como respuesta prof\u00e9tica a la unidad de la Iglesia\u201d. Fue ese paso el que me condujo al di\u00e1logo cat\u00f3lico-pentecostal: a la Comisi\u00f3n para la unidad de la Renovaci\u00f3n carism\u00e1tico-cat\u00f3lica de San Pablo y a la <g id=\"gid_0\">Misi\u00f3n Somos uno<\/g>. Fundada por laicos en el contexto de una comunidad cat\u00f3lica (Cora\u00e7\u00e3o Novo-RJ), la <em>Misi\u00f3n Somos uno<\/em> se basa en una carta de intenciones firmada por l\u00edderes cat\u00f3licos y evang\u00e9licos en la que se definen los cuatro pilares del camino de di\u00e1logo: <strong>respeto de las identidades confesionales<\/strong>, <strong>eclesialidad<\/strong>, <strong>no proselitismo<\/strong> y <strong>cultura del encuentro<\/strong>. En el calendario oficial de la ciudad de Rio de Janeiro incluso hay una semana cuyo t\u00edtulo es \u201c<em>Semana Somos uno<\/em>\u201d y nos ha sorprendido que hayamos recibido el reconocimiento como Patrimonio cultural e inmaterial. En la pr\u00e1ctica, la Misi\u00f3n re\u00fane a l\u00edderes evang\u00e9licos, cat\u00f3licos y pentecostales con una finalidad com\u00fan: proclamar la unidad de los cristianos. El di\u00e1logo teol\u00f3gico se ha hecho posible por la creaci\u00f3n de un Grupo de trabajo (GdT) cat\u00f3lico-pentecostal nacional. Su objetivo es reflexionar teol\u00f3gica y pastoralmente acerca de la experiencia carism\u00e1tico-pentecostal, a partir de la realidad latino-americana. Recientemente hemos publicado el primer informe, fruto de nuestros encuentros, sobre los dones del Esp\u00edritu Santo. En el 2022 empez\u00f3 el trabajo de la <g id=\"gid_7\">Misi\u00f3n J\u00f3venes Somos Uno<\/g>, un grupo en el que me encuentro totalmente involucrada con todo mi coraz\u00f3n y mi servicio. Por todos estos motivos veo a la <g id=\"gid_8\">Misi\u00f3n <\/g><g id=\"gid_9\">Somos uno<\/g> como un signo de esperanza. En primer lugar, por toda la comuni\u00f3n que he experimentado y, en segundo lugar, porque mi historia personal se entrelaza sin duda con ella.         <\/p>\n\n<p>Como encargados que somos de ser \u201cperegrinos de la esperanza\u201d, quisiera concluir todo esto que les he compartido con una frase que mi padre dice cuando cuenta la historia de nuestra familia. Repite innumerables veces que ella naci\u00f3 entre dolores y heridas, pero inundada por el amor infinito de Dios; se trata de la tribulaci\u00f3n que se ha convertido en vocaci\u00f3n\u201d. Cuando mi padre vislumbra esa realidad, cita siempre la carta de San Pablo a los Romanos: \u201cAll\u00ed en donde abund\u00f3 el pecado, sobreabund\u00f3 la gracia de Dios\u201d (<g id=\"gid_0\">Romanos <\/g>5, 20). Parafraseando ese texto b\u00edblico, en esta \u201cSemana de oraci\u00f3n por la unidad de los cristianos 2025\u201d, en el a\u00f1o del Jubileo y de la celebraci\u00f3n de tantos aniversarios importantes como el Concilio de Nicea, me anima y me hace pensar que en medio de tantas heridas abundantes a lo largo de la historia de la Iglesia, seguramente Dios hace sobreabundar su esperanza.   <\/p>\n\n<p class=\"has-text-align-right\"><em>Mayara Pazetto<\/em><br\/>\n  <em>Foto: \u00a9 CSC Audivisivi<\/em>\n<\/p>\n\n<div style=\"height:142px\" aria-hidden=\"true\" class=\"wp-block-spacer\"><\/div>\n","protected":false},"excerpt":{"rendered":"<p>En los d\u00edas de la fiesta de Pentecost\u00e9s se celebra, en los pa\u00edses del hemisferio sur, la Semana de Oraci\u00f3n por la Unidad de los Cristianos. Mayara Pazetto, joven te\u00f3loga pentecostal brasile\u00f1a, cuenta lo que le sucedi\u00f3 y la llev\u00f3 a comprometerse en la promoci\u00f3n del di\u00e1logo entre las diferentes Iglesias cristianas.  <\/p>\n","protected":false},"author":34,"featured_media":382373,"comment_status":"open","ping_status":"open","sticky":false,"template":"","format":"standard","meta":{"give_campaign_id":0,"_seopress_robots_primary_cat":"","_seopress_titles_title":"","_seopress_titles_desc":"","_seopress_robots_index":"","_et_pb_use_builder":"","_et_pb_old_content":"","_et_gb_content_width":"","footnotes":""},"categories":[3192,3289],"tags":[3082,4120,3454,3346,3199,3808],"class_list":["post-382401","post","type-post","status-publish","format-standard","has-post-thumbnail","hentry","category-ecumenismo-es","category-testimonianze-di-vita-es","tag-brasile-4","tag-di2-es","tag-dialogo-ecumenico-es","tag-notifiche-es","tag-ppg-es","tag-testimonianza-es"],"_links":{"self":[{"href":"https:\/\/www.focolare.org\/es\/wp-json\/wp\/v2\/posts\/382401","targetHints":{"allow":["GET"]}}],"collection":[{"href":"https:\/\/www.focolare.org\/es\/wp-json\/wp\/v2\/posts"}],"about":[{"href":"https:\/\/www.focolare.org\/es\/wp-json\/wp\/v2\/types\/post"}],"author":[{"embeddable":true,"href":"https:\/\/www.focolare.org\/es\/wp-json\/wp\/v2\/users\/34"}],"replies":[{"embeddable":true,"href":"https:\/\/www.focolare.org\/es\/wp-json\/wp\/v2\/comments?post=382401"}],"version-history":[{"count":2,"href":"https:\/\/www.focolare.org\/es\/wp-json\/wp\/v2\/posts\/382401\/revisions"}],"predecessor-version":[{"id":388973,"href":"https:\/\/www.focolare.org\/es\/wp-json\/wp\/v2\/posts\/382401\/revisions\/388973"}],"wp:featuredmedia":[{"embeddable":true,"href":"https:\/\/www.focolare.org\/es\/wp-json\/wp\/v2\/media\/382373"}],"wp:attachment":[{"href":"https:\/\/www.focolare.org\/es\/wp-json\/wp\/v2\/media?parent=382401"}],"wp:term":[{"taxonomy":"category","embeddable":true,"href":"https:\/\/www.focolare.org\/es\/wp-json\/wp\/v2\/categories?post=382401"},{"taxonomy":"post_tag","embeddable":true,"href":"https:\/\/www.focolare.org\/es\/wp-json\/wp\/v2\/tags?post=382401"}],"curies":[{"name":"wp","href":"https:\/\/api.w.org\/{rel}","templated":true}]}}