{"id":382578,"date":"2025-06-14T05:00:00","date_gmt":"2025-06-14T03:00:00","guid":{"rendered":"https:\/\/www.focolare.org\/?p=382578"},"modified":"2025-06-13T21:16:01","modified_gmt":"2025-06-13T19:16:01","slug":"el-padre-foresi-los-anos-de-su-trabajo-en-la-encarnacion-del-carisma","status":"publish","type":"post","link":"https:\/\/www.focolare.org\/es\/el-padre-foresi-los-anos-de-su-trabajo-en-la-encarnacion-del-carisma\/","title":{"rendered":"El Padre Foresi: los a\u00f1os de su trabajo en la encarnaci\u00f3n del carisma"},"content":{"rendered":"\n<p><strong><em>Tras la publicaci\u00f3n de la primera parte de la biograf\u00eda del Padre Foresi dedicada al per\u00edodo inicial de su vida, sali\u00f3 tambi\u00e9n la segunda parte, que lleva como t\u00edtulo: \u201cLa regola e l\u2019eccesso\u201d (La regla y el exceso) de la Editorial Citt\u00e0 Nuova, de las tres previstas, que afronta los a\u00f1os que van de 1954 a 1962. \u00bfQu\u00e9 surge, para Usted, en este volumen como nota caracter\u00edstica de ese per\u00edodo de la vida de Foresi? <\/em><\/strong><\/p>\n\n<p>Una nota que caracteriza profundamente la vida y la experiencia de Pasquale Foresi en los a\u00f1os indicados se puede expresar de la siguiente manera: era un esp\u00edritu libre, de una persona animada por una tensi\u00f3n creativa entre carisma y cultura, movida por la exigencia de traducir espiritual y operativamente la inspiraci\u00f3n de Chiara Lubich (el carisma de la unidad) y la necesidad, de alguna manera, de darle espesor teol\u00f3gico, filos\u00f3fica e institucional, en un contexto eclesial ampliamente preconciliar. El libro lo describe muy bien, como una persona comprometida, junto a Chiara Lubich, en \u201cencarnar\u201d el carisma en formas comprensibles para la Iglesia del tiempo y para el mundo cultural y laico en general. En ese sentido se puede llegar a definirlo, m\u00e1s all\u00e1 de un cofundador, tambi\u00e9n como un int\u00e9rprete eclesial del carisma; como la persona que trataba de hacerlo \u201cexplicable\u201d en los c\u00f3digos de la Iglesia y que quiso ser constructor de puentes entre la dimensi\u00f3n m\u00edstica de Chiara Lubich y la teolog\u00eda cl\u00e1sica, haci\u00e9ndola accesible a muchos sin aguarla.  <\/p>\n\n<p>Al mismo tiempo Foresi era un intelectual at\u00edpico y un pensador original. A pesar de no haber dejado grandes obras sistem\u00e1ticas (tampoco se lo hab\u00eda propuesto como tarea espec\u00edfica), ejerci\u00f3 un fuerte impacto en la Obra de Mar\u00eda (Movimiento de los Focolares), justamente en el lapso de tiempo descrito en este volumen. Este segundo libro documenta una existencia din\u00e1mica, atravesada por un sentimiento de urgencia, como si las palabras del Evangelio relacionadas con el desarrollo del Movimiento de los Focolares tuvieran que encarnarse \u201censeguida\u201d, sin postergaciones.  <\/p>\n\n<div class=\"wp-block-media-text is-stacked-on-mobile is-vertically-aligned-center has-background\" style=\"background-color:#f2e6c1;grid-template-columns:17% auto\"><figure class=\"wp-block-media-text__media\"><img alt=\"\" alt=\"\" loading=\"lazy\" decoding=\"async\" width=\"334\" height=\"410\" src=\"https:\/\/www.focolare.org\/wp-content\/uploads\/2025\/06\/IMG-20160911-WA0007-e1749810541146.jpg\" alt=\"\" class=\"wp-image-382541 size-medium\"\/><\/figure><div class=\"wp-block-media-text__content\">\n<p><em><strong>\u00abDon Foresi, un esp\u00edritu libre, una persona animada por una tensi\u00f3n creativa entre carisma y cultura\u00bb<\/strong><\/em>.<\/p>\n\n\n\n<p class=\"has-small-font-size\">Nuestro entrevistado, el profesor Marco Luppi, investigador de Historia Contempor\u00e1nea en el Instituto Universitario Sophia de Loppiano (Italia).<\/p>\n<\/div><\/div>\n\n<div style=\"height:17px\" aria-hidden=\"true\" class=\"wp-block-spacer\"><\/div>\n\n<p><strong><em>Las m\u00e1s de 600 p\u00e1ginas del texto afrontan no s\u00f3lo los episodios que se refieren a la vida de Foresi en el per\u00edodo en examen, sino que tambi\u00e9n trazan la vida y la historia de Chiara Lubich y del Movimiento de los Focolares de esos a\u00f1os, detallando tambi\u00e9n situaciones y acontecimientos en los cuales \u00e9l no estuvo presente, como el mismo autor afirma. \u00bfPor qu\u00e9 piensa Usted que se hizo esa opci\u00f3n editorial? <\/em><\/strong><\/p>\n\n<p>Zanzucchi incluye eventos y episodios de vida incluso que Foresi no vivi\u00f3 directamente porque su figura no puede separarse de la historia del Movimiento de los Focolares. Contar el contexto, los protagonistas y las din\u00e1micas colectivas permite captar el significado del aporte de Foresi, insert\u00e1ndolo en la trama viva de una experiencia comunitaria. Como afirma claramente en su introducci\u00f3n, Zanzucchi ve en Foresi no s\u00f3lo un protagonista, sino tambi\u00e9n un cofundador, o sea uno de los elementos estructurales y constitutivos del Movimiento de los Focolares. Por consiguiente la biograf\u00eda de Foresi es inseparable de la biograf\u00eda de la biograf\u00eda del Movimiento. En otros t\u00e9rminos, el autor adopta una perspectiva que podr\u00edamos definir \u201cbiograf\u00eda inmersa\u201d: no una simple reconstrucci\u00f3n individual, sino una narraci\u00f3n relacional y contextual, en donde el sentido de la figura de Foresi surge del di\u00e1logo vivo con otros actores (Chiara Lubich, Igino Giordani, personalidades del \u00e1mbito eclesial, etc.) y con la historia colectiva del Movimiento.    <\/p>\n\n<figure class=\"wp-block-gallery has-nested-images columns-default is-cropped wp-block-gallery-1 is-layout-flex wp-block-gallery-is-layout-flex\">\n<figure class=\"wp-block-image size-large\"><img alt=\"\" alt=\"\" loading=\"lazy\" decoding=\"async\" width=\"1024\" height=\"684\" data-id=\"382567\" src=\"https:\/\/www.focolare.org\/wp-content\/uploads\/2025\/06\/19670000_MPGNM_Rocca-di-Papa_016-1024x684.jpg\" alt=\"\" class=\"wp-image-382567\" srcset=\"https:\/\/www.focolare.org\/wp-content\/uploads\/2025\/06\/19670000_MPGNM_Rocca-di-Papa_016-980x654.jpg 980w, https:\/\/www.focolare.org\/wp-content\/uploads\/2025\/06\/19670000_MPGNM_Rocca-di-Papa_016-480x320.jpg 480w\" sizes=\"(min-width: 0px) and (max-width: 480px) 480px, (min-width: 481px) and (max-width: 980px) 980px, (min-width: 981px) 1024px, 100vw\" \/><figcaption class=\"wp-element-caption\"><em>Don Foresi con Chiara Lubich durantge un congreso (1967)<\/em><\/figcaption><\/figure>\n\n\n\n<figure class=\"wp-block-image size-large\"><img alt=\"\" alt=\"\" loading=\"lazy\" decoding=\"async\" width=\"1024\" height=\"676\" data-id=\"382562\" src=\"https:\/\/www.focolare.org\/wp-content\/uploads\/2025\/06\/19760000_SCGN2_Grottaferrata_106-1024x676.jpg\" alt=\"\" class=\"wp-image-382562\" srcset=\"https:\/\/www.focolare.org\/wp-content\/uploads\/2025\/06\/19760000_SCGN2_Grottaferrata_106-980x647.jpg 980w, https:\/\/www.focolare.org\/wp-content\/uploads\/2025\/06\/19760000_SCGN2_Grottaferrata_106-480x317.jpg 480w\" sizes=\"(min-width: 0px) and (max-width: 480px) 480px, (min-width: 481px) and (max-width: 980px) 980px, (min-width: 981px) 1024px, 100vw\" \/><figcaption class=\"wp-element-caption\"><em>Con j\u00f3venes (1976)<\/em><\/figcaption><\/figure>\n<\/figure>\n\n<div style=\"height:20px\" aria-hidden=\"true\" class=\"wp-block-spacer\"><\/div>\n\n<p><strong><em>El trabajo de Michele Zanzucchi es la primera biograf\u00eda sobre Foresi. \u00bfCu\u00e1les cree Usted que son los aspectos de la vida de Foresi que merecer\u00edan ulteriores profundizaciones e investigaciones hist\u00f3ricas? <\/em><\/strong><\/p>\n\n<p>A Zanzucchi le gusta decir, a menudo, que \u00e9l no es un historiador puro, sino m\u00e1s bien un narrador y divulgador atento y escrupuloso y que por lo tanto en varios momentos se tom\u00f3 esa licencia, con la finalidad de aclarar alg\u00fan pasaje no demasiado expl\u00edcito. Pero, sin duda, \u00e9se es un trabajo muy importante y un primer esfuerzo por devolvernos la personalidad y la vivencia de Foresi con una mirada completa. Es una mirada, y muchas otras podr\u00e1 haber, a trav\u00e9s de ese mismo esp\u00edritu cr\u00edtico, abierto a m\u00faltiples interpretaciones, que debe animar la reconstrucci\u00f3n de la historia de todo el Movimiento de los Focolares y de sus figuras de referencia. Entre las muchas profundizaciones que tienen que ver con posibles futuras investigaciones sobre Foresi, indicar\u00eda tres. Una primera sobre <em>el pensamiento teol\u00f3gico y filos\u00f3fico de Foresi.<\/em> Zanzucchi destaca que Foresi no fue un te\u00f3logo acad\u00e9mico, sino m\u00e1s bien un \u201cvisionario cultural\u201d, con una producci\u00f3n desperdigada en art\u00edculos, discursos y apuntes. Por ello se nota la falta de una exposici\u00f3n org\u00e1nica de su pensamiento sobre temas clave como Iglesia, sacramentos, relaci\u00f3n fe-raz\u00f3n, etc. Adem\u00e1s habr\u00eda que estudiar la originalidad de su pensamiento eclesiol\u00f3gico, que anticipa algunas intuiciones conciliares. Una segunda investigaci\u00f3n podr\u00eda ser la del <em>rol \u201cpol\u00edtico\u201d de Foresi y las relaciones con el mundo eclesi\u00e1stico romano<\/em>. El autor menciona repetidamente los v\u00ednculos de Foresi con la curia vaticana y con algunas personalidades eclesi\u00e1sticas. Sin embargo, no queda del todo claro el peso que tuvo Foresi en las mediaciones pol\u00edticas o eclesiales de la segunda posguerra y por lo tanto ser\u00eda \u00fatil explorarlo, especialmente en los momentos de tensi\u00f3n con la jerarqu\u00eda. Finalmente, un tercero y <em>estimulante frente podr\u00eda ser la iniciativa editoral y el \u201claboratorio cultural\u201d de Citt\u00e0 Nuova<\/em> (Ciudad Nueva). Zanzucchi destaca el rol de Foresi como fundador, director e inspirador de la revista \u201cCitt\u00e0 Nuova\u201d. \u00bfQu\u00e9 tipo de \u201ccultura\u201d trataba de proponer Foresi? \u00bfC\u00f3mo se posicionaba respecto de otras revistas cat\u00f3licas (Civilt\u00e0 Cattolica, L\u2019Osservatore Romano, Il Regno)? Tarde o temprano ser\u00e1 necesaria una monograf\u00eda tambi\u00e9n sobre lo que hizo Foresi como editor y periodista, en el contexto de la prensa cat\u00f3lica del siglo XX.               <\/p>\n\n<p class=\"has-text-align-right\"><em>a cargo di Anna Lisa Innocenti<\/em><br\/><em>Foto: \u00a9 Archivio CSC audiovisivi<\/em><\/p>\n\n<div style=\"height:139px\" aria-hidden=\"true\" class=\"wp-block-spacer\"><\/div>\n","protected":false},"excerpt":{"rendered":"<p>Hace diez a\u00f1os, el 14 de junio de 2015, mor\u00eda el te\u00f3logo Padre Pasquale Foresi (1929-2015), a quien Chiara Lubich consider\u00f3 cofundador del Movimiento. Fue el primer focolarino sacerdote y el primer Copresidente de los Focolares. Ha salido algunos meses atr\u00e1s el segundo volumen de la biograf\u00eda de Foresi, escrito por Michele Zanzucchi. Hablamos del tema con el profesor Marco Luppi, investigador de Historia Contempor\u00e1nea en el Instituto Universitario Sophia de Loppiano (Italia).    <\/p>\n","protected":false},"author":34,"featured_media":382558,"comment_status":"open","ping_status":"open","sticky":false,"template":"","format":"standard","meta":{"give_campaign_id":0,"_seopress_robots_primary_cat":"","_seopress_titles_title":"","_seopress_titles_desc":"","_seopress_robots_index":"","_et_pb_use_builder":"","_et_pb_old_content":"","_et_gb_content_width":"","footnotes":""},"categories":[2996,3000,3289],"tags":[3823,3346,3822,3199],"class_list":["post-382578","post","type-post","status-publish","format-standard","has-post-thumbnail","hentry","category-cultura-4","category-spiritualita-4","category-testimonianze-di-vita-es","tag-co-fondatore-del-movimento-dei-focolari-es","tag-notifiche-es","tag-pasquale-foresi-es","tag-ppg-es"],"_links":{"self":[{"href":"https:\/\/www.focolare.org\/es\/wp-json\/wp\/v2\/posts\/382578","targetHints":{"allow":["GET"]}}],"collection":[{"href":"https:\/\/www.focolare.org\/es\/wp-json\/wp\/v2\/posts"}],"about":[{"href":"https:\/\/www.focolare.org\/es\/wp-json\/wp\/v2\/types\/post"}],"author":[{"embeddable":true,"href":"https:\/\/www.focolare.org\/es\/wp-json\/wp\/v2\/users\/34"}],"replies":[{"embeddable":true,"href":"https:\/\/www.focolare.org\/es\/wp-json\/wp\/v2\/comments?post=382578"}],"version-history":[{"count":0,"href":"https:\/\/www.focolare.org\/es\/wp-json\/wp\/v2\/posts\/382578\/revisions"}],"wp:featuredmedia":[{"embeddable":true,"href":"https:\/\/www.focolare.org\/es\/wp-json\/wp\/v2\/media\/382558"}],"wp:attachment":[{"href":"https:\/\/www.focolare.org\/es\/wp-json\/wp\/v2\/media?parent=382578"}],"wp:term":[{"taxonomy":"category","embeddable":true,"href":"https:\/\/www.focolare.org\/es\/wp-json\/wp\/v2\/categories?post=382578"},{"taxonomy":"post_tag","embeddable":true,"href":"https:\/\/www.focolare.org\/es\/wp-json\/wp\/v2\/tags?post=382578"}],"curies":[{"name":"wp","href":"https:\/\/api.w.org\/{rel}","templated":true}]}}