{"id":382669,"date":"2025-06-19T05:00:00","date_gmt":"2025-06-19T03:00:00","guid":{"rendered":"https:\/\/www.focolare.org\/?p=382669"},"modified":"2025-06-18T16:53:52","modified_gmt":"2025-06-18T14:53:52","slug":"para-que-sirve-la-guerra-2","status":"publish","type":"post","link":"https:\/\/www.focolare.org\/es\/para-que-sirve-la-guerra-2\/","title":{"rendered":"\u00bfPara qu\u00e9 sirve la guerra?"},"content":{"rendered":"\n<p>La guerra es un homicidio en gran escala, disfrazado de una suerte de culto sagrado, como el sacrificio al dios Baal. Y la raz\u00f3n de ella es el terror que inspira, la ret\u00f3rica tras la que se esconde y los intereses que implica. Cuando la humanidad haya progresado espiritualmente, la guerra ser\u00e1 incluida entre los ritos cruentos, las supersticiones de los hechiceros y los fen\u00f3menos de barbarie. <\/p>\n\n<p>La guerra es para la humanidad lo que la enfermedad para la salud, o el pecado para el alma. Es destrucci\u00f3n y verg\u00fcenza; ataca al alma y al cuerpo, a los individuos y a la colectividad.<\/p>\n\n<p>[\u2026]<\/p>\n\n<p>\u00abTodas las cosas apetecen la paz\u00bb, seg\u00fan Tomas de Aquino. En efecto, todas apetecen la vida. Solo los locos o los enfermos terminales pueden desear la muerte. Y la guerra es muerte. El pueblo no la quiere; la quieren algunas minor\u00edas que con la violencia se aseguran provechos econ\u00f3micos o, tambi\u00e9n, la satisfacci\u00f3n de las peores pasiones. M\u00e1s que nunca hoy, los costos, las muertes y la destrucci\u00f3n definen a la guerra como una \u00abmasacre in\u00fatil\u00bb. Masacre y, adem\u00e1s, in\u00fatil. Una victoria de la muerte sobre la vida, verdadero suicidio de la humanidad.       <\/p>\n\n<div class=\"wp-block-media-text is-stacked-on-mobile has-vivid-red-color has-text-color has-background has-link-color wp-elements-ce3596d2150a3687f1e9cded5de4ac2a\" style=\"background-color:#f7f5eb;grid-template-columns:21% auto\"><figure class=\"wp-block-media-text__media\"><img alt=\"\" alt=\"\" loading=\"lazy\" decoding=\"async\" width=\"821\" height=\"1024\" src=\"https:\/\/www.focolare.org\/wp-content\/uploads\/2025\/06\/132100_HD-821x1024.jpg\" alt=\"\" class=\"wp-image-382652 size-full\"\/><\/figure><div class=\"wp-block-media-text__content\">\n<p><em><strong>\u00abTodas las cosas apetecen la paz\u00bb, seg\u00fan Tomas de Aquino. <\/strong><br\/><strong>En efecto, todas apetecen la vida. <\/strong><br\/><strong>Solo los locos o los enfermos terminales pueden desear la muerte. <\/strong><br\/><strong>Y la guerra es muerte.<\/strong><\/em><\/p>\n<\/div><\/div>\n\n<div style=\"height:25px\" aria-hidden=\"true\" class=\"wp-block-spacer\"><\/div>\n\n<p>[\u2026] Benedicto XV dio la definici\u00f3n m\u00e1s precisa al decir que la guerra es una \u00abmatanza in\u00fatil\u00bb. El cardenal Schuster la llam\u00f3 \u00abuna matanza de hombres\u00bb. Significa regiones enteras destruidas, miles y miles de pobres sin hogar ni bienes, obligados a vagar por la desolada campi\u00f1a hasta que la muerte los selle de hambre o de fr\u00edo.   <\/p>\n\n<p>[\u2026] Las ventajas materiales que pueden sacarse de una guerra victoriosa nunca llegan a compensar los da\u00f1os que \u00e9sta ocasiona; tanto es as\u00ed que se requieren varias generaciones sucesivas para reconstruir laboriosamente toda esa suma de valores espirituales y morales que hab\u00edan sido destruidos durante un exceso de frenes\u00ed b\u00e9lico\u00bb<a href=\"#_ftn1\" id=\"_ftnref1\">[1]<\/a>. [\u2026] [\u2026]<\/p>\n\n<p>\u201cLa inteligencia humana, destinada a otras finalidades, ha inventado y puesto en marcha hoy instrumentos de guerra capaces de despertar el horror en el \u00e1nimo de toda persona honesta, sobre todo porque no atacan solo ej\u00e9rcitos, sino que a menudo tambi\u00e9n a poblaciones civiles, ni\u00f1os, mujeres, ancianos, enfermos, adem\u00e1s de destruir construcciones sacras y obras de arte. \u00bfA qui\u00e9n no espanta la idea de que nuevos cementerios se sumen a los ya numerosos del reciente conflicto y que nuevas ruinas humeantes de barrios y ciudades aumenten las destrucciones anteriores?\u00bb <a href=\"#_ftn2\" id=\"_ftnref2\">[2]<\/a>. [\u2026]   [\u2026]<\/p>\n\n<p class=\"has-text-align-right\"><em>Elena Merli<\/em><\/p>\n\n<p class=\"has-small-font-size\"><em>Igino Giordani, La inutilidad de la guerra, Ciudad Nueva, Buenos Aires, 2003, (tercera edici\u00f3n), p. 9.<\/em><br\/>Foto: Apertura: \u00a9 RS via Fotos P\u00fablicas, Igino Giordani \u00a9 CSC-Audiovisivi<\/p>\n\n<hr class=\"wp-block-separator has-alpha-channel-opacity\"\/>\n\n<p class=\"has-small-font-size\"><a href=\"#_ftnref1\" id=\"_ftn1\">[1]<\/a> Card. Schuster, <em>mensaje navide\u00f1o 1950.<\/em> <br\/><a href=\"#_ftnref2\" id=\"_ftn2\">[2]<\/a> Pio XII, <em>\u00abMirabile illud\u00bb<\/em>, 1950.<\/p>\n\n<p class=\"has-small-font-size\"><\/p>\n","protected":false},"excerpt":{"rendered":"<p>En estos tiempos en que el mundo se ve desgarrado por conflictos brutales, compartimos un extracto del famoso libro escrito por Igino Giordani en 1953 y reeditado en 2003: La inutilidad de la guerra. \u00abSi quieres la paz, prepara la paz\u00bb: la ense\u00f1anza pol\u00edtica que Giordani nos ofrece en este libro se resume en este aforismo. La paz es el resultado de un proyecto: un proyecto de hermandad entre los pueblos, de solidaridad con los m\u00e1s d\u00e9biles, de respeto mutuo. As\u00ed se construye un mundo m\u00e1s justo, as\u00ed se deja de lado la guerra como una pr\u00e1ctica b\u00e1rbara propia de la fase oscura de la historia de la humanidad.    <\/p>\n","protected":false},"author":34,"featured_media":382643,"comment_status":"open","ping_status":"open","sticky":false,"template":"","format":"standard","meta":{"give_campaign_id":0,"_seopress_robots_primary_cat":"","_seopress_titles_title":"","_seopress_titles_desc":"","_seopress_robots_index":"","_et_pb_use_builder":"","_et_pb_old_content":"","_et_gb_content_width":"","footnotes":""},"categories":[2996,3094],"tags":[3523,3346,3090,3199],"class_list":["post-382669","post","type-post","status-publish","format-standard","has-post-thumbnail","hentry","category-cultura-4","category-sociale-4","tag-igino-giordani-es","tag-notifiche-es","tag-pace-2","tag-ppg-es"],"_links":{"self":[{"href":"https:\/\/www.focolare.org\/es\/wp-json\/wp\/v2\/posts\/382669","targetHints":{"allow":["GET"]}}],"collection":[{"href":"https:\/\/www.focolare.org\/es\/wp-json\/wp\/v2\/posts"}],"about":[{"href":"https:\/\/www.focolare.org\/es\/wp-json\/wp\/v2\/types\/post"}],"author":[{"embeddable":true,"href":"https:\/\/www.focolare.org\/es\/wp-json\/wp\/v2\/users\/34"}],"replies":[{"embeddable":true,"href":"https:\/\/www.focolare.org\/es\/wp-json\/wp\/v2\/comments?post=382669"}],"version-history":[{"count":0,"href":"https:\/\/www.focolare.org\/es\/wp-json\/wp\/v2\/posts\/382669\/revisions"}],"wp:featuredmedia":[{"embeddable":true,"href":"https:\/\/www.focolare.org\/es\/wp-json\/wp\/v2\/media\/382643"}],"wp:attachment":[{"href":"https:\/\/www.focolare.org\/es\/wp-json\/wp\/v2\/media?parent=382669"}],"wp:term":[{"taxonomy":"category","embeddable":true,"href":"https:\/\/www.focolare.org\/es\/wp-json\/wp\/v2\/categories?post=382669"},{"taxonomy":"post_tag","embeddable":true,"href":"https:\/\/www.focolare.org\/es\/wp-json\/wp\/v2\/tags?post=382669"}],"curies":[{"name":"wp","href":"https:\/\/api.w.org\/{rel}","templated":true}]}}