{"id":384557,"date":"2025-07-30T05:00:00","date_gmt":"2025-07-30T03:00:00","guid":{"rendered":"https:\/\/www.focolare.org\/?p=384557"},"modified":"2025-07-30T06:56:26","modified_gmt":"2025-07-30T04:56:26","slug":"assim-era-a-alegria-dos-primeiros-cristaos-era-essa-a-felicidade-dos-primeiros-cristaos-adultos-ou-jovens-como-voces-que-se-exprimia-em-liturgias-maravilhosas-festivas-com-muitos-hinos-de-louvo","status":"publish","type":"post","link":"https:\/\/www.focolare.org\/es\/assim-era-a-alegria-dos-primeiros-cristaos-era-essa-a-felicidade-dos-primeiros-cristaos-adultos-ou-jovens-como-voces-que-se-exprimia-em-liturgias-maravilhosas-festivas-com-muitos-hinos-de-louvo\/","title":{"rendered":"Chiara Lubich a los j\u00f3venes: la alegr\u00eda de los primeros cristianos"},"content":{"rendered":"\n<p>(\u2026)<\/p>\n\n<p>La alegr\u00eda de los primeros cristianos (como por otra parte la de los cristianos de todos los tiempos y de todos los siglos, cuando el cristianismo se vive radicalmente), la alegr\u00eda de los primeros cristianos era una alegr\u00eda realmente nueva, desconocida hasta entonces. No ten\u00eda nada que ver con la risa, con la euforia, con el buen humor. Ni \u2500como dir\u00eda Pablo VI\u2500 ten\u00eda nada que ver con \u00abla alegr\u00eda exaltante de la existencia y de la vida\u00bb, con \u00abla alegr\u00eda tranquilizadora \u2500 continuar\u00eda \u2500 de la naturaleza y del silencio\u00bb. (&#8230;) Aunque todas ellas sean hermosas\u2026  <\/p>\n\n<p>La de los primeros cristianos era distinta: era una alegr\u00eda parecida a la embriaguez que invadi\u00f3 a los Disc\u00edpulos cuando vino el Esp\u00edritu Santo.<\/p>\n\n<p>Era la alegr\u00eda de Jes\u00fas. Porque Jes\u00fas, as\u00ed como tiene su propia paz, tiene su propia alegr\u00eda. <\/p>\n\n<div class=\"wp-block-media-text is-stacked-on-mobile\"><figure class=\"wp-block-media-text__media\"><img alt=\"\" alt=\"\" loading=\"lazy\" decoding=\"async\" width=\"1024\" height=\"664\" src=\"https:\/\/www.focolare.org\/wp-content\/uploads\/2025\/07\/GRMAN-19840412-1-044-1024x664.jpg\" alt=\"\" class=\"wp-image-384535 size-full\"\/><\/figure><div class=\"wp-block-media-text__content\">\n<p>Y la alegr\u00eda de los primeros cristianos, que brotaba espont\u00e1nea del fondo de su ser, saciaba completamente su \u00e1nimo.<\/p>\n\n\n\n<p>Ellos hab\u00edan encontrado realmente eso que necesita y va buscando el hombre de ayer, de hoy y de siempre. Hab\u00edan encontrado a Dios. Hab\u00edan encontrado la comuni\u00f3n con Dios. Y esto los saciaba completamente y los llevaba a la realizaci\u00f3n. Eran hombres aut\u00e9nticos.   <\/p>\n<\/div><\/div>\n\n<div style=\"height:18px\" aria-hidden=\"true\" class=\"wp-block-spacer\"><\/div>\n\n<p>De hecho, el amor la caridad, con la cual Cristo, a trav\u00e9s del bautismo y de los dem\u00e1s sacramentos, enriquece el coraz\u00f3n de los cristianos, se puede comparar a una planta. Cuanto m\u00e1s hunde sus ra\u00edces en el terreno, es decir, cuanto m\u00e1s se ama al pr\u00f3jimo, tanto m\u00e1s crece la planta, es decir, el tallo. O sea, cuanto m\u00e1s se ama al pr\u00f3jimo, m\u00e1s el coraz\u00f3n se inunda de amor a Dios. Este amor, esta comuni\u00f3n no es algo en lo que se cree solamente por fe, sino que es una comuni\u00f3n experimentada. Y esto es felicidad, es la felicidad: se ama y nos sentimos amados.  <\/p>\n\n<p>Esta era la alegr\u00eda de los primeros cristianos, esta era la felicidad de los primeros cristianos, de grandes y j\u00f3venes como ustedes, que despu\u00e9s se manifestaba en forma de jubilosas liturgias maravillosas y rebosantes de himnos de alabanza y de acci\u00f3n de gracias.<\/p>\n\n<p>(\u2026)<\/p>\n\n<p class=\"has-text-align-right\"><em>Chiara Lubich<\/em><\/p>\n\n<p class=\"has-small-font-size\"><em>(Para acceder al texto completo: <\/em><a href=\"https:\/\/chiaralubich.org\/archivio-video-it\/la-gioia\/\"><em>https:\/\/chiaralubich.org\/archivio-video-it\/la-gioia\/<\/em><\/a><em>)<\/em><br\/><em>Foto: \u00a9 Archivio CSC Audiovisivi<\/em><\/p>\n\n<div style=\"height:135px\" aria-hidden=\"true\" class=\"wp-block-spacer\"><\/div>\n","protected":false},"excerpt":{"rendered":"<p>En abril de1984 pocos d\u00edas despu\u00e9s de la conclusi\u00f3n del Jubileo extraordinario de la Redenci\u00f3n, se celebr\u00f3 el Jubileo de los j\u00f3venes que cont\u00f3 con la presencia en Roma de 300.000 chicos y chicas. El 12 de abril, Chiara Lubich, fundadora del Movimento de los Focolares, imparti\u00f3 una catequesis sobre \u00abLa alegr\u00eda\u201d a los j\u00f3venes en la Bas\u00edlica de San Juan de Letr\u00e1n. A continuaci\u00f3n, un extracto de su intervenci\u00f3n.   <\/p>\n","protected":false},"author":34,"featured_media":384544,"comment_status":"open","ping_status":"open","sticky":false,"template":"","format":"standard","meta":{"give_campaign_id":0,"_seopress_robots_primary_cat":"","_seopress_titles_title":"","_seopress_titles_desc":"","_seopress_robots_index":"","_et_pb_use_builder":"","_et_pb_old_content":"","_et_gb_content_width":"","footnotes":""},"categories":[2999,3009,3000],"tags":[3718,3397,3346,3199],"class_list":["post-384557","post","type-post","status-publish","format-standard","has-post-thumbnail","hentry","category-chiara-lubich-5","category-nuove-generazioni-4","category-spiritualita-4","tag-giubileo-es","tag-jovenes-es","tag-notifiche-es","tag-ppg-es"],"_links":{"self":[{"href":"https:\/\/www.focolare.org\/es\/wp-json\/wp\/v2\/posts\/384557","targetHints":{"allow":["GET"]}}],"collection":[{"href":"https:\/\/www.focolare.org\/es\/wp-json\/wp\/v2\/posts"}],"about":[{"href":"https:\/\/www.focolare.org\/es\/wp-json\/wp\/v2\/types\/post"}],"author":[{"embeddable":true,"href":"https:\/\/www.focolare.org\/es\/wp-json\/wp\/v2\/users\/34"}],"replies":[{"embeddable":true,"href":"https:\/\/www.focolare.org\/es\/wp-json\/wp\/v2\/comments?post=384557"}],"version-history":[{"count":2,"href":"https:\/\/www.focolare.org\/es\/wp-json\/wp\/v2\/posts\/384557\/revisions"}],"predecessor-version":[{"id":384581,"href":"https:\/\/www.focolare.org\/es\/wp-json\/wp\/v2\/posts\/384557\/revisions\/384581"}],"wp:featuredmedia":[{"embeddable":true,"href":"https:\/\/www.focolare.org\/es\/wp-json\/wp\/v2\/media\/384544"}],"wp:attachment":[{"href":"https:\/\/www.focolare.org\/es\/wp-json\/wp\/v2\/media?parent=384557"}],"wp:term":[{"taxonomy":"category","embeddable":true,"href":"https:\/\/www.focolare.org\/es\/wp-json\/wp\/v2\/categories?post=384557"},{"taxonomy":"post_tag","embeddable":true,"href":"https:\/\/www.focolare.org\/es\/wp-json\/wp\/v2\/tags?post=384557"}],"curies":[{"name":"wp","href":"https:\/\/api.w.org\/{rel}","templated":true}]}}