{"id":385802,"date":"2025-08-14T05:00:00","date_gmt":"2025-08-14T03:00:00","guid":{"rendered":"https:\/\/www.focolare.org\/?p=385802"},"modified":"2025-08-08T11:57:35","modified_gmt":"2025-08-08T09:57:35","slug":"the-best-spirituals-el-nuevo-album-de-gen-rosso","status":"publish","type":"post","link":"https:\/\/www.focolare.org\/es\/the-best-spirituals-el-nuevo-album-de-gen-rosso\/","title":{"rendered":"\u201cThe Best Spirituals\u201d, el nuevo \u00e1lbum de Gen Rosso"},"content":{"rendered":"\n<div class=\"wp-block-group is-nowrap is-layout-flex wp-container-core-group-is-layout-ad2f72ca wp-block-group-is-layout-flex\">\n<p><a href=\"https:\/\/www.genrosso.com\/\"><strong>Gen Rosso<\/strong><\/a>, la banda internacional del Movimiento de los Focolares, ha anunciado el lanzamiento de su nuevo \u00e1lbum, <strong>\u201cThe Best Spirituals\u201d<\/strong>. Este compilado representa un momento significativo en su carrera, ya que re\u00fane versiones en vivo del repertorio espiritual de la banda, grabadas durante sus giras de 2020 a 2025. El \u00e1lbum destaca por su selecci\u00f3n de canciones, as\u00ed como por sus nuevos arreglos y reinterpretaciones, ofreciendo un toque fresco y actual a melod\u00edas atemporales.  <\/p>\n<\/div>\n\n<figure class=\"wp-block-image alignright size-large is-resized\"><img alt=\"\" alt=\"\" loading=\"lazy\" decoding=\"async\" width=\"1024\" height=\"1024\" src=\"https:\/\/www.focolare.org\/wp-content\/uploads\/2025\/08\/Cs_Gen-Rosso-The-Best-Spirituals_it-1024x1024.jpeg\" alt=\"\" class=\"wp-image-385775\" style=\"width:266px;height:auto\" srcset=\"https:\/\/www.focolare.org\/wp-content\/uploads\/2025\/08\/Cs_Gen-Rosso-The-Best-Spirituals_it-980x980.jpeg 980w, https:\/\/www.focolare.org\/wp-content\/uploads\/2025\/08\/Cs_Gen-Rosso-The-Best-Spirituals_it-480x480.jpeg 480w\" sizes=\"(min-width: 0px) and (max-width: 480px) 480px, (min-width: 481px) and (max-width: 980px) 980px, (min-width: 981px) 1024px, 100vw\" \/><\/figure>\n\n<p>Cada tema es el resultado de una cuidadosa reinterpretaci\u00f3n dise\u00f1ada para involucrar al p\u00fablico y revivir la esencia de los \u201c<em>Spirituals<\/em>\u201d en un contexto contempor\u00e1neo. Adem\u00e1s, las presentaciones en vivo capturan la emoci\u00f3n y la conexi\u00f3n \u00fanica entre los artistas y el p\u00fablico, creando una experiencia inmersiva donde todos pueden sentirse parte del mensaje universal de esperanza y proximidad. <\/p>\n\n<p>\u201cVer c\u00f3mo estas canciones siguen vivas y siguen generando vida hoy es algo maravilloso y muy importante, un patrimonio que debe valorarse y preservarse a lo largo del tiempo\u201d, afirma la banda. Este deseo de mantener viva la tradici\u00f3n se refleja en los conciertos de Gen Rosso, donde se invita al p\u00fablico a cantar y participar, transformando cada actuaci\u00f3n en un evento colectivo de alegr\u00eda y convivencia.<strong> \u201cThe Best Spirituals\u201d<\/strong> es m\u00e1s que un \u00e1lbum; es una invitaci\u00f3n a descubrir y redescubrir la belleza de los mensajes que transmiten estas canciones. Con sonidos, arreglos arm\u00f3nicos y nuevos ritmos, la banda contin\u00faa cultivando su pasi\u00f3n por la m\u00fasica, rindiendo homenaje a un legado musical y cultural que trasciende el tiempo y las generaciones.  <\/p>\n\n<p>El lanzamiento del \u00e1lbum es una oportunidad imperdible para los fans de Gen Rosso y para cualquiera que crea en el poder del arte como herramienta de unidad y cambio.<\/p>\n\n<p>Gen Rosso invita a todos a unirse a este viaje musical \u00fanico, redescubriendo el valor atemporal de los \u201c<em>Spirituals<\/em>\u201d y a dejarse llevar por las emociones que solo la m\u00fasica y la historia pueden evocar. El \u00e1lbum est\u00e1 disponible desde el 11 de agosto en todas las plataformas digitales. <\/p>\n\n<p class=\"has-text-align-right\"><em>Lorenzo Russo<\/em><br\/><em>Foto: El Gen Rosso en el Jubileo de los J\u00f3venes en Tor Vergata (Roma) el 2 de agosto de 2025 (\u00a9 Gen Rosso<\/em>)<br\/><\/p>\n\n<div style=\"height:152px\" aria-hidden=\"true\" class=\"wp-block-spacer\"><\/div>\n","protected":false},"excerpt":{"rendered":"<p>Un viaje musical entre la tradici\u00f3n y la innovaci\u00f3n, disponible en todas las plataformas digitales desde el 11 de agosto.<\/p>\n","protected":false},"author":34,"featured_media":385789,"comment_status":"open","ping_status":"open","sticky":false,"template":"","format":"standard","meta":{"give_campaign_id":0,"_seopress_robots_primary_cat":"","_seopress_titles_title":"","_seopress_titles_desc":"","_seopress_robots_index":"","_et_pb_use_builder":"","_et_pb_old_content":"","_et_gb_content_width":"","footnotes":""},"categories":[2996],"tags":[3607,3420,3346,3199],"class_list":["post-385802","post","type-post","status-publish","format-standard","has-post-thumbnail","hentry","category-cultura-4","tag-gen-rosso-es","tag-musica-es","tag-notifiche-es","tag-ppg-es"],"_links":{"self":[{"href":"https:\/\/www.focolare.org\/es\/wp-json\/wp\/v2\/posts\/385802","targetHints":{"allow":["GET"]}}],"collection":[{"href":"https:\/\/www.focolare.org\/es\/wp-json\/wp\/v2\/posts"}],"about":[{"href":"https:\/\/www.focolare.org\/es\/wp-json\/wp\/v2\/types\/post"}],"author":[{"embeddable":true,"href":"https:\/\/www.focolare.org\/es\/wp-json\/wp\/v2\/users\/34"}],"replies":[{"embeddable":true,"href":"https:\/\/www.focolare.org\/es\/wp-json\/wp\/v2\/comments?post=385802"}],"version-history":[{"count":1,"href":"https:\/\/www.focolare.org\/es\/wp-json\/wp\/v2\/posts\/385802\/revisions"}],"predecessor-version":[{"id":385803,"href":"https:\/\/www.focolare.org\/es\/wp-json\/wp\/v2\/posts\/385802\/revisions\/385803"}],"wp:featuredmedia":[{"embeddable":true,"href":"https:\/\/www.focolare.org\/es\/wp-json\/wp\/v2\/media\/385789"}],"wp:attachment":[{"href":"https:\/\/www.focolare.org\/es\/wp-json\/wp\/v2\/media?parent=385802"}],"wp:term":[{"taxonomy":"category","embeddable":true,"href":"https:\/\/www.focolare.org\/es\/wp-json\/wp\/v2\/categories?post=385802"},{"taxonomy":"post_tag","embeddable":true,"href":"https:\/\/www.focolare.org\/es\/wp-json\/wp\/v2\/tags?post=385802"}],"curies":[{"name":"wp","href":"https:\/\/api.w.org\/{rel}","templated":true}]}}