{"id":386865,"date":"2025-08-29T05:00:00","date_gmt":"2025-08-29T03:00:00","guid":{"rendered":"https:\/\/www.focolare.org\/?p=386865"},"modified":"2025-08-26T15:12:32","modified_gmt":"2025-08-26T13:12:32","slug":"semillas-de-paz-y-de-esperanza-por-el-cuidado-de-la-creacion","status":"publish","type":"post","link":"https:\/\/www.focolare.org\/es\/semillas-de-paz-y-de-esperanza-por-el-cuidado-de-la-creacion\/","title":{"rendered":"Semillas de Paz y de Esperanza por el Cuidado de la Creaci\u00f3n"},"content":{"rendered":"\n<figure class=\"wp-block-image alignright size-full is-resized\"><img alt=\"\" alt=\"\" loading=\"lazy\" decoding=\"async\" width=\"1010\" height=\"682\" src=\"https:\/\/www.focolare.org\/wp-content\/uploads\/2025\/08\/Ngo-Minh-Tuan-en-Pixabay-1.jpg\" alt=\"\" class=\"wp-image-386677\" style=\"width:382px;height:auto\" srcset=\"https:\/\/www.focolare.org\/wp-content\/uploads\/2025\/08\/Ngo-Minh-Tuan-en-Pixabay-1.jpg 1010w, https:\/\/www.focolare.org\/wp-content\/uploads\/2025\/08\/Ngo-Minh-Tuan-en-Pixabay-1-980x662.jpg 980w, https:\/\/www.focolare.org\/wp-content\/uploads\/2025\/08\/Ngo-Minh-Tuan-en-Pixabay-1-480x324.jpg 480w\" sizes=\"(min-width: 0px) and (max-width: 480px) 480px, (min-width: 481px) and (max-width: 980px) 980px, (min-width: 981px) 1010px, 100vw\" \/><\/figure>\n\n<p>No s\u00e9 si te ha pasado alguna vez, pero a veces, tras un gran incendio forestal, cuando todo est\u00e1 quemado, desnudo, cubierto de ceniza, sin vida, se vislumbra el brote de una peque\u00f1a planta. Justo ah\u00ed, donde todo parec\u00eda muerto. Al observarla, siento una sensaci\u00f3n maravillosa: all\u00ed donde la vida parec\u00eda terminar, la naturaleza es m\u00e1s fuerte. Crece, vence, vive, incluso cuando parece imposible. Es en esos momentos que comprendo lo maravilloso que es vivir en un planeta capaz de regenerarse, a pesar de sus heridas.    <\/p>\n\n<p>Pero \u00bfcu\u00e1nto tiempo m\u00e1s podr\u00e1 hacerlo?<\/p>\n\n<p>El 2 de julio se public\u00f3 el <a href=\"https:\/\/www.vatican.va\/content\/leo-xiv\/es\/messages\/creation\/documents\/20250630-messaggio-giornata-curacreato.html\" target=\"_blank\" rel=\"noreferrer noopener\">Mensaje del Santo Padre Le\u00f3n XIV<\/a> para la X Jornada Mundial de Oraci\u00f3n por el Cuidado de la Creaci\u00f3n, que se celebrar\u00e1 el lunes 1 de septiembre de 2025, titulado <em><strong>Semillas de Paz y Esperanza<\/strong><\/em>. \u00a1Qu\u00e9 espl\u00e9ndido legado nos dej\u00f3 Francisco con su <a href=\"https:\/\/www.vatican.va\/content\/francesco\/es\/encyclicals\/documents\/papa-francesco_20150524_enciclica-laudato-si.html\" target=\"_blank\" rel=\"noreferrer noopener\">Enc\u00edclica <em>Laudato si\u2019<\/em><\/a> , publicada hace diez a\u00f1os: tan oportuna, importante y valiosa! Y me parece muy hermoso que el Papa Le\u00f3n XIV recoja plenamente este legado, anunciando el mes dedicado al Cuidado de la Creaci\u00f3n (del 1 de septiembre al 4 de octubre), que comienza precisamente con esta jornada de oraci\u00f3n.  <\/p>\n\n<p>Pero \u00bfqu\u00e9 anuncia realmente este Mensaje?<\/p>\n\n<p>Volviendo al ejemplo del incendio forestal, Le\u00f3n XIV nos recuerda que la semilla \u201cse entrega por completo a la tierra y all\u00ed, con la fuerza impetuosa de su don, brota la vida, incluso en los lugares m\u00e1s insospechados, con una sorprendente capacidad de generar futuro\u201d. Luego se dirige a nosotros, los habitantes de este mundo, record\u00e1ndonos que \u201cen Cristo somos semillas\u201d. No solo eso, sino \u201csemillas de paz y esperanza\u201d.  <\/p>\n\n<p>Una invitaci\u00f3n firme y clara a vivir la iniciativa ecum\u00e9nica del \u201cTiempo de la Creaci\u00f3n\u201d, del 1 de septiembre al 4 de octubre: un mes de iniciativas que se deben idear, preparar e implementar, para poner cada vez m\u00e1s \u00e9nfasis en el cuidado de nuestra \u201ccasa com\u00fan\u201d, que todos habitamos, independientemente de nuestras diferencias. \u201cJunto con la oraci\u00f3n, son necesarias la voluntad y las acciones concretas que hagan perceptible esta \u2018caricia de Dios\u2019 sobre el mundo\u201d, afirma el Papa Le\u00f3n. Y tambi\u00e9n: \u201cParece que a\u00fan no se tiene conciencia de que destruir la naturaleza no perjudica a todos del mismo modo: pisotear la justicia y la paz significa afectar sobre todo a los m\u00e1s pobres, a los marginados, a los excluidos. (&#8230;) Trabajando con dedicaci\u00f3n y ternura se pueden hacer germinar muchas semillas de justicia, contribuyendo as\u00ed a la paz y a la esperanza\u201d.  <\/p>\n\n<p>Todos est\u00e1n llamados a participar: individualmente o en grupos, en asociaciones, organizaciones, empresas&#8230; \u00bfpor qu\u00e9 no? Cada uno con sus propias ideas, su propio compromiso. <\/p>\n\n<p>En su Mensaje, el Papa Le\u00f3n XIV escribe: \u201cLa enc\u00edclica <em>Laudato si\u2019<\/em> ha acompa\u00f1ado a la Iglesia cat\u00f3lica y a muchas personas de buena voluntad durante diez a\u00f1os. Que siga inspir\u00e1ndonos y que la ecolog\u00eda integral sea cada vez m\u00e1s elegida y compartida como camino a seguir. As\u00ed se multiplicar\u00e1n las semillas de esperanza, que debemos \u201ccuidar y cultivar\u201d con la gracia de nuestra gran e inquebrantable Esperanza, Cristo Resucitado\u201d. <\/p>\n\n<p>\u00bfY qu\u00e9 hace el Papa? \u00c9l lo inicia todo, promoviendo primero estas iniciativas. Instituye, por primera vez en la historia de la Iglesia, la <strong>\u201cMisa por el Cuidado de la Creaci\u00f3n\u201d<\/strong>, oficializada mediante el <a href=\"https:\/\/press.vatican.va\/content\/salastampa\/it\/bollettino\/pubblico\/2025\/07\/03\/0469\/00856.html#ital\" target=\"_blank\" rel=\"noreferrer noopener\">Decreto sobre la Misa pro custodia creationis<\/a>. El Papa Le\u00f3n XIV utiliz\u00f3 esta nueva f\u00f3rmula el 9 de julio de 2025, durante una Eucarist\u00eda privada que celebr\u00f3 en <em><a href=\"https:\/\/www.laudatosi.va\/borgo-laudato-si\/\" data-type=\"link\" data-id=\"https:\/\/www.laudatosi.va\/borgo-laudato-si\/\" target=\"_blank\" rel=\"noreferrer noopener\">Borgo Laudato Si&#8217;<\/a><\/em>, durante su estancia en Castel Gandolfo (Roma). A partir de ahora, cualquier persona puede solicitar celebrar una Misa con esta intenci\u00f3n: la de ser fieles custodios de lo que Dios nos ha confiado: en nuestras decisiones diarias, en las pol\u00edticas p\u00fablicas, en la oraci\u00f3n, en el culto y en nuestra forma de vivir en el mundo.    <\/p>\n\n<figure class=\"wp-block-gallery has-nested-images columns-default is-cropped wp-block-gallery-1 is-layout-flex wp-block-gallery-is-layout-flex\">\n<figure class=\"wp-block-image size-large\"><img alt=\"\" alt=\"\" loading=\"lazy\" decoding=\"async\" width=\"1024\" height=\"682\" data-id=\"386694\" src=\"https:\/\/www.focolare.org\/wp-content\/uploads\/2025\/08\/mountains-7897182_1280-1024x682.jpg\" alt=\"\" class=\"wp-image-386694\" srcset=\"https:\/\/www.focolare.org\/wp-content\/uploads\/2025\/08\/mountains-7897182_1280-1024x682.jpg 1024w, https:\/\/www.focolare.org\/wp-content\/uploads\/2025\/08\/mountains-7897182_1280-980x653.jpg 980w, https:\/\/www.focolare.org\/wp-content\/uploads\/2025\/08\/mountains-7897182_1280-480x320.jpg 480w\" sizes=\"(min-width: 0px) and (max-width: 480px) 480px, (min-width: 481px) and (max-width: 980px) 980px, (min-width: 981px) 1024px, 100vw\" \/><\/figure>\n\n\n\n<figure class=\"wp-block-image size-large\"><img alt=\"\" alt=\"\" loading=\"lazy\" decoding=\"async\" width=\"1024\" height=\"751\" data-id=\"386689\" src=\"https:\/\/www.focolare.org\/wp-content\/uploads\/2025\/08\/tree-7619791_1280-1024x751.jpg\" alt=\"\" class=\"wp-image-386689\" srcset=\"https:\/\/www.focolare.org\/wp-content\/uploads\/2025\/08\/tree-7619791_1280-1024x751.jpg 1024w, https:\/\/www.focolare.org\/wp-content\/uploads\/2025\/08\/tree-7619791_1280-980x719.jpg 980w, https:\/\/www.focolare.org\/wp-content\/uploads\/2025\/08\/tree-7619791_1280-480x352.jpg 480w\" sizes=\"(min-width: 0px) and (max-width: 480px) 480px, (min-width: 481px) and (max-width: 980px) 980px, (min-width: 981px) 1024px, 100vw\" \/><\/figure>\n<\/figure>\n\n<div style=\"height:19px\" aria-hidden=\"true\" class=\"wp-block-spacer\"><\/div>\n\n<p>El t\u00edtulo <em><strong>Semillas de Paz y Esperanza<\/strong><\/em> parece hoy una profec\u00eda cautivadora. Son quiz\u00e1s las \u00fanicas palabras que, en estos tiempos oscuros para la humanidad, siguen teniendo significado. Son las palabras que nos permiten recomenzar, sembrar, creer que esa hierba fresca seguir\u00e1 creciendo incluso donde la tierra parece reseca y muerta. Acciones como estas me hacen comprender que todas las Iglesias se mantienen firmes en las cuestiones esenciales para la vida de la humanidad. Y, sobre todo, que nunca dejan de pensar en el futuro de las nuevas generaciones.    <\/p>\n\n<p class=\"has-text-align-right\"><em>Maria De Gregorio<\/em><br\/><em>Foto: \u00a9 Pixabay<\/em><\/p>\n\n<div style=\"height:132px\" aria-hidden=\"true\" class=\"wp-block-spacer\"><\/div>\n","protected":false},"excerpt":{"rendered":"<p>El 2 de julio de 2025 se public\u00f3 el Mensaje del Santo Padre Le\u00f3n XIV para la X Jornada Mundial de Oraci\u00f3n por el Cuidado de la Creaci\u00f3n, que se celebra el 1 de septiembre. Ofrecemos una reflexi\u00f3n de Maria De Gregorio, experta en desarrollo sostenible de la Fundaci\u00f3n Ecosistemi, especializada en estrategias y acciones para reducir los riesgos e impactos ambientales. <\/p>\n","protected":false},"author":34,"featured_media":386663,"comment_status":"open","ping_status":"open","sticky":false,"template":"","format":"standard","meta":{"give_campaign_id":0,"_seopress_robots_primary_cat":"","_seopress_titles_title":"","_seopress_titles_desc":"","_seopress_robots_index":"","_et_pb_use_builder":"","_et_pb_old_content":"","_et_gb_content_width":"","footnotes":""},"categories":[3027,3191,3094],"tags":[3476,3996,3346,3199],"class_list":["post-386865","post","type-post","status-publish","format-standard","has-post-thumbnail","hentry","category-chiesa-4","category-ecologia-es","category-sociale-4","tag-ecologia-es","tag-giornata-di-preghiera-mondiale-per-la-cura-del-creato-es","tag-notifiche-es","tag-ppg-es"],"_links":{"self":[{"href":"https:\/\/www.focolare.org\/es\/wp-json\/wp\/v2\/posts\/386865","targetHints":{"allow":["GET"]}}],"collection":[{"href":"https:\/\/www.focolare.org\/es\/wp-json\/wp\/v2\/posts"}],"about":[{"href":"https:\/\/www.focolare.org\/es\/wp-json\/wp\/v2\/types\/post"}],"author":[{"embeddable":true,"href":"https:\/\/www.focolare.org\/es\/wp-json\/wp\/v2\/users\/34"}],"replies":[{"embeddable":true,"href":"https:\/\/www.focolare.org\/es\/wp-json\/wp\/v2\/comments?post=386865"}],"version-history":[{"count":1,"href":"https:\/\/www.focolare.org\/es\/wp-json\/wp\/v2\/posts\/386865\/revisions"}],"predecessor-version":[{"id":386866,"href":"https:\/\/www.focolare.org\/es\/wp-json\/wp\/v2\/posts\/386865\/revisions\/386866"}],"wp:featuredmedia":[{"embeddable":true,"href":"https:\/\/www.focolare.org\/es\/wp-json\/wp\/v2\/media\/386663"}],"wp:attachment":[{"href":"https:\/\/www.focolare.org\/es\/wp-json\/wp\/v2\/media?parent=386865"}],"wp:term":[{"taxonomy":"category","embeddable":true,"href":"https:\/\/www.focolare.org\/es\/wp-json\/wp\/v2\/categories?post=386865"},{"taxonomy":"post_tag","embeddable":true,"href":"https:\/\/www.focolare.org\/es\/wp-json\/wp\/v2\/tags?post=386865"}],"curies":[{"name":"wp","href":"https:\/\/api.w.org\/{rel}","templated":true}]}}