{"id":386950,"date":"2025-09-09T05:00:00","date_gmt":"2025-09-09T03:00:00","guid":{"rendered":"https:\/\/www.focolare.org\/?p=386950"},"modified":"2025-10-20T11:40:37","modified_gmt":"2025-10-20T09:40:37","slug":"padre-alexandre-awi-mello-unesperienza-di-fede-per-una-societa-migliore","status":"publish","type":"post","link":"https:\/\/www.focolare.org\/es\/padre-alexandre-awi-mello-unesperienza-di-fede-per-una-societa-migliore\/","title":{"rendered":"Padre Alexandre Awi Mello: una experiencia de fe para una sociedad mejor"},"content":{"rendered":"\n<p>Del 4 al 6 de junio de 2025, en la vigilia del Jubileo de los Movimientos, que reuni\u00f3 en la Plaza San Pedro las diversas realidades eclesiales con la participaci\u00f3n del Papa Le\u00f3n XIV, se realiz\u00f3 en el Vaticano el Encuentro anual con moderadores de las asociaciones de fieles, de los movimientos eclesiales y las nuevas comunidades, en el que tambi\u00e9n estuvieron presentes los Focolares. Poner juntos los carismas para contribuir al camino de unidad en la Iglesia es el com\u00fan deseo que ha animado a los distintos participantes, en un momento hist\u00f3rico que nos muestra un mundo enormemente lacerado y polarizado. Compartimos a continuaci\u00f3n algunas entrevistas a presidentes y fundadores que ponen de relieve la gran necesidad de sentirse hermanos en este proceso y, al mismo tiempo, la gratitud por el ponerse al servicio para reforzar, todos juntos, la esperanza.   <\/p>\n\n<p>Escuchemos al Padre Alexandre Awi Mello<\/p>\n\n<p><em><strong>Activar los subt\u00edtulos y seleccionar el idioma<\/strong><\/em><\/p>\n\n<figure class=\"wp-block-embed is-type-video is-provider-youtube wp-block-embed-youtube wp-embed-aspect-16-9 wp-has-aspect-ratio\"><div class=\"wp-block-embed__wrapper\">\n<iframe loading=\"lazy\" title=\"P. Alexandre Awi Mello: una experiencia de fe para una sociedad mejor\" width=\"1080\" height=\"608\" src=\"https:\/\/www.youtube.com\/embed\/vba06P9KX2M?feature=oembed\"  allow=\"accelerometer; autoplay; clipboard-write; encrypted-media; gyroscope; picture-in-picture; web-share\" referrerpolicy=\"strict-origin-when-cross-origin\" allowfullscreen><\/iframe>\n<\/div><\/figure>\n\n<div style=\"height:197px\" aria-hidden=\"true\" class=\"wp-block-spacer\"><\/div>\n","protected":false},"excerpt":{"rendered":"<p>Entrevista con el Superior General de los Padres de Schoenstatt<\/p>\n","protected":false},"author":34,"featured_media":386937,"comment_status":"open","ping_status":"open","sticky":false,"template":"","format":"standard","meta":{"give_campaign_id":0,"_seopress_robots_primary_cat":"","_seopress_titles_title":"","_seopress_titles_desc":"","_seopress_robots_index":"","_et_pb_use_builder":"","_et_pb_old_content":"","_et_gb_content_width":"","footnotes":""},"categories":[3027],"tags":[4099,4141,3346,3199],"class_list":["post-386950","post","type-post","status-publish","format-standard","has-post-thumbnail","hentry","category-chiesa-4","tag-di1-es","tag-movimenti-eclesiali-es","tag-notifiche-es","tag-ppg-es"],"_links":{"self":[{"href":"https:\/\/www.focolare.org\/es\/wp-json\/wp\/v2\/posts\/386950","targetHints":{"allow":["GET"]}}],"collection":[{"href":"https:\/\/www.focolare.org\/es\/wp-json\/wp\/v2\/posts"}],"about":[{"href":"https:\/\/www.focolare.org\/es\/wp-json\/wp\/v2\/types\/post"}],"author":[{"embeddable":true,"href":"https:\/\/www.focolare.org\/es\/wp-json\/wp\/v2\/users\/34"}],"replies":[{"embeddable":true,"href":"https:\/\/www.focolare.org\/es\/wp-json\/wp\/v2\/comments?post=386950"}],"version-history":[{"count":2,"href":"https:\/\/www.focolare.org\/es\/wp-json\/wp\/v2\/posts\/386950\/revisions"}],"predecessor-version":[{"id":389235,"href":"https:\/\/www.focolare.org\/es\/wp-json\/wp\/v2\/posts\/386950\/revisions\/389235"}],"wp:featuredmedia":[{"embeddable":true,"href":"https:\/\/www.focolare.org\/es\/wp-json\/wp\/v2\/media\/386937"}],"wp:attachment":[{"href":"https:\/\/www.focolare.org\/es\/wp-json\/wp\/v2\/media?parent=386950"}],"wp:term":[{"taxonomy":"category","embeddable":true,"href":"https:\/\/www.focolare.org\/es\/wp-json\/wp\/v2\/categories?post=386950"},{"taxonomy":"post_tag","embeddable":true,"href":"https:\/\/www.focolare.org\/es\/wp-json\/wp\/v2\/tags?post=386950"}],"curies":[{"name":"wp","href":"https:\/\/api.w.org\/{rel}","templated":true}]}}