{"id":387400,"date":"2025-09-16T05:00:00","date_gmt":"2025-09-16T03:00:00","guid":{"rendered":"https:\/\/www.focolare.org\/?p=387400"},"modified":"2025-09-14T13:37:32","modified_gmt":"2025-09-14T11:37:32","slug":"el-pensamiento-del-dia-una-motivacion-para-la-vida","status":"publish","type":"post","link":"https:\/\/www.focolare.org\/es\/el-pensamiento-del-dia-una-motivacion-para-la-vida\/","title":{"rendered":"El \u201cpensamiento del d\u00eda\u201d: una motivaci\u00f3n para la vida"},"content":{"rendered":"\n<p>Son dos o tres palabras. Nada mas. Pero son suficientes para orientar toda la jornada. De hecho, se publican apenas comienza el d\u00eda y al amanecer llegan al WhatsApp o por mail e \u201ciluminan\u201d todo el d\u00eda. Expresan un pensamiento del Evangelio o un valor universal y motivan a ponerse en acci\u00f3n, a involucrarse, a mirar m\u00e1s all\u00e1 de las propias ocupaciones o preocupaciones.    <\/p>\n\n<p>Una idea genial, por su simplicidad y su facilidad de difusi\u00f3n, surgida de Chiara Lubich para ayudar a vivir el momento presente a quienes colaboraban con ella en el Centro internacional de los Focolares. Pero como suele ocurrir, viendo que la idea y los efectos eran muy positivos, se difundi\u00f3 como las ondas en el agua cuando arrojamos una piedra, atravesando fronteras, idiomas, costumbres y lenguajes. <\/p>\n\n<p>La fundadora de los Focolares, en los a\u00f1os siguientes se refer\u00eda con frecuencia al \u201cpassapalabra\u201d y las experiencias que provocaba en las personas que lo pon\u00edan en pr\u00e1ctica. Alguna vez para alentar a no disminuir la intensidad, o proponer alguna nueva comprensi\u00f3n, como cuando sugiri\u00f3 agregar tacitamente al pensamiento propuesto cada d\u00eda la intenci\u00f3n de vivirlo \u201csobre todo en contacto con los hermanos\u201d. Marc\u00f3 un cambio profundo, no solo ya para buscar la perfecci\u00f3n personal, sino para situarnos constantemente en el hermano o la hermana que tenemos a nuestro lado, en sus necesidades, como destinatarios de nuestro amor concreto.  <\/p>\n\n<p>Poco a poco fue creciendo y desarroll\u00e1ndose. En la actualidad el \u201cpensamiento del d\u00eda\u201d recuerda alg\u00fan aspecto de la Palabra de vida propuesta para el mes o las lecturas de la liturgia. Se traduce en 23 idiomas. Algunos, al reenviarlo, o publicarlo en las redes sociales, le agregan un pensamiento personal, una pista para ponerlo en pr\u00e1ctica. Otros lo ilustran con una imagen o crean un \u201cshort\u201d de Youtube. Y hasta hay quien crea cada d\u00eda una breve canci\u00f3n. Todos los medios de comunicaci\u00f3n y todas las redes sociales son \u00fatiles para difundirlo entre amigos y conocidos tomando la precauci\u00f3n de preguntar antes si se tiene inter\u00e9s en recibirlo.      <\/p>\n\n<p>No son palabras dichas al viento. Por el contrario provocan, motivan a la acci\u00f3n, sobre todo en la relaci\u00f3n con el entorno y con las personas que encontramos durante la jornada, como cuenta Marisa, de Brasil: \u201cHoy iba a dar clase a la Universidad casi sin ganas de seguir. Tengo la edad para jubilarme, pero perd\u00ed algunas promociones y por el momento tengo que trabajar porque mis hijas todav\u00eda necesitan mi ayuda econ\u00f3mica. Entonces renuevo mi \u2018Por ti, Jes\u00fas\u2019 cada vez que voy a la Universidad. Justamente el pensamiento de hoy es: \u2018Cumplir con nuestros deberes\u2019\u201d. <\/p>\n\n<p>Desde Senegal, Don Christian escribe: \u201cGracias por el passapalabra. Me ayuda a nutrir mi vida espiritual y a iluminar mi relaci\u00f3n con Dios y con mis hermanos y hermanas cada d\u00eda\u201d. Mientras que para Maria Teresa, de Argentina, recibirlo cada d\u00eda es una respuesta de Dios. \u201cTrabajo en la pastoral de inmigrantes y ayer acompa\u00f1\u00e9 a uno de ellos en la presentaci\u00f3n de un libro que escribi\u00f3 sobre neuroconducci\u00f3n. Me pareci\u00f3 importante estar junto a \u00e9l en estos momentos en los que pod\u00eda compartir y ayudarlo a difundir sus talentos. Fue una nueva y hermosa experiencia de unidad con \u00e9l y con las personas que fueron y que acogieron su conferencia como un don que ten\u00eda para ofrecer\u201d. <\/p>\n\n<p>Son solo algunas pinceladas de la vida que genera en los cientos, miles, cientos de miles de personas o quiz\u00e1 muchos m\u00e1s con o sin una creencia religiosa que se despiertan cada ma\u00f1ana con el anhelo de vivir las dos o tres palabras del \u201cpensamiento del d\u00eda\u201d.<\/p>\n\n<p class=\"has-text-align-right\"><em>Carlos Mana<\/em><br\/><em>Foto: \u00a9 Pixabay<\/em><\/p>\n\n<p class=\"has-text-align-right\"><\/p>\n\n<div style=\"height:140px\" aria-hidden=\"true\" class=\"wp-block-spacer\"><\/div>\n","protected":false},"excerpt":{"rendered":"<p>Una breve frase que orienta la jornada.<\/p>\n","protected":false},"author":34,"featured_media":387395,"comment_status":"open","ping_status":"open","sticky":false,"template":"","format":"standard","meta":{"give_campaign_id":0,"_seopress_robots_primary_cat":"","_seopress_titles_title":"","_seopress_titles_desc":"","_seopress_robots_index":"","_et_pb_use_builder":"","_et_pb_old_content":"","_et_gb_content_width":"","footnotes":""},"categories":[3000,3289],"tags":[3346,4023,4024,3199],"class_list":["post-387400","post","type-post","status-publish","format-standard","has-post-thumbnail","hentry","category-spiritualita-4","category-testimonianze-di-vita-es","tag-notifiche-es","tag-passa-parola-es","tag-pensamiento-del-dia","tag-ppg-es"],"_links":{"self":[{"href":"https:\/\/www.focolare.org\/es\/wp-json\/wp\/v2\/posts\/387400","targetHints":{"allow":["GET"]}}],"collection":[{"href":"https:\/\/www.focolare.org\/es\/wp-json\/wp\/v2\/posts"}],"about":[{"href":"https:\/\/www.focolare.org\/es\/wp-json\/wp\/v2\/types\/post"}],"author":[{"embeddable":true,"href":"https:\/\/www.focolare.org\/es\/wp-json\/wp\/v2\/users\/34"}],"replies":[{"embeddable":true,"href":"https:\/\/www.focolare.org\/es\/wp-json\/wp\/v2\/comments?post=387400"}],"version-history":[{"count":1,"href":"https:\/\/www.focolare.org\/es\/wp-json\/wp\/v2\/posts\/387400\/revisions"}],"predecessor-version":[{"id":387401,"href":"https:\/\/www.focolare.org\/es\/wp-json\/wp\/v2\/posts\/387400\/revisions\/387401"}],"wp:featuredmedia":[{"embeddable":true,"href":"https:\/\/www.focolare.org\/es\/wp-json\/wp\/v2\/media\/387395"}],"wp:attachment":[{"href":"https:\/\/www.focolare.org\/es\/wp-json\/wp\/v2\/media?parent=387400"}],"wp:term":[{"taxonomy":"category","embeddable":true,"href":"https:\/\/www.focolare.org\/es\/wp-json\/wp\/v2\/categories?post=387400"},{"taxonomy":"post_tag","embeddable":true,"href":"https:\/\/www.focolare.org\/es\/wp-json\/wp\/v2\/tags?post=387400"}],"curies":[{"name":"wp","href":"https:\/\/api.w.org\/{rel}","templated":true}]}}