{"id":387682,"date":"2025-09-24T05:00:00","date_gmt":"2025-09-24T03:00:00","guid":{"rendered":"https:\/\/www.focolare.org\/?p=387682"},"modified":"2025-09-23T17:20:13","modified_gmt":"2025-09-23T15:20:13","slug":"estados-unidos-focolare-media-y-focolare-foundation","status":"publish","type":"post","link":"https:\/\/www.focolare.org\/es\/estados-unidos-focolare-media-y-focolare-foundation\/","title":{"rendered":"Estados Unidos: Focolare Media y Focolare Foundation"},"content":{"rendered":"\n<p><strong>Focolare Media<\/strong> re\u00fane las expresiones medi\u00e1ticas (Editorial New City Press, Peri\u00f3dico Living City, redes sociales y comunicaci\u00f3n) del Movimiento de los Focolares en Norteam\u00e9rica. <strong>Focolare Foundation<\/strong> naci\u00f3 para responder al pedido de Chiara Lubich al Movimiento en Norteam\u00e9rica para una mayor puesta en com\u00fan y redistribuci\u00f3n de los recursos financieros.<\/p>\n\n\n\n<p>Durante su visita a Estados Unidos, en mayo de 2025, Margaret Karram y Jes\u00fas Mor\u00e1n (presidenta y copresidente de los Focolares) se reunieron con los dos consejos de administraci\u00f3n.<\/p>\n\n\n\n<div style=\"height:26px\" aria-hidden=\"true\" class=\"wp-block-spacer\"><\/div>\n\n\n\n<figure class=\"wp-block-embed is-type-video is-provider-youtube wp-block-embed-youtube wp-embed-aspect-16-9 wp-has-aspect-ratio\"><div class=\"wp-block-embed__wrapper\">\n<iframe loading=\"lazy\" title=\"Focolare Media y Focolare Foundation\" width=\"1080\" height=\"608\" src=\"https:\/\/www.youtube.com\/embed\/eZ3op7VkELA?feature=oembed\"  allow=\"accelerometer; autoplay; clipboard-write; encrypted-media; gyroscope; picture-in-picture; web-share\" referrerpolicy=\"strict-origin-when-cross-origin\" allowfullscreen><\/iframe>\n<\/div><\/figure>\n\n\n\n<div style=\"height:189px\" aria-hidden=\"true\" class=\"wp-block-spacer\"><\/div>\n","protected":false},"excerpt":{"rendered":"<p>Dos realidades al servicio de los Focolares en EE. UU. y m\u00e1s all\u00e1<\/p>\n","protected":false},"author":34,"featured_media":387678,"comment_status":"open","ping_status":"open","sticky":false,"template":"","format":"standard","meta":{"give_campaign_id":0,"_seopress_robots_primary_cat":"","_seopress_titles_title":"","_seopress_titles_desc":"","_seopress_robots_index":"","_et_pb_use_builder":"","_et_pb_old_content":"","_et_gb_content_width":"","footnotes":""},"categories":[2996,2995,3094],"tags":[4052,3016,4055,4054,3346,3199],"class_list":["post-387682","post","type-post","status-publish","format-standard","has-post-thumbnail","hentry","category-cultura-4","category-focolari-nel-mondo-4","category-sociale-4","tag-comunicacion","tag-economia-3","tag-focolare-foundation-es","tag-focolare-media-es","tag-notifiche-es","tag-ppg-es"],"_links":{"self":[{"href":"https:\/\/www.focolare.org\/es\/wp-json\/wp\/v2\/posts\/387682","targetHints":{"allow":["GET"]}}],"collection":[{"href":"https:\/\/www.focolare.org\/es\/wp-json\/wp\/v2\/posts"}],"about":[{"href":"https:\/\/www.focolare.org\/es\/wp-json\/wp\/v2\/types\/post"}],"author":[{"embeddable":true,"href":"https:\/\/www.focolare.org\/es\/wp-json\/wp\/v2\/users\/34"}],"replies":[{"embeddable":true,"href":"https:\/\/www.focolare.org\/es\/wp-json\/wp\/v2\/comments?post=387682"}],"version-history":[{"count":3,"href":"https:\/\/www.focolare.org\/es\/wp-json\/wp\/v2\/posts\/387682\/revisions"}],"predecessor-version":[{"id":387688,"href":"https:\/\/www.focolare.org\/es\/wp-json\/wp\/v2\/posts\/387682\/revisions\/387688"}],"wp:featuredmedia":[{"embeddable":true,"href":"https:\/\/www.focolare.org\/es\/wp-json\/wp\/v2\/media\/387678"}],"wp:attachment":[{"href":"https:\/\/www.focolare.org\/es\/wp-json\/wp\/v2\/media?parent=387682"}],"wp:term":[{"taxonomy":"category","embeddable":true,"href":"https:\/\/www.focolare.org\/es\/wp-json\/wp\/v2\/categories?post=387682"},{"taxonomy":"post_tag","embeddable":true,"href":"https:\/\/www.focolare.org\/es\/wp-json\/wp\/v2\/tags?post=387682"}],"curies":[{"name":"wp","href":"https:\/\/api.w.org\/{rel}","templated":true}]}}