{"id":388320,"date":"2025-10-01T22:43:41","date_gmt":"2025-10-01T20:43:41","guid":{"rendered":"https:\/\/www.focolare.org\/?p=388320"},"modified":"2025-10-08T21:44:12","modified_gmt":"2025-10-08T19:44:12","slug":"leon-xiv-inauguro-la-conferencia-raising-hope-que-queda-por-hacer-en-torno-a-laudato-si","status":"publish","type":"post","link":"https:\/\/www.focolare.org\/es\/leon-xiv-inauguro-la-conferencia-raising-hope-que-queda-por-hacer-en-torno-a-laudato-si\/","title":{"rendered":"Le\u00f3n XIV inaugur\u00f3 la Conferencia Raising Hope: \u00bfqu\u00e9 queda por hacer en torno a Laudato Si\u2019?"},"content":{"rendered":"\n<p>En la tarde del 1 de octubre, en el Centro Internacional Mari\u00e1polis del Movimiento de los Focolares en Castel Gandolfo, Roma, se inaugur\u00f3 la Conferencia Raising Hope con la participaci\u00f3n de Su Santidad Le\u00f3n XIV y otras personalidades como Arnold Schwarzenegger, exgobernador de California, y la Honorable Marina Silva, Ministra de Medio Ambiente y Cambio Clim\u00e1tico de Brasil. <\/p>\n\n<p>La sesi\u00f3n combin\u00f3 testimonios, momentos espirituales y art\u00edsticos, en acci\u00f3n de gracias por el d\u00e9cimo aniversario de la enc\u00edclica <em>Laudato Si&#8217;.<\/em> Representando al Movimiento Laudato Si\u2019, Christina Lea\u00f1o, directora asociada, e Igor Bastos, director de Brasil, presidieron la apertura de la jornada. <\/p>\n\n<p>Un momento ic\u00f3nico fue cuando el Papa Le\u00f3n XIV toc\u00f3 y bendijo un trozo de hielo, de m\u00e1s de 20.000 a\u00f1os, desprendido, debido al cambio clim\u00e1tico, de un glaciar en Groenlandia; y tambi\u00e9n bendijo agua tra\u00edda de distintos rincones del planeta, como gesto simb\u00f3lico que encarn\u00f3 compasi\u00f3n y preocupaci\u00f3n por el grito de la tierra y de los pobres.<\/p>\n\n<p class=\"has-text-color has-link-color wp-elements-9696ce7488e1dafba5a91a3574456b1d\" style=\"color:#991515\"><strong>Laudato si\u2019, \u00bfqu\u00e9 queda por hacer?<\/strong><\/p>\n\n<p>\u201cEsta enc\u00edclica ha inspirado profundamente a la Iglesia cat\u00f3lica y a muchas personas de buena voluntad\u201d, comenz\u00f3 diciendo Le\u00f3n en su discurso sobre <em>Laudato Si\u2019<\/em>, \u201cla cual abri\u00f3 un fuerte di\u00e1logo, grupos de reflexi\u00f3n y programas acad\u00e9micos\u201d. El Papa hizo menci\u00f3n a cu\u00e1nto se extendi\u00f3 la enc\u00edclica de su predecesor \u201cen cumbres internacionales, en el di\u00e1logo ecum\u00e9nico e interreligioso, en c\u00edrculos econ\u00f3micos y empresariales, en estudios teol\u00f3gicos y bio\u00e9ticos\u201d. <\/p>\n\n<p>Dando gracias al Padre celestial \u201cpor este don que hemos heredado del Papa Francisco\u201d, Le\u00f3n se detuvo a mencionar que los desaf\u00edos ambientales y sociales hoy son a\u00fan m\u00e1s urgentes. Ante el aniversario debemos preguntarnos, \u201c\u00bfqu\u00e9 queda por hacer? \u00bfQu\u00e9 hay que hacer ahora para garantizar que el cuidado de nuestra casa com\u00fan y la escucha del clamor de la tierra y de los pobres no parezcan meras modas pasajeras o, peor a\u00fan, se vean y se sientan como cuestiones divisorias?\u201d, indag\u00f3. <\/p>\n\n<figure class=\"wp-block-image aligncenter size-full is-resized\"><img alt=\"\" alt=\"\" loading=\"lazy\" decoding=\"async\" width=\"756\" height=\"291\" src=\"https:\/\/www.focolare.org\/wp-content\/uploads\/2025\/10\/DSC00406-e1759349186284.jpg\" alt=\"\" class=\"wp-image-388267\" style=\"width:823px;height:auto\" srcset=\"https:\/\/www.focolare.org\/wp-content\/uploads\/2025\/10\/DSC00406-e1759349186284.jpg 756w, https:\/\/www.focolare.org\/wp-content\/uploads\/2025\/10\/DSC00406-e1759349186284-480x270.jpg 480w\" sizes=\"(min-width: 0px) and (max-width: 480px) 480px, (min-width: 481px) 756px, 100vw\" \/><\/figure>\n\n<div style=\"height:34px\" aria-hidden=\"true\" class=\"wp-block-spacer\"><\/div>\n\n<p class=\"has-text-color has-link-color wp-elements-94fbb9820aa7d4c854cdc13164935bf3\" style=\"color:#991515\"><strong>Volver al coraz\u00f3n: de la recopilaci\u00f3n de datos al cuidado<\/strong><\/p>\n\n<p>\u201cHoy m\u00e1s que nunca es necesario volver al coraz\u00f3n, lugar de la libertad y de las decisiones aut\u00e9nticas\u201d, afirm\u00f3 entonces el Pont\u00edfice, porque aunque este \u201cincluye la raz\u00f3n\u201d, tambi\u00e9n \u201cla trasciende y la transforma\u201d. \u201cEl coraz\u00f3n es el lugar donde la realidad externa tiene mayor impacto, donde se lleva a cabo la b\u00fasqueda m\u00e1s profunda, donde se descubren los deseos m\u00e1s aut\u00e9nticos, donde se encuentra la identidad \u00faltima de cada uno y donde se forjan las decisiones\u201d. <\/p>\n\n<p>En este aspecto, se\u00f1al\u00f3 que \u201csolo volviendo al coraz\u00f3n puede tener lugar una verdadera conversi\u00f3n ecol\u00f3gica\u201d. \u201cDebemos pasar de la recopilaci\u00f3n de datos al cuidado; y del discurso medioambiental a una conversi\u00f3n ecol\u00f3gica que transforme los estilos de vida tanto personales como comunitarios\u201d, afirm\u00f3. <\/p>\n\n<p>Le\u00f3n record\u00f3 a los presentes que esta experiencia de conversi\u00f3n nos orienta hacia el Dios vivo: \u201cNo podemos amar a Dios, a quien no vemos, mientras despreciamos a sus criaturas. Tampoco podemos llamarnos disc\u00edpulos de Jesucristo sin participar en su visi\u00f3n de la creaci\u00f3n y su cuidado por todo lo que es fr\u00e1gil y herido\u201d.<\/p>\n\n<p class=\"has-text-color has-link-color wp-elements-3d929e1ad4937987faacb5ac95fa5300\" style=\"color:#991515\"><strong>No hay lugar para la indiferencia ni la resignaci\u00f3n<\/strong><\/p>\n\n<p>Antes de concluir su discurso, el Papa mir\u00f3 con esperanza las pr\u00f3ximas cumbres internacionales \u2014la COP30 de 2025, la sesi\u00f3n del Comit\u00e9 de Seguridad Alimentaria Mundial y la Conferencia del Agua de 2026\u2014, \u201cpara que escuchen el clamor de la tierra y de los pobres\u201d.<\/p>\n\n<p>Ha anche incoraggiato i giovani, i genitori e coloro che lavorano nelle amministrazioni e istituzioni a contribuire a \u201ctrovare soluzioni alle sfide culturali, spirituali ed educative di oggi, lottando sempre con tenacia per il bene comune.\u201d<\/p>\n\n<p>Finalmente reflexion\u00f3: <strong>\u201cDios nos preguntar\u00e1 si hemos cultivado y cuidado del mundo que cre\u00f3 y de nuestros hermanos y hermanas. \u00bfQu\u00e9 responderemos?\u201d.<\/strong><\/p>\n\n<figure class=\"wp-block-gallery has-nested-images columns-default is-cropped wp-block-gallery-1 is-layout-flex wp-block-gallery-is-layout-flex\">\n<figure class=\"wp-block-image size-large\"><img alt=\"\" alt=\"\" loading=\"lazy\" decoding=\"async\" width=\"777\" height=\"524\" data-id=\"388272\" src=\"https:\/\/www.focolare.org\/wp-content\/uploads\/2025\/10\/DSC00301.jpg\" alt=\"\" class=\"wp-image-388272\" srcset=\"https:\/\/www.focolare.org\/wp-content\/uploads\/2025\/10\/DSC00301.jpg 777w, https:\/\/www.focolare.org\/wp-content\/uploads\/2025\/10\/DSC00301-480x324.jpg 480w\" sizes=\"(min-width: 0px) and (max-width: 480px) 480px, (min-width: 481px) 777px, 100vw\" \/><\/figure>\n\n\n\n<figure class=\"wp-block-image size-large\"><img alt=\"\" alt=\"\" loading=\"lazy\" decoding=\"async\" width=\"825\" height=\"619\" data-id=\"388282\" src=\"https:\/\/www.focolare.org\/wp-content\/uploads\/2025\/10\/DSC00249.jpg\" alt=\"\" class=\"wp-image-388282\" srcset=\"https:\/\/www.focolare.org\/wp-content\/uploads\/2025\/10\/DSC00249.jpg 825w, https:\/\/www.focolare.org\/wp-content\/uploads\/2025\/10\/DSC00249-480x360.jpg 480w\" sizes=\"(min-width: 0px) and (max-width: 480px) 480px, (min-width: 481px) 825px, 100vw\" \/><\/figure>\n\n\n\n<figure class=\"wp-block-image size-large\"><img alt=\"\" alt=\"\" loading=\"lazy\" decoding=\"async\" width=\"825\" height=\"619\" data-id=\"388277\" src=\"https:\/\/www.focolare.org\/wp-content\/uploads\/2025\/10\/DSC00238.jpg\" alt=\"\" class=\"wp-image-388277\" srcset=\"https:\/\/www.focolare.org\/wp-content\/uploads\/2025\/10\/DSC00238.jpg 825w, https:\/\/www.focolare.org\/wp-content\/uploads\/2025\/10\/DSC00238-480x360.jpg 480w\" sizes=\"(min-width: 0px) and (max-width: 480px) 480px, (min-width: 481px) 825px, 100vw\" \/><\/figure>\n<\/figure>\n\n<div style=\"height:25px\" aria-hidden=\"true\" class=\"wp-block-spacer\"><\/div>\n\n<p class=\"has-text-color has-link-color wp-elements-3300bcc86845b47cb784548a06ed5b69\" style=\"color:#991515\"><strong>1.5 billones de cat\u00f3licos pueden involucrarse<\/strong><\/p>\n\n<figure class=\"wp-block-image alignright size-full is-resized\"><img alt=\"\" alt=\"\" loading=\"lazy\" decoding=\"async\" width=\"780\" height=\"540\" src=\"https:\/\/www.focolare.org\/wp-content\/uploads\/2025\/10\/DSC00367.jpg\" alt=\"\" class=\"wp-image-388287\" style=\"width:352px;height:auto\" srcset=\"https:\/\/www.focolare.org\/wp-content\/uploads\/2025\/10\/DSC00367.jpg 780w, https:\/\/www.focolare.org\/wp-content\/uploads\/2025\/10\/DSC00367-480x332.jpg 480w\" sizes=\"(min-width: 0px) and (max-width: 480px) 480px, (min-width: 481px) 780px, 100vw\" \/><\/figure>\n\n<p>El actor y exgobernador de California, fundador del Instituto USC Schwarzenegger de Pol\u00edticas Estatales y Globales, de la Iniciativa Clim\u00e1tica Schwarzenegger, Arnold Schwarzenegger, inici\u00f3 su discurso felicitando al Santo Padre por la instalaci\u00f3n de paneles solares en los techos del Vaticano: <em>\u201cEstoy junto a un h\u00e9roe\u201d<\/em>, afirm\u00f3.<\/p>\n\n<p>\u201cHay 1.5 billones de cat\u00f3licos, ese poder y esa fuerza hay que usarlo para involucrarse en el movimiento clim\u00e1tico\u201d, mencion\u00f3 Schwarzenegger al tiempo que hizo un llamamiento a hablar m\u00e1s de la contaminaci\u00f3n: \u201c<em>La persona com\u00fan y corriente no entiende cuando hablamos de carb\u00f3n cero o de las temperaturas en aumento. En lugar de hablar a la cabeza, tenemos que hablar al coraz\u00f3n. Podemos poner fin a la contaminaci\u00f3n si trabajamos juntos, porque Dios nos puso en la tierra para que la convirti\u00e9ramos en un lugar mejor\u201d<\/em>, indic\u00f3.<\/p>\n\n<p class=\"has-text-color has-link-color wp-elements-ea2fb3e32e5de1484a9f0620ec1832e7\" style=\"color:#991515\"><strong>Hacia la COP de la esperanza<\/strong><\/p>\n\n<p>Posteriormente fue el turno de la honorable Marina Silva, Ministra de Medio Ambiente y Cambio Clim\u00e1tico de Brasil, jefa de la presidencia conjunta de la COP30. En su discurso se mostr\u00f3 inspirada por los valores cristianos al participar de la conferencia.   <\/p>\n\n<figure class=\"wp-block-image alignright size-full is-resized\"><img alt=\"\" alt=\"\" loading=\"lazy\" decoding=\"async\" width=\"825\" height=\"619\" src=\"https:\/\/www.focolare.org\/wp-content\/uploads\/2025\/10\/DSC00389.jpg\" alt=\"\" class=\"wp-image-388292\" style=\"width:354px;height:auto\" srcset=\"https:\/\/www.focolare.org\/wp-content\/uploads\/2025\/10\/DSC00389.jpg 825w, https:\/\/www.focolare.org\/wp-content\/uploads\/2025\/10\/DSC00389-480x360.jpg 480w\" sizes=\"(min-width: 0px) and (max-width: 480px) 480px, (min-width: 481px) 825px, 100vw\" \/><\/figure>\n\n<p>Con \u00e1nimo, afirm\u00f3: \u201cEstoy segura de que el Papa har\u00e1 una gran aportaci\u00f3n para que la COP30 pase a la historia y se convierta, como todos deseamos ardientemente, en la COP de la esperanza, para preservar y cultivar todas las formas de vida que son parte del hermoso jard\u00edn que Dios nos ha regalado\u201d.<\/p>\n\n<p class=\"has-text-color has-link-color wp-elements-53a448452968c274aee7479afaec4a4c\" style=\"color:#991515\"><strong>De las l\u00e1grimas a la esperanza<\/strong><\/p>\n\n<p>En el escenario, el Papa estuvo acompa\u00f1ado por la Dra. Lorna Gold, directora ejecutiva del Movimiento Laudato Si\u2019 y presidenta del Comit\u00e9 Organizador de la Conferencia; Margaret Karram, te\u00f3loga y presidente del Movimiento de los Focolares; el sacerdote Jes\u00fas Mor\u00e1n; y Yeb Sa\u00f1o, presidente de la Junta Directiva del Movimiento Laudato Si\u2019, que comparti\u00f3 con el Pont\u00edfice su propia historia, en Filipinas, en contacto directo con m\u00faltiples cat\u00e1strofes clim\u00e1ticas, e introdujo a los testimonios principales. <\/p>\n\n<p>Posteriormente, se produjo un momento simb\u00f3lico espiritual en el que representantes de distintos pa\u00edses como Timor Oriental, Irlanda, Brasil, Zambia y M\u00e9xico trajeron agua desde su tierra, para ponerla en com\u00fan en un cuenco en el escenario. Ellos encarnaron el clamor de los pueblos originarios, de la vida silvestre, los ecosistemas, las generaciones futuras, los migrantes, los pobres y la tierra que gime. <\/p>\n\n<p>De las l\u00e1grimas a la esperanza, y con una audiencia de pie, el Papa Le\u00f3n se acerc\u00f3 a tocar el hielo glacial y proclam\u00f3 la bendici\u00f3n sobre el agua y sobre todos los presentes: <em>\u201cQue trabajemos por el florecimiento de toda la creaci\u00f3n\u201d<\/em>, exclam\u00f3. Los artistas Adenike, Gen Verde y los Pacific Artists for Climate Justice animaron con momentos musicales el encuentro.<\/p>\n\n<figure class=\"wp-block-gallery has-nested-images columns-default is-cropped wp-block-gallery-2 is-layout-flex wp-block-gallery-is-layout-flex\">\n<figure class=\"wp-block-image size-large\"><img alt=\"\" alt=\"\" loading=\"lazy\" decoding=\"async\" width=\"825\" height=\"619\" data-id=\"388297\" src=\"https:\/\/www.focolare.org\/wp-content\/uploads\/2025\/10\/DSC00317.jpg\" alt=\"\" class=\"wp-image-388297\" srcset=\"https:\/\/www.focolare.org\/wp-content\/uploads\/2025\/10\/DSC00317.jpg 825w, https:\/\/www.focolare.org\/wp-content\/uploads\/2025\/10\/DSC00317-480x360.jpg 480w\" sizes=\"(min-width: 0px) and (max-width: 480px) 480px, (min-width: 481px) 825px, 100vw\" \/><\/figure>\n\n\n\n<figure class=\"wp-block-image size-large\"><img alt=\"\" alt=\"\" loading=\"lazy\" decoding=\"async\" width=\"791\" height=\"543\" data-id=\"388302\" src=\"https:\/\/www.focolare.org\/wp-content\/uploads\/2025\/10\/DSC00271.jpg\" alt=\"\" class=\"wp-image-388302\" srcset=\"https:\/\/www.focolare.org\/wp-content\/uploads\/2025\/10\/DSC00271.jpg 791w, https:\/\/www.focolare.org\/wp-content\/uploads\/2025\/10\/DSC00271-480x330.jpg 480w\" sizes=\"(min-width: 0px) and (max-width: 480px) 480px, (min-width: 481px) 791px, 100vw\" \/><\/figure>\n\n\n\n<figure class=\"wp-block-image size-large\"><img alt=\"\" alt=\"\" loading=\"lazy\" decoding=\"async\" width=\"825\" height=\"549\" data-id=\"388307\" src=\"https:\/\/www.focolare.org\/wp-content\/uploads\/2025\/10\/DSC00288.jpg\" alt=\"\" class=\"wp-image-388307\" srcset=\"https:\/\/www.focolare.org\/wp-content\/uploads\/2025\/10\/DSC00288.jpg 825w, https:\/\/www.focolare.org\/wp-content\/uploads\/2025\/10\/DSC00288-480x319.jpg 480w\" sizes=\"(min-width: 0px) and (max-width: 480px) 480px, (min-width: 481px) 825px, 100vw\" \/><\/figure>\n<\/figure>\n\n<div style=\"height:31px\" aria-hidden=\"true\" class=\"wp-block-spacer\"><\/div>\n\n<figure class=\"wp-block-image alignright size-full is-resized\"><img alt=\"\" alt=\"\" loading=\"lazy\" decoding=\"async\" width=\"493\" height=\"750\" src=\"https:\/\/www.focolare.org\/wp-content\/uploads\/2025\/10\/aDSC00455-e1759951971717.jpg\" alt=\"\" class=\"wp-image-388626\" style=\"width:348px;height:auto\" srcset=\"https:\/\/www.focolare.org\/wp-content\/uploads\/2025\/10\/aDSC00455-e1759951971717-493x720.jpg 493w, https:\/\/www.focolare.org\/wp-content\/uploads\/2025\/10\/aDSC00455-e1759951971717-480x270.jpg 480w\" sizes=\"(min-width: 0px) and (max-width: 480px) 480px, (min-width: 481px) and (max-width: 493px) 493px, 100vw\" \/><\/figure>\n\n<p class=\"has-black-color has-text-color has-background has-link-color wp-elements-55b853aaab8cc1831b27d3e99822a6ae\" style=\"background-color:#eddfad\"><strong>Un trozo de glaciar de Groenlandia<\/strong><br\/><br\/>El hielo recorri\u00f3 m\u00e1s de 5000 kil\u00f3metros desde los fiordos de Nuuk, Groenlandia, hasta Castel Gandolfo, Roma. El artista Olafur Eliasson organiz\u00f3 el traslado del hielo a Roma para la ocasi\u00f3n con el apoyo del ge\u00f3logo Minik Rosing. Recogido en el fiordo de Nuup Kangerlua, el bloque de hielo se hab\u00eda desprendido de la capa de hielo de Groenlandia y se estaba derritiendo en el oc\u00e9ano.<br\/>La vasta capa de hielo de Groenlandia es uno de los reguladores clim\u00e1ticos m\u00e1s importantes de la Tierra. Formada por nieve compactada durante decenas de miles de a\u00f1os, contiene capas de m\u00e1s de 100 000 a\u00f1os de antig\u00fcedad que albergan burbujas de aire antiguo que registran la historia de la atm\u00f3sfera terrestre. <br\/>El Centro de Informaci\u00f3n sobre la Tierra de la NASA estima que la capa de hielo de Groenlandia est\u00e1 perdiendo aproximadamente 270 000 millones de toneladas al a\u00f1o como consecuencia del cambio clim\u00e1tico. A medida que el hielo libera agua de deshielo en el oc\u00e9ano, nos recuerda que nuestra relaci\u00f3n global con las capas de hielo es existencial: nos vinculan con el pasado, dan forma a nuestro clima actual y, dependiendo de nuestro cuidado o negligencia, determinar\u00e1n nuestro futuro com\u00fan. Si el hielo se derrite por completo, la NASA predice que el nivel del mar aumentar\u00e1 unos siete metros (23 pies), lo que modificar\u00e1 las costas y desplazar\u00e1 a millones de personas en todo el mundo.     <\/p>\n\n<div style=\"height:24px\" aria-hidden=\"true\" class=\"wp-block-spacer\"><\/div>\n\n<p class=\"has-text-align-right\"><em>Oficina de prensa de Raising Hope<\/em><br\/>\n  <em>Foto: \u00a9 Javier Garc\u00eda-CSC Audiovisivi<\/em>\n<\/p>\n\n<div style=\"height:197px\" aria-hidden=\"true\" class=\"wp-block-spacer\"><\/div>\n","protected":false},"excerpt":{"rendered":"<p>Un trozo de hielo glacial de Groenlandia protagoniz\u00f3 el escenario de la apertura de la Conferencia Raising Hope, el 1 de octubre en el Centro Mari\u00e1polis de Castelgandolfo, en la que el papa Le\u00f3n XIV llam\u00f3 a los presentes a volver al coraz\u00f3n, porque solo all\u00ed se podr\u00e1 tener una verdadera conversi\u00f3n ecol\u00f3gica.<\/p>\n","protected":false},"author":34,"featured_media":388625,"comment_status":"open","ping_status":"open","sticky":false,"template":"","format":"standard","meta":{"give_campaign_id":0,"_seopress_robots_primary_cat":"","_seopress_titles_title":"","_seopress_titles_desc":"","_seopress_robots_index":"","_et_pb_use_builder":"","_et_pb_old_content":"","_et_gb_content_width":"","footnotes":""},"categories":[3085,2996,3057,3191,3094],"tags":[4019,3358,3346,3199],"class_list":["post-388320","post","type-post","status-publish","format-standard","has-post-thumbnail","hentry","category-centro-internazionale-4","category-cultura-4","category-dialogo-interreligioso-3","category-ecologia-es","category-sociale-4","tag-laudato-si-es","tag-margaret-karram-es","tag-notifiche-es","tag-ppg-es"],"_links":{"self":[{"href":"https:\/\/www.focolare.org\/es\/wp-json\/wp\/v2\/posts\/388320","targetHints":{"allow":["GET"]}}],"collection":[{"href":"https:\/\/www.focolare.org\/es\/wp-json\/wp\/v2\/posts"}],"about":[{"href":"https:\/\/www.focolare.org\/es\/wp-json\/wp\/v2\/types\/post"}],"author":[{"embeddable":true,"href":"https:\/\/www.focolare.org\/es\/wp-json\/wp\/v2\/users\/34"}],"replies":[{"embeddable":true,"href":"https:\/\/www.focolare.org\/es\/wp-json\/wp\/v2\/comments?post=388320"}],"version-history":[{"count":3,"href":"https:\/\/www.focolare.org\/es\/wp-json\/wp\/v2\/posts\/388320\/revisions"}],"predecessor-version":[{"id":388639,"href":"https:\/\/www.focolare.org\/es\/wp-json\/wp\/v2\/posts\/388320\/revisions\/388639"}],"wp:featuredmedia":[{"embeddable":true,"href":"https:\/\/www.focolare.org\/es\/wp-json\/wp\/v2\/media\/388625"}],"wp:attachment":[{"href":"https:\/\/www.focolare.org\/es\/wp-json\/wp\/v2\/media?parent=388320"}],"wp:term":[{"taxonomy":"category","embeddable":true,"href":"https:\/\/www.focolare.org\/es\/wp-json\/wp\/v2\/categories?post=388320"},{"taxonomy":"post_tag","embeddable":true,"href":"https:\/\/www.focolare.org\/es\/wp-json\/wp\/v2\/tags?post=388320"}],"curies":[{"name":"wp","href":"https:\/\/api.w.org\/{rel}","templated":true}]}}