{"id":389155,"date":"2025-10-18T08:00:00","date_gmt":"2025-10-18T06:00:00","guid":{"rendered":"https:\/\/www.focolare.org\/?p=389155"},"modified":"2025-10-17T16:19:56","modified_gmt":"2025-10-17T14:19:56","slug":"nostra-aetate-60-anos-de-camino-en-el-dialogo-interreligioso","status":"publish","type":"post","link":"https:\/\/www.focolare.org\/es\/nostra-aetate-60-anos-de-camino-en-el-dialogo-interreligioso\/","title":{"rendered":"Nostra Aetate: 60 a\u00f1os de camino en el di\u00e1logo interreligioso"},"content":{"rendered":"\n<p><em>\u201cQue las religiones non se usen como armas o muros, sino m\u00e1s bien que se vivan como puentes y profec\u00eda, para que sea realizable el sue\u00f1o del bien com\u00fan, acompa\u00f1ando la vida, sosteniendo la esperanza y siendo levadura de unidad en un mundo fragmentado\u201d.<\/em><\/p>\n\n\n\n<p>Son estas las palabras finales pronunciadas por el Papa Le\u00f3n XIV en el v\u00eddeo realizado para las intenciones de oraci\u00f3n de octubre de 2025, dedicadas en lo espec\u00edfico a la \u201ccolaboraci\u00f3n entre las distintas tradiciones religiosas\u201d. En el mes en el que se conmemora el 60\u00b0 aniversario del documento conciliar <em><a href=\"https:\/\/www.vatican.va\/archive\/hist_councils\/ii_vatican_council\/documents\/vat-ii_decl_19651028_nostra-aetate_es.html\" target=\"_blank\" rel=\"noreferrer noopener\">Nostra Aetate<\/a><\/em> (literalmente <em>En nuestro tiempo<\/em>), acerca de las relaciones entre la Iglesia y las religiones no cristianas, el Pont\u00edfice, al exhortar a que nos reconozcamos \u201ccomo hermanos y hermanas, llamados a vivir, a rezar y a so\u00f1ar juntos\u201d, describe a la perfecci\u00f3n los que han sido los puntos centrales de esta declaraci\u00f3n hija del Vaticano II, manifestando su gran importancia y actualidad. <\/p>\n\n\n\n<p>El esp\u00edritu de renovaci\u00f3n conciliar ha abierto caminos desconocidos, ha proporcionado nuevas miradas sobre muchas cosas y en estas seis d\u00e9cadas la <em>Nostra Aetate<\/em> ciertamente ha guiado e inspirado los pasos para avanzar en el camino del di\u00e1logo, suscitando primero el conocimiento y luego la acogida entre las varias religiones.<\/p>\n\n\n\n<p>Por esa raz\u00f3n el Dicasterio para el Di\u00e1logo Interreligioso invita a una Celebraci\u00f3n conmemorativa para reflexionar sobre el legado de \u00abNostra Aetate\u00bb el <strong>28 de octubre<\/strong>, desde las 18.30 hasta las 20.30 horas en el Aula Paulo VI (Ciudad del Vaticano), con la presencia del Santo Padre. El evento se podr\u00e1 seguir a trav\u00e9s de los canales de <a href=\"https:\/\/www.youtube.com\/watch?v=5lfWxoaPGRg\" target=\"_blank\" rel=\"noreferrer noopener\">Vatican Media<\/a>. <\/p>\n\n\n\n<p>La Iglesia, como se lee en el documento, \u201c<em>en su deber de promover la unidad y la caridad entres los hombres, y m\u00e1s a\u00fan entre los pueblos, en primer lugar examina aqu\u00ed todo lo que los hombres tienen en com\u00fan y que los lleva a vivir juntos su com\u00fan destino. De hecho, los varios pueblos contituyen una sola comunidad\u201d. <\/em><\/p>\n\n\n\n<p>Esta revelaci\u00f3n, que es vivir como \u201cuna \u00fanica familia humana\u201d, es algo que Chiara Lubich, fundadora del Movimiento de los Focolares, hab\u00eda captado profundamente. En efecto, el Movimiento, fundado en una profunda espiritualidad cuyo centro es la unidad entre todos los seres humanos, est\u00e1 comprometido en varias formas de di\u00e1logo, entre los cuales tambi\u00e9n el interreligioso. Desde hace ya m\u00e1s de cinco d\u00e9cadas, y a trav\u00e9s de su Centro para el Di\u00e1logo Interreligioso (CDI) y sus centros presentes en muchos pa\u00edses, el Movimiento establece intensas y fraternas relaciones de di\u00e1logo con miles de fieles y numerosas instituciones, asociaciones, movimientos y organizaciones de las m\u00e1s variadas religiones, convencido de que la amistad entre las personas de diferentes credos es un potencial vital para la construcci\u00f3n de la fraternidad universal.  <\/p>\n\n\n\n<p>Compartimos a continuaci\u00f3n un breve v\u00eddeo que cuenta la intuici\u00f3n de Chiara Lubich y los pasos que se han dado en el camino del di\u00e1logo.<\/p>\n\n\n\n<p class=\"has-text-align-right\"><em>Maria Grazia Berretta<\/em><br><em>Foto: Una sesi\u00f3n del Concilio Vaticano II<\/em><\/p>\n\n\n\n<div style=\"height:15px\" aria-hidden=\"true\" class=\"wp-block-spacer\"><\/div>\n\n\n\n<figure class=\"wp-block-embed is-type-video is-provider-youtube wp-block-embed-youtube wp-embed-aspect-16-9 wp-has-aspect-ratio\"><div class=\"wp-block-embed__wrapper\">\n<iframe loading=\"lazy\" title=\"M\u00e1s all\u00e1 de los confines: Chiara Lubich y las grandes Religiones\" width=\"1080\" height=\"608\" src=\"https:\/\/www.youtube.com\/embed\/q28XLFQdr0I?feature=oembed\"  allow=\"accelerometer; autoplay; clipboard-write; encrypted-media; gyroscope; picture-in-picture; web-share\" referrerpolicy=\"strict-origin-when-cross-origin\" allowfullscreen><\/iframe>\n<\/div><\/figure>\n\n\n\n<div style=\"height:160px\" aria-hidden=\"true\" class=\"wp-block-spacer\"><\/div>\n","protected":false},"excerpt":{"rendered":"<p>El 28 de octubre de 2025 recordamos el 60\u00b0 aniversario de \u00abNostra Aetate\u00bb, la declaraci\u00f3n del Concilio Vaticano II sobre las relaciones de la Iglesia con las religiones no cristianas. Tras seis d\u00e9cadas, el documento que ha inspirado y guiado los pasos del di\u00e1logo interreligioso, nos invita a renovar nuestro compromiso continuando en la construcci\u00f3n de v\u00ednculos de verdadera fraternidad. <\/p>\n","protected":false},"author":34,"featured_media":389146,"comment_status":"open","ping_status":"open","sticky":false,"template":"","format":"standard","meta":{"give_campaign_id":0,"_seopress_robots_primary_cat":"","_seopress_titles_title":"","_seopress_titles_desc":"","_seopress_robots_index":"","_et_pb_use_builder":"","_et_pb_old_content":"","_et_gb_content_width":"","footnotes":""},"categories":[3027,3057],"tags":[4131,3051,3346,3199],"class_list":["post-389155","post","type-post","status-publish","format-standard","has-post-thumbnail","hentry","category-chiesa-4","category-dialogo-interreligioso-3","tag-di3-es","tag-grandi-religioni-3","tag-notifiche-es","tag-ppg-es"],"_links":{"self":[{"href":"https:\/\/www.focolare.org\/es\/wp-json\/wp\/v2\/posts\/389155","targetHints":{"allow":["GET"]}}],"collection":[{"href":"https:\/\/www.focolare.org\/es\/wp-json\/wp\/v2\/posts"}],"about":[{"href":"https:\/\/www.focolare.org\/es\/wp-json\/wp\/v2\/types\/post"}],"author":[{"embeddable":true,"href":"https:\/\/www.focolare.org\/es\/wp-json\/wp\/v2\/users\/34"}],"replies":[{"embeddable":true,"href":"https:\/\/www.focolare.org\/es\/wp-json\/wp\/v2\/comments?post=389155"}],"version-history":[{"count":2,"href":"https:\/\/www.focolare.org\/es\/wp-json\/wp\/v2\/posts\/389155\/revisions"}],"predecessor-version":[{"id":389157,"href":"https:\/\/www.focolare.org\/es\/wp-json\/wp\/v2\/posts\/389155\/revisions\/389157"}],"wp:featuredmedia":[{"embeddable":true,"href":"https:\/\/www.focolare.org\/es\/wp-json\/wp\/v2\/media\/389146"}],"wp:attachment":[{"href":"https:\/\/www.focolare.org\/es\/wp-json\/wp\/v2\/media?parent=389155"}],"wp:term":[{"taxonomy":"category","embeddable":true,"href":"https:\/\/www.focolare.org\/es\/wp-json\/wp\/v2\/categories?post=389155"},{"taxonomy":"post_tag","embeddable":true,"href":"https:\/\/www.focolare.org\/es\/wp-json\/wp\/v2\/tags?post=389155"}],"curies":[{"name":"wp","href":"https:\/\/api.w.org\/{rel}","templated":true}]}}