{"id":389816,"date":"2025-10-30T09:50:00","date_gmt":"2025-10-30T08:50:00","guid":{"rendered":"https:\/\/www.focolare.org\/?p=389816"},"modified":"2025-10-29T16:31:07","modified_gmt":"2025-10-29T15:31:07","slug":"evangelio-vivido-la-ayuda-me-viene-del-senor-que-hizo-el-cielo-y-la-tierra","status":"publish","type":"post","link":"https:\/\/www.focolare.org\/es\/evangelio-vivido-la-ayuda-me-viene-del-senor-que-hizo-el-cielo-y-la-tierra\/","title":{"rendered":"Evangelio vivido: \u201cLa ayuda me viene del Se\u00f1or, que hizo el cielo y la tierra\u201d."},"content":{"rendered":"\n<p><strong>Simplemente amar<\/strong><\/p>\n\n<p>En estos d\u00edas fui a visitar a mi madre para llevarle algunas cosas, como suelo hacer. Hac\u00eda calor y ella estaba a\u00fan durmiendo la siesta, por lo cual le dej\u00e9 todo en el lavadero para no despertarla. Cuando estaba por volver a casa, not\u00e9 que hab\u00edan cortado el c\u00e9sped de la acera (en nuestra localidad esa tarea es incumbencia del Municipio) y todo hab\u00eda quedado un tanto sucio y desprolijo. Enseguida pens\u00e9 que cuando ella se despertara iba a ver la acera en ese estado y empezar\u00eda a barrerla, aunque sabe que no deber\u00eda hacerlo pues le produce dolor de espalda. Volv\u00ed para buscar una escoba, porque s\u00e9 d\u00f3nde las guarda, y empec\u00e9 a barrer. Esa simple experiencia me dio la misma alegr\u00eda que sent\u00eda cuando era un gen 3, un adolescente del Movimiento de los Focolares, por m\u00e1s de que hayan pasado tantos a\u00f1os.     <\/p>\n\n<p>(D. C. \u2013 Argentina)<\/p>\n\n<p><strong>Mientras hac\u00eda las compras<\/strong><\/p>\n\n<p>Ayer estaba en el supermercado. Mientras miraba los productos en una g\u00f3ndola, me di cuenta de que alguien me estaba observando con insistencia; era un se\u00f1or. Como no era una persona que yo conociera, segu\u00ed mi recorrido, pero \u00e9l sigui\u00f3 haciendo lo mismo. Un rato m\u00e1s tarde, cuando yo sal\u00eda, vi que me estaba esperando; entonces me salud\u00f3: \u201cPero realmente, \u00bfno se acuerda usted de m\u00ed?\u201d. Su rostro segu\u00eda siendo desconocido para m\u00ed, entonces le suger\u00ed que me diera alg\u00fan elemento que pudiera hacerme recordar. \u201cSoy Stefan \u2013respondi\u00f3\u2013 y hace algunos a\u00f1os usted me ayud\u00f3 mucho con un documento que yo estaba tramitando y finalmente me consigui\u00f3. Mire, todav\u00eda lo conservo\u201d, y abriendo su mochila, con mucha alegr\u00eda en su rostro, me mostr\u00f3 una ficha de reconocimiento que se les conced\u00eda a los extranjeros. Busqu\u00e9 la fecha y vi que es del a\u00f1o 1993, pero la guardaba en muy buen estado. Stefan prosigue dici\u00e9ndome: \u201cHan pasado treinta y dos a\u00f1os, pero nunca me olvido su dedicaci\u00f3n por hacer lo imposible por m\u00ed, y lo que signific\u00f3 este documento en ese momento. Por ello, siempre he guardado esta ficha, como para recordarla a usted, \u00a1gracias!\u201d. Luego me dijo: \u201cUsted est\u00e1 igual a como era en ese entonces\u201d. No hab\u00eda visto mis arrugas, pero recordaba el amor. Y el amor es lo que queda.          <\/p>\n\n<p>(A.P. \u2013 Italia)<\/p>\n\n<p class=\"has-text-align-right\"><em>A cargo de Maria Grazia Berretta<br\/>(extra\u00eddo de \u201cIl Vangelo del Giorno\u201d, Citt\u00e0 Nuova, a\u00f1o X\u2013 n\u00famero 1, septiembre-octubre de 2025)<\/em><\/p>\n\n<p class=\"has-text-align-left\"><em>Foto: \u00a9 Pixabay<\/em><\/p>\n\n<div style=\"height:162px\" aria-hidden=\"true\" class=\"wp-block-spacer\"><\/div>\n","protected":false},"excerpt":{"rendered":"<p>El autor del salmo 121 nos invita a levantar la mirada y confiar en el Se\u00f1or que provee a las necesidades de cada uno de nosotros. Tambi\u00e9n es posible hacer la experiencia de ese amor descubriendo, en la cotidianidad, que estamos llamados a ser instrumentos de Dios para los que est\u00e1n cerca de nosotros. <\/p>\n","protected":false},"author":34,"featured_media":389815,"comment_status":"open","ping_status":"open","sticky":false,"template":"","format":"standard","meta":{"give_campaign_id":0,"_seopress_robots_primary_cat":"","_seopress_titles_title":"","_seopress_titles_desc":"","_seopress_robots_index":"","_et_pb_use_builder":"","_et_pb_old_content":"","_et_gb_content_width":"","footnotes":""},"categories":[3289],"tags":[3346,3199],"class_list":["post-389816","post","type-post","status-publish","format-standard","has-post-thumbnail","hentry","category-testimonianze-di-vita-es","tag-notifiche-es","tag-ppg-es"],"_links":{"self":[{"href":"https:\/\/www.focolare.org\/es\/wp-json\/wp\/v2\/posts\/389816","targetHints":{"allow":["GET"]}}],"collection":[{"href":"https:\/\/www.focolare.org\/es\/wp-json\/wp\/v2\/posts"}],"about":[{"href":"https:\/\/www.focolare.org\/es\/wp-json\/wp\/v2\/types\/post"}],"author":[{"embeddable":true,"href":"https:\/\/www.focolare.org\/es\/wp-json\/wp\/v2\/users\/34"}],"replies":[{"embeddable":true,"href":"https:\/\/www.focolare.org\/es\/wp-json\/wp\/v2\/comments?post=389816"}],"version-history":[{"count":3,"href":"https:\/\/www.focolare.org\/es\/wp-json\/wp\/v2\/posts\/389816\/revisions"}],"predecessor-version":[{"id":389819,"href":"https:\/\/www.focolare.org\/es\/wp-json\/wp\/v2\/posts\/389816\/revisions\/389819"}],"wp:featuredmedia":[{"embeddable":true,"href":"https:\/\/www.focolare.org\/es\/wp-json\/wp\/v2\/media\/389815"}],"wp:attachment":[{"href":"https:\/\/www.focolare.org\/es\/wp-json\/wp\/v2\/media?parent=389816"}],"wp:term":[{"taxonomy":"category","embeddable":true,"href":"https:\/\/www.focolare.org\/es\/wp-json\/wp\/v2\/categories?post=389816"},{"taxonomy":"post_tag","embeddable":true,"href":"https:\/\/www.focolare.org\/es\/wp-json\/wp\/v2\/tags?post=389816"}],"curies":[{"name":"wp","href":"https:\/\/api.w.org\/{rel}","templated":true}]}}