{"id":390405,"date":"2025-11-18T12:00:00","date_gmt":"2025-11-18T11:00:00","guid":{"rendered":"https:\/\/www.focolare.org\/?p=390405"},"modified":"2025-11-18T11:45:16","modified_gmt":"2025-11-18T10:45:16","slug":"a-mi-me-lo-hicieron-los-proyectos-y-obras-de-los-focolares-en-el-mundo","status":"publish","type":"post","link":"https:\/\/www.focolare.org\/es\/a-mi-me-lo-hicieron-los-proyectos-y-obras-de-los-focolares-en-el-mundo\/","title":{"rendered":"\u00abA m\u00ed me lo hicieron\u00bb: los proyectos y obras de los Focolares en el mundo."},"content":{"rendered":"\n<p>Presentaci\u00f3n del Balance de Comuni\u00f3n 2024 realizada en Roma (Italia) el 6 de noviembre de 2025. El v\u00eddeo est\u00e1 en italiano con una intervenci\u00f3n en ingl\u00e9s.  <strong>Los subt\u00edtulos se han generado autom\u00e1ticamente, es necesario activarlos y seleccionar el idioma.<\/strong> <\/p>\n\n<div style=\"height:26px\" aria-hidden=\"true\" class=\"wp-block-spacer\"><\/div>\n\n<figure class=\"wp-block-embed is-type-video is-provider-youtube wp-block-embed-youtube wp-embed-aspect-16-9 wp-has-aspect-ratio\"><div class=\"wp-block-embed__wrapper\">\n<iframe loading=\"lazy\" title=\"Roma, 06\/11\/2025 - Presentazione del Bilancio di Comunione 2024 del Movimento dei Focolari\" width=\"1080\" height=\"608\" src=\"https:\/\/www.youtube.com\/embed\/ya4ufwwtV_E?feature=oembed\"  allow=\"accelerometer; autoplay; clipboard-write; encrypted-media; gyroscope; picture-in-picture; web-share\" referrerpolicy=\"strict-origin-when-cross-origin\" allowfullscreen><\/iframe>\n<\/div><\/figure>\n\n<div style=\"height:233px\" aria-hidden=\"true\" class=\"wp-block-spacer\"><\/div>\n","protected":false},"excerpt":{"rendered":"<p>El Balance de Comuni\u00f3n 2024 de los Focolares habla de una fraternidad que contribuye a cambiar la realidad. Un balance que habla de paz, formaci\u00f3n, salud e inclusi\u00f3n. <\/p>\n","protected":false},"author":34,"featured_media":390404,"comment_status":"open","ping_status":"open","sticky":false,"template":"","format":"standard","meta":{"give_campaign_id":0,"_seopress_robots_primary_cat":"","_seopress_titles_title":"","_seopress_titles_desc":"","_seopress_robots_index":"","_et_pb_use_builder":"","_et_pb_old_content":"","_et_gb_content_width":"","footnotes":""},"categories":[3085,3094],"tags":[4165,3346,3028,3199],"class_list":["post-390405","post","type-post","status-publish","format-standard","has-post-thumbnail","hentry","category-centro-internazionale-4","category-sociale-4","tag-bilancio-di-comunione","tag-notifiche-es","tag-opere-sociali-2","tag-ppg-es"],"_links":{"self":[{"href":"https:\/\/www.focolare.org\/es\/wp-json\/wp\/v2\/posts\/390405","targetHints":{"allow":["GET"]}}],"collection":[{"href":"https:\/\/www.focolare.org\/es\/wp-json\/wp\/v2\/posts"}],"about":[{"href":"https:\/\/www.focolare.org\/es\/wp-json\/wp\/v2\/types\/post"}],"author":[{"embeddable":true,"href":"https:\/\/www.focolare.org\/es\/wp-json\/wp\/v2\/users\/34"}],"replies":[{"embeddable":true,"href":"https:\/\/www.focolare.org\/es\/wp-json\/wp\/v2\/comments?post=390405"}],"version-history":[{"count":1,"href":"https:\/\/www.focolare.org\/es\/wp-json\/wp\/v2\/posts\/390405\/revisions"}],"predecessor-version":[{"id":390406,"href":"https:\/\/www.focolare.org\/es\/wp-json\/wp\/v2\/posts\/390405\/revisions\/390406"}],"wp:featuredmedia":[{"embeddable":true,"href":"https:\/\/www.focolare.org\/es\/wp-json\/wp\/v2\/media\/390404"}],"wp:attachment":[{"href":"https:\/\/www.focolare.org\/es\/wp-json\/wp\/v2\/media?parent=390405"}],"wp:term":[{"taxonomy":"category","embeddable":true,"href":"https:\/\/www.focolare.org\/es\/wp-json\/wp\/v2\/categories?post=390405"},{"taxonomy":"post_tag","embeddable":true,"href":"https:\/\/www.focolare.org\/es\/wp-json\/wp\/v2\/tags?post=390405"}],"curies":[{"name":"wp","href":"https:\/\/api.w.org\/{rel}","templated":true}]}}