{"id":390607,"date":"2025-11-21T05:00:00","date_gmt":"2025-11-21T04:00:00","guid":{"rendered":"https:\/\/www.focolare.org\/?p=390607"},"modified":"2025-12-05T21:27:02","modified_gmt":"2025-12-05T20:27:02","slug":"jovenes-ciudad-y-paz-la-carta-de-nairobi-y-el-aporte-de-las-nuevas-generaciones","status":"publish","type":"post","link":"https:\/\/www.focolare.org\/es\/jovenes-ciudad-y-paz-la-carta-de-nairobi-y-el-aporte-de-las-nuevas-generaciones\/","title":{"rendered":"J\u00f3venes, Ciudad y Paz: la Carta de Nairobi y el aporte de las nuevas generaciones"},"content":{"rendered":"\n<p>La celebraci\u00f3n del <strong>80\u00b0 aniversario de la ONU<\/strong> (Organizaci\u00f3n de las Naciones Unidas) ha sido la ocasi\u00f3n para realizar en Nairobi (Kenia) un evento internacional que llevaba como t\u00edtulo: <strong>\u201cCities, Communities, Care-Youth in Action for Sustaining Peace\u201d <\/strong>(Ciudades, Comunidades y Cuidado Juvenil trabajando por una paz sustentable). Es un encuentro que ha contado con la presencia de numerosos j\u00f3venes africanos y representantes de todo el mundo, todos protagonistas de un nuevo impulso en aras de la construcci\u00f3n de sociedades pac\u00edficas y resilientes, capaces de construir el futuro del continente africano, tomando muy en serio la idea del mundo unido. <\/p>\n\n<p>El momento culminante fue la presentaci\u00f3n de la \u201cCharter of Commitments\u201d (Declaraci\u00f3n de compromisos), un documento que promueve la paz a trav\u00e9s del di\u00e1logo intercultural, las iniciativas art\u00edsticas y los programas comunitarios, reconoci\u00e9ndoles a los j\u00f3venes el rol de \u201cinfluencer de paz\u201d y agentes de cambio. En el centro de la visi\u00f3n presentada est\u00e1 la adopci\u00f3n de los valores del ubuntu, la filosof\u00eda africana que invita a compartir y a la reciprocidad, como base para una sociedad solidaria. Los j\u00f3venes apoyan a las Naciones Unidas y a la Uni\u00f3n Africana, apreciando su rol en el hecho de sostener y colaborar con los gobiernos locales \u2013con los actores de las sociedad civil, las instituciones religiosas y las organizaciones juveniles\u2013 cuando promueven la solidaridad, la justicia y la igualdad tanto a nivel local como global. La Declaraci\u00f3n apoya acciones concretas para construir ciudades m\u00e1s acogedoras, para avanzar en un desarrollo sustentable, en un nuevo impulso para emprendimientos juveniles y una nueva visi\u00f3n africana, libre de fronteras y barreras. Hace hincapi\u00e9 en la urgencia de una mayor inclusi\u00f3n, formaci\u00f3n y participaci\u00f3n juvenil en los procesos decisionales, a todos los niveles.    <\/p>\n\n<p>Este llamado nace en la conclusi\u00f3n de ese evento organizado por New Humanity, ONG del Movimiento de los Focolares. Los trabajos se llevaron a cabo en la Mari\u00e1polis Piero de Nairobi. Tambi\u00e9n participaron de la iniciativa UN Habitat, agencia de la ONU para el desarrollo urbano y UNEP, agencia de las Naciones Unidas para el ambiente, Laudato S\u00ec Movement Africa, Greening Africa Together, Living Peace International, Africa Interfaith Youth Network, International Sociological Association, Centro Universitario ASCES de Caruar\u00fa (Brasil), adem\u00e1s de todas las expresiones del \u00e1rea social, pol\u00edtica y cultural del Movimiento de los Focolares.  <\/p>\n\n<figure class=\"wp-block-gallery has-nested-images columns-default is-cropped wp-block-gallery-1 is-layout-flex wp-block-gallery-is-layout-flex\">\n<figure class=\"wp-block-image size-large\"><img alt=\"\" alt=\"\" loading=\"lazy\" decoding=\"async\" width=\"2048\" height=\"1367\" data-id=\"390594\" src=\"https:\/\/www.focolare.org\/wp-content\/uploads\/2025\/11\/JUP_7492-2048x1367.jpg\" alt=\"\" class=\"wp-image-390594\" srcset=\"https:\/\/www.focolare.org\/wp-content\/uploads\/2025\/11\/JUP_7492-2048x1367.jpg 2048w, https:\/\/www.focolare.org\/wp-content\/uploads\/2025\/11\/JUP_7492-1280x855.jpg 1280w, https:\/\/www.focolare.org\/wp-content\/uploads\/2025\/11\/JUP_7492-980x654.jpg 980w, https:\/\/www.focolare.org\/wp-content\/uploads\/2025\/11\/JUP_7492-480x320.jpg 480w\" sizes=\"(min-width: 0px) and (max-width: 480px) 480px, (min-width: 481px) and (max-width: 980px) 980px, (min-width: 981px) and (max-width: 1280px) 1280px, (min-width: 1281px) 2048px, 100vw\" \/><\/figure>\n\n\n\n<figure class=\"wp-block-image size-large\"><img alt=\"\" alt=\"\" loading=\"lazy\" decoding=\"async\" width=\"2048\" height=\"1367\" data-id=\"390596\" src=\"https:\/\/www.focolare.org\/wp-content\/uploads\/2025\/11\/JUP_7880-2048x1367.jpg\" alt=\"\" class=\"wp-image-390596\" srcset=\"https:\/\/www.focolare.org\/wp-content\/uploads\/2025\/11\/JUP_7880-2048x1367.jpg 2048w, https:\/\/www.focolare.org\/wp-content\/uploads\/2025\/11\/JUP_7880-1280x855.jpg 1280w, https:\/\/www.focolare.org\/wp-content\/uploads\/2025\/11\/JUP_7880-980x654.jpg 980w, https:\/\/www.focolare.org\/wp-content\/uploads\/2025\/11\/JUP_7880-480x320.jpg 480w\" sizes=\"(min-width: 0px) and (max-width: 480px) 480px, (min-width: 481px) and (max-width: 980px) 980px, (min-width: 981px) and (max-width: 1280px) 1280px, (min-width: 1281px) 2048px, 100vw\" \/><\/figure>\n\n\n\n<figure class=\"wp-block-image size-large\"><img alt=\"\" alt=\"\" loading=\"lazy\" decoding=\"async\" width=\"2048\" height=\"1367\" data-id=\"390597\" src=\"https:\/\/www.focolare.org\/wp-content\/uploads\/2025\/11\/JUP_7890-2048x1367.jpg\" alt=\"\" class=\"wp-image-390597\" srcset=\"https:\/\/www.focolare.org\/wp-content\/uploads\/2025\/11\/JUP_7890-2048x1367.jpg 2048w, https:\/\/www.focolare.org\/wp-content\/uploads\/2025\/11\/JUP_7890-1280x855.jpg 1280w, https:\/\/www.focolare.org\/wp-content\/uploads\/2025\/11\/JUP_7890-980x654.jpg 980w, https:\/\/www.focolare.org\/wp-content\/uploads\/2025\/11\/JUP_7890-480x320.jpg 480w\" sizes=\"(min-width: 0px) and (max-width: 480px) 480px, (min-width: 481px) and (max-width: 980px) 980px, (min-width: 981px) and (max-width: 1280px) 1280px, (min-width: 1281px) 2048px, 100vw\" \/><\/figure>\n<\/figure>\n\n<div style=\"height:17px\" aria-hidden=\"true\" class=\"wp-block-spacer\"><\/div>\n\n<h2 class=\"wp-block-heading has-text-color has-link-color has-medium-font-size wp-elements-0387e445130faacce4582707cadce9c8\" style=\"color:#7a0c0c\">Paz, desarrollo urbano, ambiente y liderazgo de comuni\u00f3n<\/h2>\n\n<p>Para los l\u00edderes juveniles reunidos en Nairobi, esta nueva perspectiva podr\u00e1 realizarse s\u00f3lo a trav\u00e9s de la creaci\u00f3n de mecanismos permanentes de colaboraci\u00f3n tanto a nivel local como internacional. Un verdadero trabajo de construcci\u00f3n y consolidaci\u00f3n de redes. El evento ha visto la participaci\u00f3n de treinta relatores internacionales, ocho mesas redondas, seis conexiones en vivo y ocho testimonios en v\u00eddeo, desde ciudades de los cinco continentes, con una atenci\u00f3n constante al di\u00e1logo con los j\u00f3venes. Los temas afrontados trataron sobre la paz, el desarrollo urbano, el cuidado del ambiente y las nuevas formas de liderazgo y comuni\u00f3n.   <\/p>\n\n<h2 class=\"wp-block-heading has-text-color has-link-color has-medium-font-size wp-elements-3697b0249a6e750432640c2f498a4d50\" style=\"color:#7a0c0c\">Mensajes de saludo<\/h2>\n\n<p>El congreso se abri\u00f3 con los v\u00eddeo-mensajes de Felipe Paullier, asistente del Secretario General de la ONU para los j\u00f3venes, y de Margaret Karram, Presidente del Movimiento de los Focolares. Paullier, tras recordar que Nairobi es una de las tres principales sedes de las Naciones Unidas, afirm\u00f3 que \u201ctoda guerra es una derrota para la humanidad, un fracaso del di\u00e1logo. Los j\u00f3venes no s\u00f3lo son v\u00edctimas de las crisis de hoy, sino que tambi\u00e9n son creadores, l\u00edderes y constructores de paz\u201d. Y son m\u00e1s de 2.000 millones los j\u00f3venes \u201cdispuestos a ser parte integrante de la construcci\u00f3n de nuestro futuro com\u00fan\u201d. Un mensaje claro para todos: confiando en una generaci\u00f3n que \u201cresiste al odio, rechaza la indiferencia y elige la paz como responsabilidad cotidiana\u201d, es posible partir de las ciudades y de las comunidades, pues es \u201cen los barrios, en los colegios, en los lugares de culto y en las comunidades locales en donde la cooperaci\u00f3n se vuelve tangible\u201d.   <\/p>\n\n<p>Margaret Karram record\u00f3 la iniciativa \u2013que funciona ya desde hace una d\u00e9cada\u2013 de formaci\u00f3n a un liderazgo de comuni\u00f3n, lanzada por el Instituto Universitario Sophia y por el Movimiento Pol\u00edtico por la Unidad, con el programa \u201c<a href=\"https:\/\/www.focolare.org\/es\/together-for-a-new-africa-la-valentia-de-ser-lideres\/\" target=\"_blank\" rel=\"noreferrer noopener\">Together for a New Africa<\/a>\u201d (Juntos por una nueva \u00c1frica). El itinerario, en su \u00faltimo ciclo trienal, integr\u00f3 a 140 j\u00f3venes de 14 pa\u00edses africanos, junto a tutores y docentes, quienes, en los d\u00edas anteriores al Congreso, realizaron su Summer School anual en modalidad h\u00edbrida para recoger y discutir los resultados de sus acciones locales. Otro programa que trajo a colaci\u00f3n la Presidente de los Focolares \u2013 que convoca desde hace un a\u00f1o a 150 j\u00f3venes de 60 pa\u00edses del mundo, activos en el \u00e1mbito pol\u00edtico y en la sociedad civil\u2013 es \u201cOne Humanity, One Planet: Synodal Leadership\u201d (Una humanidad, un planeta: Liderazgo Sinodal\u201d). Son j\u00f3venes \u201cque se forman y trabajan para realizar buenas pol\u00edticas y generar impacto social con una visi\u00f3n inspirada en la cultura de la unidad\u201d.<\/p>\n\n<figure class=\"wp-block-gallery has-nested-images columns-default is-cropped wp-block-gallery-2 is-layout-flex wp-block-gallery-is-layout-flex\">\n<figure class=\"wp-block-image size-large\"><img alt=\"\" alt=\"\" loading=\"lazy\" decoding=\"async\" width=\"2048\" height=\"1367\" data-id=\"390598\" src=\"https:\/\/www.focolare.org\/wp-content\/uploads\/2025\/11\/JUP_8720-2048x1367.jpg\" alt=\"\" class=\"wp-image-390598\" srcset=\"https:\/\/www.focolare.org\/wp-content\/uploads\/2025\/11\/JUP_8720-2048x1367.jpg 2048w, https:\/\/www.focolare.org\/wp-content\/uploads\/2025\/11\/JUP_8720-1280x855.jpg 1280w, https:\/\/www.focolare.org\/wp-content\/uploads\/2025\/11\/JUP_8720-980x654.jpg 980w, https:\/\/www.focolare.org\/wp-content\/uploads\/2025\/11\/JUP_8720-480x320.jpg 480w\" sizes=\"(min-width: 0px) and (max-width: 480px) 480px, (min-width: 481px) and (max-width: 980px) 980px, (min-width: 981px) and (max-width: 1280px) 1280px, (min-width: 1281px) 2048px, 100vw\" \/><\/figure>\n\n\n\n<figure class=\"wp-block-image size-large\"><img alt=\"\" alt=\"\" loading=\"lazy\" decoding=\"async\" width=\"2048\" height=\"1367\" data-id=\"390599\" src=\"https:\/\/www.focolare.org\/wp-content\/uploads\/2025\/11\/JUP_7983-2048x1367.jpg\" alt=\"\" class=\"wp-image-390599\" srcset=\"https:\/\/www.focolare.org\/wp-content\/uploads\/2025\/11\/JUP_7983-2048x1367.jpg 2048w, https:\/\/www.focolare.org\/wp-content\/uploads\/2025\/11\/JUP_7983-1280x855.jpg 1280w, https:\/\/www.focolare.org\/wp-content\/uploads\/2025\/11\/JUP_7983-980x654.jpg 980w, https:\/\/www.focolare.org\/wp-content\/uploads\/2025\/11\/JUP_7983-480x320.jpg 480w\" sizes=\"(min-width: 0px) and (max-width: 480px) 480px, (min-width: 481px) and (max-width: 980px) 980px, (min-width: 981px) and (max-width: 1280px) 1280px, (min-width: 1281px) 2048px, 100vw\" \/><\/figure>\n\n\n\n<figure class=\"wp-block-image size-large\"><img alt=\"\" alt=\"\" loading=\"lazy\" decoding=\"async\" width=\"2048\" height=\"1367\" data-id=\"390595\" src=\"https:\/\/www.focolare.org\/wp-content\/uploads\/2025\/11\/JUP_7702-2048x1367.jpg\" alt=\"\" class=\"wp-image-390595\" srcset=\"https:\/\/www.focolare.org\/wp-content\/uploads\/2025\/11\/JUP_7702-2048x1367.jpg 2048w, https:\/\/www.focolare.org\/wp-content\/uploads\/2025\/11\/JUP_7702-1280x855.jpg 1280w, https:\/\/www.focolare.org\/wp-content\/uploads\/2025\/11\/JUP_7702-980x654.jpg 980w, https:\/\/www.focolare.org\/wp-content\/uploads\/2025\/11\/JUP_7702-480x320.jpg 480w\" sizes=\"(min-width: 0px) and (max-width: 480px) 480px, (min-width: 481px) and (max-width: 980px) 980px, (min-width: 981px) and (max-width: 1280px) 1280px, (min-width: 1281px) 2048px, 100vw\" \/><\/figure>\n<\/figure>\n\n<div style=\"height:22px\" aria-hidden=\"true\" class=\"wp-block-spacer\"><\/div>\n\n<p>Se trata de perspectivas que definen el compromiso de todo el Movimiento de los Focolares, que \u201cest\u00e1 contenido en el documento \u2018Together To Care\u2019 entregado a la ONU hace un a\u00f1o\u201d \u2013explic\u00f3 la Presidente\u2013 atesorando \u201ciniciativas como Living Peace, que involucra a m\u00e1s de dos millones de chicos en el mundo\u201d. Junto a la Instituci\u00f3n \u201cAMU (con casi 900 proyectos de cooperaci\u00f3n) dan testimonio de un compromiso concreto y difundido\u201d. En este cuadro, apreci\u00f3 el esfuerzo por \u201cdise\u00f1ar un itinerario com\u00fan con el cual redefinir la vida urbana, valorizando y fortificando los v\u00ednculos sociales\u201d y agreg\u00f3: \u201c\u00a1Cu\u00e1nto tienen las culturas africanas para ofrecernos en este aspecto!\u201d. Fue incisiva su invitaci\u00f3n a redescubrir en el coraz\u00f3n de las ciudades \u201ccomunidades de solidaridad y de reconciliaci\u00f3n no perceptibles por el ojo humano\u201d. Son \u201cciudades invisibles\u201d que en su peque\u00f1a dimensi\u00f3n, d\u00eda tras d\u00eda, aportan a la construcci\u00f3n de una red universal de paz y que muestran que otro mundo es posible\u201d. Por \u00faltimo, resalt\u00f3 que la reciprocidad es la clave del cambio que Chiara Lubich hab\u00eda recordado ya en 1997 en el contexto de una intervenci\u00f3n en el Palacio de Vidrio de la ONU: \u201cla reciprocidad \u2013as\u00ed concluy\u00f3 Karram citando a Chiara\u2013 es una meta que puede acercarnos, hacernos crecer, que puede volverse realidad cuando damos el primer paso hacia el otro, quienquiera que sea y cualesquiera sean sus convicciones, para comprender sus razones, para buscar una conexi\u00f3n y para establecer una relaci\u00f3n.\u201d   <\/p>\n\n<h2 class=\"wp-block-heading has-text-color has-link-color has-medium-font-size wp-elements-720de256f04856de28c10cb467149d47\" style=\"color:#7a0c0c\">Los retos de \u00c1frica y el aporte de UN Habitat<\/h2>\n\n<p>Entre los hu\u00e9spedes, Christelle Lahoud de ONU Habitat, destac\u00f3 de qu\u00e9 manera \u00c1frica, continente con la poblaci\u00f3n m\u00e1s joven y en r\u00e1pida urbanizaci\u00f3n, representa tanto una urgencia como una oportunidad. La construcci\u00f3n de la paz se refuerza cuando los j\u00f3venes pueden participar activamente en los procesos decisionales, dando su contribuci\u00f3n a la creaci\u00f3n de espacios urbanos seguros e inclusivos. Con una poblaci\u00f3n urbana que se estima alcanzar\u00e1 el 70% a nivel global para el 2050, las ciudades est\u00e1n llamadas a responder a los retos crecientes, entre los cuales las desigualdades, las migraciones forzadas y las urgencias clim\u00e1ticas, que ponen bajo presi\u00f3n la cohesi\u00f3n social y los recursos.  <\/p>\n\n<p>Lahoud puso de manifiesto que los j\u00f3venes ya son protagonistas en la creaci\u00f3n de espacios urbanos m\u00e1s resilientes, evaluando riesgos, recogiendo datos e influenciando las pol\u00edticas locales, colaborando con administraciones y autoridades para plasmar ciudades que reflejen las reales exigencias de las comunidades. Por lo tanto, las ciudades se vuelven el reflejo de c\u00f3mo las sociedades viven juntas, construyen confianza entre generaciones y van detr\u00e1s del bien colectivo, en sinton\u00eda con la filosof\u00eda ubuntu. <br\/><\/p>\n\n<figure class=\"wp-block-image size-large\"><img alt=\"\" alt=\"\" loading=\"lazy\" decoding=\"async\" width=\"2048\" height=\"750\" src=\"https:\/\/www.focolare.org\/wp-content\/uploads\/2025\/11\/JUP_9092-scaled-e1763648666379-2048x750.jpg\" alt=\"\" class=\"wp-image-390593\" srcset=\"https:\/\/www.focolare.org\/wp-content\/uploads\/2025\/11\/JUP_9092-scaled-e1763648666379-2048x750.jpg 2048w, https:\/\/www.focolare.org\/wp-content\/uploads\/2025\/11\/JUP_9092-scaled-e1763648666379-1280x720.jpg 1280w, https:\/\/www.focolare.org\/wp-content\/uploads\/2025\/11\/JUP_9092-scaled-e1763648666379-980x551.jpg 980w, https:\/\/www.focolare.org\/wp-content\/uploads\/2025\/11\/JUP_9092-scaled-e1763648666379-480x270.jpg 480w\" sizes=\"(min-width: 0px) and (max-width: 480px) 480px, (min-width: 481px) and (max-width: 980px) 980px, (min-width: 981px) and (max-width: 1280px) 1280px, (min-width: 1281px) 2048px, 100vw\" \/><\/figure>\n\n<div style=\"height:18px\" aria-hidden=\"true\" class=\"wp-block-spacer\"><\/div>\n\n<h2 class=\"wp-block-heading has-text-color has-link-color has-medium-font-size wp-elements-18aa269e986a82489eb9126aeaef6585\" style=\"color:#7a0c0c\">Experiencias internacionales y compromiso en las ciudades del mundo<\/h2>\n\n<p>Experiencias que nos llegan de ciudades como Bel\u00e9n (Tierra Santa), Beirut, Kinshasa, Trento, Manila, Pajule, Capodistria y Medell\u00edn han ayudado a dar un respiro internacional al evento, demostrando que la transformaci\u00f3n social y cultural puede nacer de abajo, a trav\u00e9s de la colaboraci\u00f3n entre sociedad civil e instituciones. Testimonios como el de Agnes Aloyotoo, candidata a las elecciones de Uganda, y de Jonathan Masuta, presidente de una de las federaciones de los j\u00f3venes de la Uni\u00f3n Africana, mostraron c\u00f3mo las nuevas generaciones ya son activas en dar una voz a los j\u00f3venes en las decisiones ejecutivas. <\/p>\n\n<p>El mensaje que llega de Nairobi es claro: la confianza en el protagonismo juvenil representa la clave para construir sociedades m\u00e1s justas, solidarias y pac\u00edficas, a partir de las ciudades y de las comunidades locales. De este evento surge una determinaci\u00f3n fuerte a trabajar en red, tanto a nivel local como internacional, para promover una cultura de la paz fundada en la responsabilidad, la colaboraci\u00f3n y la inclusi\u00f3n de las nuevas generaciones <\/p>\n\n<p class=\"has-text-align-right\"><em>Mario Bruno<\/em><br\/><em>Foto: Courtesy of Younib TV \u00a9 Benjamin Simiyu<\/em><\/p>\n\n<p class=\"has-text-align-right\"><\/p>\n\n<div style=\"height:182px\" aria-hidden=\"true\" class=\"wp-block-spacer\"><\/div>\n","protected":false},"excerpt":{"rendered":"<p>Trabajar en red, tanto a nivel local como internacional, para promover una cultura de la paz basada en el responsabilidad, la colaboraci\u00f3n y la inclusi\u00f3n de las nuevas generaciones. Todo ello surge de la Convenci\u00f3n que ha tenido lugar en Kenia cuyo t\u00edtulo era: \u201cCities, Communities, Care-Youth in Action for Sustaining Peace\u201d, organizado por New Humanity, ONG del Movimiento de los Focolares.<\/p>\n","protected":false},"author":34,"featured_media":390606,"comment_status":"open","ping_status":"open","sticky":false,"template":"","format":"standard","meta":{"give_campaign_id":0,"_seopress_robots_primary_cat":"","_seopress_titles_title":"","_seopress_titles_desc":"","_seopress_robots_index":"","_et_pb_use_builder":"","_et_pb_old_content":"","_et_gb_content_width":"","footnotes":""},"categories":[2996,2995,3009,3094],"tags":[3086,4178,4177,4176,3346,3199],"class_list":["post-390607","post","type-post","status-publish","format-standard","has-post-thumbnail","hentry","category-cultura-4","category-focolari-nel-mondo-4","category-nuove-generazioni-4","category-sociale-4","tag-africa-4","tag-living-peace","tag-nazioni-unite","tag-new-humanity","tag-notifiche-es","tag-ppg-es"],"_links":{"self":[{"href":"https:\/\/www.focolare.org\/es\/wp-json\/wp\/v2\/posts\/390607","targetHints":{"allow":["GET"]}}],"collection":[{"href":"https:\/\/www.focolare.org\/es\/wp-json\/wp\/v2\/posts"}],"about":[{"href":"https:\/\/www.focolare.org\/es\/wp-json\/wp\/v2\/types\/post"}],"author":[{"embeddable":true,"href":"https:\/\/www.focolare.org\/es\/wp-json\/wp\/v2\/users\/34"}],"replies":[{"embeddable":true,"href":"https:\/\/www.focolare.org\/es\/wp-json\/wp\/v2\/comments?post=390607"}],"version-history":[{"count":5,"href":"https:\/\/www.focolare.org\/es\/wp-json\/wp\/v2\/posts\/390607\/revisions"}],"predecessor-version":[{"id":392859,"href":"https:\/\/www.focolare.org\/es\/wp-json\/wp\/v2\/posts\/390607\/revisions\/392859"}],"wp:featuredmedia":[{"embeddable":true,"href":"https:\/\/www.focolare.org\/es\/wp-json\/wp\/v2\/media\/390606"}],"wp:attachment":[{"href":"https:\/\/www.focolare.org\/es\/wp-json\/wp\/v2\/media?parent=390607"}],"wp:term":[{"taxonomy":"category","embeddable":true,"href":"https:\/\/www.focolare.org\/es\/wp-json\/wp\/v2\/categories?post=390607"},{"taxonomy":"post_tag","embeddable":true,"href":"https:\/\/www.focolare.org\/es\/wp-json\/wp\/v2\/tags?post=390607"}],"curies":[{"name":"wp","href":"https:\/\/api.w.org\/{rel}","templated":true}]}}