{"id":393074,"date":"2025-12-18T05:00:00","date_gmt":"2025-12-18T04:00:00","guid":{"rendered":"https:\/\/www.focolare.org\/?p=393074"},"modified":"2025-12-16T12:54:23","modified_gmt":"2025-12-16T11:54:23","slug":"el-nino-jesus-al-centro-de-la-navidad","status":"publish","type":"post","link":"https:\/\/www.focolare.org\/es\/el-nino-jesus-al-centro-de-la-navidad\/","title":{"rendered":"El Ni\u00f1o Jes\u00fas al centro de la Navidad"},"content":{"rendered":"\n<p>Nacida en 1997, la iniciativa \u00abHan desalojado a Jes\u00fas\u00bb surge de una reflexi\u00f3n de Chiara Lubich, fundadora del Movimiento de los Focolares, quien, sorprendida por la ausencia de referencias al significado de la Navidad, invita a volver a poner a Jes\u00fas en el centro de esta fiesta. <\/p>\n\n\n\n<p>En todo el mundo, miles de Gen 4, los ni\u00f1os de los Focolares, acogieron este llamamiento y cada a\u00f1o se comprometen a realizar peque\u00f1os &#8216;Ni\u00f1os Jes\u00fas&#8217; de yeso que luego ofrecen a los transe\u00fantes en las esquinas de las calles durante el per\u00edodo navide\u00f1o. Las ofrendas recibidas se utilizan para proyectos dirigidos a sus coet\u00e1neos necesitados o que viven en pa\u00edses en guerra en varias partes del mundo. <\/p>\n\n\n\n<div style=\"height:22px\" aria-hidden=\"true\" class=\"wp-block-spacer\"><\/div>\n\n\n\n<figure class=\"wp-block-embed is-type-video is-provider-youtube wp-block-embed-youtube wp-embed-aspect-16-9 wp-has-aspect-ratio\"><div class=\"wp-block-embed__wrapper\">\n<iframe loading=\"lazy\" title=\"El Ni\u00f1o Jes\u00fas al centro de la Navidad\" width=\"1080\" height=\"608\" src=\"https:\/\/www.youtube.com\/embed\/qUhJj-xn18M?feature=oembed\"  allow=\"accelerometer; autoplay; clipboard-write; encrypted-media; gyroscope; picture-in-picture; web-share\" referrerpolicy=\"strict-origin-when-cross-origin\" allowfullscreen><\/iframe>\n<\/div><\/figure>\n\n\n\n<div style=\"height:188px\" aria-hidden=\"true\" class=\"wp-block-spacer\"><\/div>\n","protected":false},"excerpt":{"rendered":"<p>Nacida en 1997, la iniciativa \u00abHan desalojado a Jes\u00fas\u00bb surge de una reflexi\u00f3n de Chiara Lubich, fundadora del Movimiento de los Focolares, quien, sorprendida por la ausencia de referencias al significado de la Navidad, invita a volver a poner a Jes\u00fas en el centro de esta fiesta. <\/p>\n","protected":false},"author":34,"featured_media":393073,"comment_status":"open","ping_status":"open","sticky":false,"template":"","format":"standard","meta":{"give_campaign_id":0,"_seopress_robots_primary_cat":"","_seopress_titles_title":"","_seopress_titles_desc":"","_seopress_robots_index":"","_et_pb_use_builder":"","_et_pb_old_content":"","_et_gb_content_width":"","footnotes":""},"categories":[3009,3289],"tags":[4205,3615,3346,3199],"class_list":["post-393074","post","type-post","status-publish","format-standard","has-post-thumbnail","hentry","category-nuove-generazioni-4","category-testimonianze-di-vita-es","tag-hanno-sloggiato-gesu","tag-natale-es","tag-notifiche-es","tag-ppg-es"],"_links":{"self":[{"href":"https:\/\/www.focolare.org\/es\/wp-json\/wp\/v2\/posts\/393074","targetHints":{"allow":["GET"]}}],"collection":[{"href":"https:\/\/www.focolare.org\/es\/wp-json\/wp\/v2\/posts"}],"about":[{"href":"https:\/\/www.focolare.org\/es\/wp-json\/wp\/v2\/types\/post"}],"author":[{"embeddable":true,"href":"https:\/\/www.focolare.org\/es\/wp-json\/wp\/v2\/users\/34"}],"replies":[{"embeddable":true,"href":"https:\/\/www.focolare.org\/es\/wp-json\/wp\/v2\/comments?post=393074"}],"version-history":[{"count":2,"href":"https:\/\/www.focolare.org\/es\/wp-json\/wp\/v2\/posts\/393074\/revisions"}],"predecessor-version":[{"id":393076,"href":"https:\/\/www.focolare.org\/es\/wp-json\/wp\/v2\/posts\/393074\/revisions\/393076"}],"wp:featuredmedia":[{"embeddable":true,"href":"https:\/\/www.focolare.org\/es\/wp-json\/wp\/v2\/media\/393073"}],"wp:attachment":[{"href":"https:\/\/www.focolare.org\/es\/wp-json\/wp\/v2\/media?parent=393074"}],"wp:term":[{"taxonomy":"category","embeddable":true,"href":"https:\/\/www.focolare.org\/es\/wp-json\/wp\/v2\/categories?post=393074"},{"taxonomy":"post_tag","embeddable":true,"href":"https:\/\/www.focolare.org\/es\/wp-json\/wp\/v2\/tags?post=393074"}],"curies":[{"name":"wp","href":"https:\/\/api.w.org\/{rel}","templated":true}]}}