{"id":393422,"date":"2025-12-22T11:59:42","date_gmt":"2025-12-22T10:59:42","guid":{"rendered":"https:\/\/www.focolare.org\/?p=393422"},"modified":"2025-12-22T13:02:27","modified_gmt":"2025-12-22T12:02:27","slug":"navidad-de-2025","status":"publish","type":"post","link":"https:\/\/www.focolare.org\/es\/navidad-de-2025\/","title":{"rendered":"Navidad de 2025"},"content":{"rendered":"\n<p>En una \u00e9poca a\u00fan tan marcada por divisiones de todo tipo, el deseo profundo de que, con motivo de esta Santa Navidad, se renueve en todos nosotros la alegr\u00eda del servicio, el compartir y la reciprocidad, a partir de gestos concretos, en particular hacia quienes sufren; un compromiso de vivir una Navidad bajo el signo de la fraternidad y la proximidad, sembrando esperanza para el futuro. <\/p>\n\n\n\n<div style=\"height:21px\" aria-hidden=\"true\" class=\"wp-block-spacer\"><\/div>\n\n\n\n<figure class=\"wp-block-embed is-type-video is-provider-youtube wp-block-embed-youtube wp-embed-aspect-16-9 wp-has-aspect-ratio\"><div class=\"wp-block-embed__wrapper\">\n<iframe loading=\"lazy\" title=\"Navidad de 2025: Mensaje Navide\u00f1o de Margaret Karram y Jes\u00fas Mor\u00e1n\" width=\"1080\" height=\"608\" src=\"https:\/\/www.youtube.com\/embed\/_cORGvZiPVc?feature=oembed\"  allow=\"accelerometer; autoplay; clipboard-write; encrypted-media; gyroscope; picture-in-picture; web-share\" referrerpolicy=\"strict-origin-when-cross-origin\" allowfullscreen><\/iframe>\n<\/div><\/figure>\n\n\n\n<div style=\"height:197px\" aria-hidden=\"true\" class=\"wp-block-spacer\"><\/div>\n\n\n\n<p><\/p>\n","protected":false},"excerpt":{"rendered":"<p>Mensaje Navide\u00f1o de Margaret Karram y Jes\u00fas Mor\u00e1n &#8211; Presidenta y copresidente del Movimento de los Focolares <\/p>\n","protected":false},"author":33,"featured_media":393421,"comment_status":"open","ping_status":"open","sticky":false,"template":"","format":"standard","meta":{"give_campaign_id":0,"_seopress_robots_primary_cat":"","_seopress_titles_title":"","_seopress_titles_desc":"","_seopress_robots_index":"","_et_pb_use_builder":"","_et_pb_old_content":"","_et_gb_content_width":"","footnotes":""},"categories":[2995,3169],"tags":[3346,3199],"class_list":["post-393422","post","type-post","status-publish","format-standard","has-post-thumbnail","hentry","category-focolari-nel-mondo-4","category-margaret-karram-es","tag-notifiche-es","tag-ppg-es"],"_links":{"self":[{"href":"https:\/\/www.focolare.org\/es\/wp-json\/wp\/v2\/posts\/393422","targetHints":{"allow":["GET"]}}],"collection":[{"href":"https:\/\/www.focolare.org\/es\/wp-json\/wp\/v2\/posts"}],"about":[{"href":"https:\/\/www.focolare.org\/es\/wp-json\/wp\/v2\/types\/post"}],"author":[{"embeddable":true,"href":"https:\/\/www.focolare.org\/es\/wp-json\/wp\/v2\/users\/33"}],"replies":[{"embeddable":true,"href":"https:\/\/www.focolare.org\/es\/wp-json\/wp\/v2\/comments?post=393422"}],"version-history":[{"count":4,"href":"https:\/\/www.focolare.org\/es\/wp-json\/wp\/v2\/posts\/393422\/revisions"}],"predecessor-version":[{"id":393450,"href":"https:\/\/www.focolare.org\/es\/wp-json\/wp\/v2\/posts\/393422\/revisions\/393450"}],"wp:featuredmedia":[{"embeddable":true,"href":"https:\/\/www.focolare.org\/es\/wp-json\/wp\/v2\/media\/393421"}],"wp:attachment":[{"href":"https:\/\/www.focolare.org\/es\/wp-json\/wp\/v2\/media?parent=393422"}],"wp:term":[{"taxonomy":"category","embeddable":true,"href":"https:\/\/www.focolare.org\/es\/wp-json\/wp\/v2\/categories?post=393422"},{"taxonomy":"post_tag","embeddable":true,"href":"https:\/\/www.focolare.org\/es\/wp-json\/wp\/v2\/tags?post=393422"}],"curies":[{"name":"wp","href":"https:\/\/api.w.org\/{rel}","templated":true}]}}