{"id":393474,"date":"2026-01-01T00:05:00","date_gmt":"2025-12-31T23:05:00","guid":{"rendered":"https:\/\/www.focolare.org\/?p=393474"},"modified":"2025-12-31T17:42:40","modified_gmt":"2025-12-31T16:42:40","slug":"un-solo-cuerpo-y-un-solo-espiritu-como-una-es-la-esperanza-a-que-habeis-sido-llamados-ef-4-4","status":"publish","type":"post","link":"https:\/\/www.focolare.org\/es\/un-solo-cuerpo-y-un-solo-espiritu-como-una-es-la-esperanza-a-que-habeis-sido-llamados-ef-4-4\/","title":{"rendered":"\u00abUn solo Cuerpo y un solo Esp\u00edritu, como una es la esperanza a que hab\u00e9is sido llamados\u00bb (Ef 4, 4)."},"content":{"rendered":"\n<p><\/p>\n\n<p>En la Semana de oraci\u00f3n por la unidad de los cristianos <a href=\"#_ftn1\" id=\"_ftnref1\">[1]<\/a> estamos invitados a concentrar nuestra atenci\u00f3n en un tema en particular, el que se refiere en la Carta de Pablo a los Efesios. En las llamadas cartas de la prisi\u00f3n, Pablo se dirige a sus destinatarios exhort\u00e1ndolos a dar un testimonio cre\u00edble de su fe a trav\u00e9s de la unidad, <\/p>\n\n<p>basada en una \u00fanica fe, un solo esp\u00edritu y una sola esperanza, solo a trav\u00e9s de la cual se da testimonio de Cristo como \u00abcuerpo\u00bb. <\/p>\n\n<p>\u00abUn solo Cuerpo y un solo Esp\u00edritu, como una es la esperanza a que hab\u00e9is sido llamados\u00bb.<\/p>\n\n<p>Pablo nos llama a la esperanza. \u00bfQu\u00e9 es la esperanza y por qu\u00e9 se nos invita a vivirla? Es un brote, un regalo y una tarea que tenemos el deber de custodiar, cultivar y hacer fructificar para bien de todos. \u00abLa esperanza cristiana nos encomienda situarnos en la delgada l\u00ednea del cordal, esa frontera donde nuestra vocaci\u00f3n nos exige elegir cada d\u00eda y en cada momento ser fieles a la fidelidad de Dios por nosotros\u00bb <a href=\"#_ftn2\" id=\"_ftnref2\">[2]<\/a>.    <\/p>\n\n<p> Para los cristianos, nuestra vocaci\u00f3n, nuestra llamada no es un asunto solo entre el individuo y Dios, sino que es convocaci\u00f3n, es decir, somos llamados juntos, es la llamada a la unidad entre quienes se comprometen a vivir el Evangelio. En las intervenciones y escritos de Chiara Lubich encontramos a menudo referencias expl\u00edcitas a la unidad como aspecto propio de su espiritualidad: esta es fruto de la presencia de Jes\u00fas entre nosotros. Y esta presencia es fuente de una profunda felicidad.  <\/p>\n\n<p> \u00abSi la unidad es tan importante para el cristiano, entonces nada se opone tanto a su vocaci\u00f3n como el faltar a ella. Y pecamos contra la unidad todas las veces que cedemos a la tentaci\u00f3n \u2013que reaparece continuamente\u2013 del individualismo, el cual nos impulsa a hacer las cosas por nuestra cuenta, a dejarnos guiar por nuestro juicio, nuestro inter\u00e9s o prestigio personal, ignorando o incluso despreciando a los dem\u00e1s, sus exigencias y sus derechos\u00bb <a href=\"#_ftn3\" id=\"_ftnref3\">[3]<\/a>. <\/p>\n\n<p>\u00abUn solo Cuerpo y un solo Esp\u00edritu, como una es la esperanza a que hab\u00e9is sido llamados\u00bb.<\/p>\n\n<p>En Guatemala hay un di\u00e1logo muy activo entre los miembros de distintas Iglesias cristianas. Nos escribe Ramiro: \u00abPreparamos la Semana de oraci\u00f3n por la unidad de los cristianos junto con un grupo de personas de distintas Iglesias. En el programa se incluy\u00f3 un festival art\u00edstico preparado con los j\u00f3venes y varios actos en las distintas iglesias. La Conferencia Episcopal cat\u00f3lica nos pidi\u00f3 que continu\u00e1semos con la experiencia preparando tambi\u00e9n un rato de intercambio con un grupo de obispos cat\u00f3licos y personas de distintas Iglesias que hab\u00edan confluido desde toda Am\u00e9rica para un encuentro dedicado al 1700 aniversario del Concilio de Nicea. M\u00e1s all\u00e1 de estas actividades, experimentamos muy fuerte la unidad entre todos nosotros y los frutos que esta lleva consigo: fraternidad, alegr\u00eda y paz\u00bb.  <\/p>\n\n<p class=\"has-text-align-right\"><em>Patrizia Mazzola y el equipo de la Palabra de vida<\/em><\/p>\n\n<div style=\"height:60px\" aria-hidden=\"true\" class=\"wp-block-spacer\"><\/div>\n\n<hr class=\"wp-block-separator has-alpha-channel-opacity\"\/>\n\n<p class=\"has-small-font-size\"><a href=\"#_ftnref1\" id=\"_ftn1\">[1]<\/a> Esta se celebra en el hemisferio norte del 18 al 25 de enero, y en el hemisferio sur, en la semana de Pentecost\u00e9s. Los textos de la oraci\u00f3n de este a\u00f1o han sido preparados por un grupo ecum\u00e9nico coordinado por la Iglesia Apost\u00f3lica Armenia.<\/p>\n\n<p class=\"has-small-font-size\"><a href=\"#_ftnref2\" id=\"_ftn2\">[2]<\/a> Madeleine Delbr\u00eal, considerada por muchos una de las personalidades espirituales m\u00e1s significativas del siglo XX: <a href=\"https:\/\/www.pasomv.it\/files\/bocc\/madalein_del_brel_noi_spes.pdf\">https:\/\/www.pasomv.it\/files\/bocc\/madalein_del_brel_noi_spes.pdf<\/a><a href=\"https:\/\/www.pasomv.it\/files\/bocc\/madalein_del_brel_noi_spes.pdf\"> <\/a>. <\/p>\n\n<p class=\"has-small-font-size\"><a href=\"#_ftnref3\" id=\"_ftn3\">[3]<\/a> C. LUBICH, Palabra de Vida de julio de 1985: EAD., Palabras de Vida\/1 (1943-1990), Madrid 2020, p. 343.<\/p>\n\n<p class=\"has-small-font-size\"><em>\u00a9 <\/em>Foto: R\u00dc\u015eT\u00dc BOZKU\u015e &#8211; Pixabay &#8211; Lago di Iznik &#8211; Turchia<\/p>\n\n<div style=\"height:179px\" aria-hidden=\"true\" class=\"wp-block-spacer\"><\/div>\n","protected":false},"excerpt":{"rendered":"<p>Plabra de Vida &#8211; Enero 2026<\/p>\n","protected":false},"author":33,"featured_media":393465,"comment_status":"open","ping_status":"open","sticky":false,"template":"","format":"standard","meta":{"give_campaign_id":0,"_seopress_robots_primary_cat":"","_seopress_titles_title":"","_seopress_titles_desc":"","_seopress_robots_index":"","_et_pb_use_builder":"","_et_pb_old_content":"","_et_gb_content_width":"","footnotes":""},"categories":[3603],"tags":[3346,3199],"class_list":["post-393474","post","type-post","status-publish","format-standard","has-post-thumbnail","hentry","category-parola-di-vita-es","tag-notifiche-es","tag-ppg-es"],"_links":{"self":[{"href":"https:\/\/www.focolare.org\/es\/wp-json\/wp\/v2\/posts\/393474","targetHints":{"allow":["GET"]}}],"collection":[{"href":"https:\/\/www.focolare.org\/es\/wp-json\/wp\/v2\/posts"}],"about":[{"href":"https:\/\/www.focolare.org\/es\/wp-json\/wp\/v2\/types\/post"}],"author":[{"embeddable":true,"href":"https:\/\/www.focolare.org\/es\/wp-json\/wp\/v2\/users\/33"}],"replies":[{"embeddable":true,"href":"https:\/\/www.focolare.org\/es\/wp-json\/wp\/v2\/comments?post=393474"}],"version-history":[{"count":2,"href":"https:\/\/www.focolare.org\/es\/wp-json\/wp\/v2\/posts\/393474\/revisions"}],"predecessor-version":[{"id":393772,"href":"https:\/\/www.focolare.org\/es\/wp-json\/wp\/v2\/posts\/393474\/revisions\/393772"}],"wp:featuredmedia":[{"embeddable":true,"href":"https:\/\/www.focolare.org\/es\/wp-json\/wp\/v2\/media\/393465"}],"wp:attachment":[{"href":"https:\/\/www.focolare.org\/es\/wp-json\/wp\/v2\/media?parent=393474"}],"wp:term":[{"taxonomy":"category","embeddable":true,"href":"https:\/\/www.focolare.org\/es\/wp-json\/wp\/v2\/categories?post=393474"},{"taxonomy":"post_tag","embeddable":true,"href":"https:\/\/www.focolare.org\/es\/wp-json\/wp\/v2\/tags?post=393474"}],"curies":[{"name":"wp","href":"https:\/\/api.w.org\/{rel}","templated":true}]}}