{"id":395286,"date":"2026-02-06T05:00:00","date_gmt":"2026-02-06T04:00:00","guid":{"rendered":"https:\/\/www.focolare.org\/?p=395286"},"modified":"2026-02-05T12:15:27","modified_gmt":"2026-02-05T11:15:27","slug":"deja-que-la-justicia-fluya-como-un-rio-un-llamado-a-la-ecologia-integral-en-irlanda","status":"publish","type":"post","link":"https:\/\/www.focolare.org\/es\/deja-que-la-justicia-fluya-como-un-rio-un-llamado-a-la-ecologia-integral-en-irlanda\/","title":{"rendered":"Deja que la justicia fluya como un r\u00edo: un llamado a la ecolog\u00eda integral en Irlanda"},"content":{"rendered":"\n<p>Organizado por el <em>Irish Council of Churches (ICC)<\/em> y por el <em>Irish Inter-Church Meeting<\/em>, la importancia del encuentro fue resaltada por la presencia de l\u00edderes de las Iglesias en Irlanda.&nbsp; Estaban presentes: el Arzobispo Eamon Martin (Arzobispo Cat\u00f3lico Romano de Armagh), el Arzobispo John McDowell (Arzobispo de la Iglesia de Irlanda de Armagh), el Reverendo Dr. John Kirkpatrick (Iglesia Presbiteriana de Irlanda), la Reverenda Doctora Heather Morris (Secretaria &nbsp;General de la Iglesia Metodista de Irlanda) y la Obispa Sarah Groves (de la Iglesia Morava y Presidente del ICC).<\/p>\n\n\n\n<p>La conferencia fue motivada particularmente por la crisis ecol\u00f3gica que afecta el <em>Lough Neagh <\/em>(Lago Neagh), y abri\u00f3 un profundo di\u00e1logo sobre el agua, la justicia y sobre nuestra responsabilidad colectiva por la tierra que compartimos.<\/p>\n\n\n\n<p><strong>Una visi\u00f3n de la ecolog\u00eda integral<\/strong><\/p>\n\n\n\n<p>Para los representantes del Movimiento de los Focolares en Irlanda, los contenidos de la conferencia estaban perfectamente en sinton\u00eda con la directiva establecida por la Asamblea General de los Focolares de 2021. &nbsp;Durante tal Asamblea todo el Movimiento se sinti\u00f3 llamado a una \u00ab<strong>conversi\u00f3n a la ecolog\u00eda integral<\/strong>\u00ab, a un cambio de mentalidad y a un estilo de vida que reconozca la profunda interconexi\u00f3n entre <strong>las relaciones <\/strong>humanas, la justicia social y el mundo de la naturaleza.<\/p>\n\n\n\n<p>Esta visi\u00f3n se reflejaba claramente en el encuentro de Newry, que un\u00eda diferentes tradiciones cristianas y contextos urbano-rurales.&nbsp; &nbsp;Fran Maher, miembro del grupo <em>Laudato Si&#8217;<\/em> del Focolar de Balbriggan, destac\u00f3 ese aspecto: \u201cHe quedado muy impactado por todos los relatores, en particular por Gail Heffner cuando habl\u00f3 de la reconciliaci\u00f3n de las relaciones\u201d.&nbsp; &nbsp;Hilda Killian de la Arquidi\u00f3cesis de Dubl\u00edn a\u00f1adi\u00f3: &nbsp;\u00abHa sido una oportunidad maravillosa para encontrarnos y para compartir con otras Iglesias. En las conversaciones con los dem\u00e1s, tuve la confirmaci\u00f3n de que estamos m\u00e1s unidos de lo que pensamos\u201d.&nbsp; Fue una reflexi\u00f3n oportuna en la v\u00edspera de la Semana de Oraci\u00f3n por la Unidad Cristiana.<\/p>\n\n\n\n<p><strong>Perspectivas de expertos y urgencia moral<\/strong><\/p>\n\n\n\n<p>Los relatores enviados afrontaron el tema de la crisis ecol\u00f3gica a trav\u00e9s de m\u00faltiples perspectivas: el Ministro Andrew Muir, MLA: Responsabilidad pol\u00edtica y legislativa; Hilary Marlow: Fundamentos b\u00edblicos y teol\u00f3gicos; Jim McAdam: Investigaci\u00f3n cient\u00edfica y agr\u00edcola; Gail Heffner: Reconciliaci\u00f3n educativa y comunitaria.<\/p>\n\n\n\n<p>Sus aportes pusieron de relieve una convicci\u00f3n compartida: el <strong>da\u00f1o ecol\u00f3gico es inseparable de la injusticia social<\/strong>. Un cambio significativo requiere tanto una conversi\u00f3n personal como una transformaci\u00f3n estructural. Los arzobispos Martin y McDowell presentaron ulteriores reflexiones, destacando la necesidad de escuchar los testimonios cient\u00edficos en la fase de cooperaci\u00f3n entre el liderazgo c\u00edvico y pol\u00edtico.<\/p>\n\n\n\n<p><strong>Voces del Terreno<\/strong><\/p>\n\n\n\n<p>Un punto de fuerza distintivo de la conferencia fue la participaci\u00f3n de grupos locales ya comprometidos en acciones pol\u00edticas.&nbsp; Por ejemplo, el resurgimiento de los h\u00e1bitats y la protecci\u00f3n de los cursos de agua, como as\u00ed tambi\u00e9n la educaci\u00f3n ambiental. Varias parroquias y colegios compartieron experiencias consolidadas en las propias comunidades.<\/p>\n\n\n\n<p>Se les record\u00f3 a los participantes que la fe nos llama a ser \u201cagentes y no meros oyentes\u201d.&nbsp; Ello se volvi\u00f3 tangible a trav\u00e9s de compromisos personales y comunitarios: plantar \u00e1rboles caracter\u00edsticos del lugar, y proteger los insectos polinizadores; conservar el agua y reducir su consumo; trabajar con los agricultores como custodios de la tierra; reforzar la oraci\u00f3n parroquial y construir puentes entre las comunidades.<\/p>\n\n\n\n<p><strong>De Castel Gandolfo a Newry<\/strong><\/p>\n\n\n\n<p>La conferencia de Newry est\u00e1 en continuidad con la <strong>Conferencia Raising Hope<\/strong> que se llev\u00f3 a cabo en Castel Gandolfo durante el pasado octubre. En el transcurso del encuentro internacional de Castel Gandolfo surgi\u00f3 la esperanza fundada en la acci\u00f3n concreta y en la unidad, temas que tuvieron un fuerte reflejo en la conferencia de Newry. Ambos eventos confirman que la ecolog\u00eda integral no es algo extra, opcional, sino que es una dimensi\u00f3n central para vivir hoy el carisma de la unidad.<\/p>\n\n\n\n<p><strong>Apuntando al futuro: agua viva<\/strong><\/p>\n\n\n\n<p>Apuntando al futuro, los participantes se vieron alentados a sostener iniciativas que afronten las ra\u00edces de la crisis, entre las cuales la defensa de una Transici\u00f3n sustentable y el compromiso en el <strong>Tratado de No-Proliferaci\u00f3n de los Combustibles F\u00f3siles.<\/strong><\/p>\n\n\n\n<p>Hubo una fuerte llamada a prepararse para la <strong>Temporada de la Creaci\u00f3n 2026<\/strong>, que estar\u00e1 centrada en el tema \u201cAgua Viva\u201d. Para la comunidad de los Focolares en Irlanda, ella ofrece una oportunidad concreta para profundizar la educaci\u00f3n y la acci\u00f3n como fuente de vida, comuni\u00f3n y justicia.<\/p>\n\n\n\n<p>El arzobispo Eamon Martin record\u00f3 el refr\u00e1n irland\u00e9s: \u201c<em>N\u00ed neart go cur le ch\u00e9ile<\/em>\u201d (No hay fuerza sin unidad). La conferencia de Newry ha sido una potente invitaci\u00f3n a recordar que cuando caminamos juntos, escuchando, aprendiendo y actuando, incluso los peque\u00f1os gestos pueden llegar a ser una corriente viva de esperanza.<\/p>\n\n\n\n<p><\/p>\n\n\n\n<p><\/p>\n\n\n\n<p class=\"has-text-align-right\"><em>Juanita Majury<\/em><\/p>\n\n\n\n<p><\/p>\n\n\n\n<p class=\"has-small-font-size\" id=\"block-f3941832-f3ad-44af-b2ba-3761f1aef292\">Foto: <em>\u00a0\u00a9<\/em>Catholic Communications Office &#8211; <em>\u00a9<\/em>Church of Ireland Communication Office<\/p>\n","protected":false},"excerpt":{"rendered":"<p>La Conferencia \u00abLet Justice Flows Like Rivers\u00bb (Dejemos que la justicia fluya como r\u00edos) sobre la Creaci\u00f3n y el Cuidado, que se ha llevado a cabo en Newry (Irlanda) el 17 de enero de 2026, ha reunido a l\u00edderes eclesi\u00e1sticos, activistas comunitarios, educadores y organizaciones religiosas llegados desde toda Irlanda. Ha sido una jornada de oraci\u00f3n, escucha y compromiso compartido en el cuidado de la creaci\u00f3n.<\/p>\n","protected":false},"author":33,"featured_media":395285,"comment_status":"open","ping_status":"open","sticky":false,"template":"","format":"standard","meta":{"give_campaign_id":0,"_seopress_robots_primary_cat":"","_seopress_titles_title":"","_seopress_titles_desc":"","_seopress_robots_index":"","_et_pb_use_builder":"","_et_pb_old_content":"","_et_gb_content_width":"","footnotes":""},"categories":[3191],"tags":[3346,3199],"class_list":["post-395286","post","type-post","status-publish","format-standard","has-post-thumbnail","hentry","category-ecologia-es","tag-notifiche-es","tag-ppg-es"],"_links":{"self":[{"href":"https:\/\/www.focolare.org\/es\/wp-json\/wp\/v2\/posts\/395286","targetHints":{"allow":["GET"]}}],"collection":[{"href":"https:\/\/www.focolare.org\/es\/wp-json\/wp\/v2\/posts"}],"about":[{"href":"https:\/\/www.focolare.org\/es\/wp-json\/wp\/v2\/types\/post"}],"author":[{"embeddable":true,"href":"https:\/\/www.focolare.org\/es\/wp-json\/wp\/v2\/users\/33"}],"replies":[{"embeddable":true,"href":"https:\/\/www.focolare.org\/es\/wp-json\/wp\/v2\/comments?post=395286"}],"version-history":[{"count":2,"href":"https:\/\/www.focolare.org\/es\/wp-json\/wp\/v2\/posts\/395286\/revisions"}],"predecessor-version":[{"id":395303,"href":"https:\/\/www.focolare.org\/es\/wp-json\/wp\/v2\/posts\/395286\/revisions\/395303"}],"wp:featuredmedia":[{"embeddable":true,"href":"https:\/\/www.focolare.org\/es\/wp-json\/wp\/v2\/media\/395285"}],"wp:attachment":[{"href":"https:\/\/www.focolare.org\/es\/wp-json\/wp\/v2\/media?parent=395286"}],"wp:term":[{"taxonomy":"category","embeddable":true,"href":"https:\/\/www.focolare.org\/es\/wp-json\/wp\/v2\/categories?post=395286"},{"taxonomy":"post_tag","embeddable":true,"href":"https:\/\/www.focolare.org\/es\/wp-json\/wp\/v2\/tags?post=395286"}],"curies":[{"name":"wp","href":"https:\/\/api.w.org\/{rel}","templated":true}]}}