{"id":395864,"date":"2026-02-18T08:33:24","date_gmt":"2026-02-18T07:33:24","guid":{"rendered":"https:\/\/www.focolare.org\/?p=395864"},"modified":"2026-02-20T08:29:03","modified_gmt":"2026-02-20T07:29:03","slug":"informe-2025-de-la-norma-a-la-cultura","status":"publish","type":"post","link":"https:\/\/www.focolare.org\/es\/informe-2025-de-la-norma-a-la-cultura\/","title":{"rendered":"Informe 2025: de la norma a la cultura"},"content":{"rendered":"\n<p>En 2025, el Movimiento de los Focolares dio nuevos pasos para estructurar y hacer verificable el compromiso de protecci\u00f3n de la persona, con especial atenci\u00f3n a los menores y a los adultos en situaci\u00f3n de vulnerabilidad. Se trabaj\u00f3 en tres direcciones: <\/p>\n\n\n\n<div class=\"wp-block-group is-layout-constrained wp-container-core-group-is-layout-b5ae9130 wp-block-group-is-layout-constrained\">\n<ul class=\"wp-block-list\">\n<li>consolidaci\u00f3n de las normas;<\/li>\n\n\n\n<li>fortalecimiento organizativo;<\/li>\n\n\n\n<li>crecimiento formativo y cultural.<\/li>\n<\/ul>\n<\/div>\n\n\n\n<div style=\"height:10px\" aria-hidden=\"true\" class=\"wp-block-spacer\"><\/div>\n\n\n\n<p>En el \u00e1mbito normativo, el Movimiento redact\u00f3 y aprob\u00f3 la <strong><a href=\"https:\/\/www.focolare.org\/wp-content\/uploads\/2025\/12\/ES-CGO-00-20251121-Policy_Tutela.pdf\" target=\"_blank\" rel=\"noreferrer noopener\">Pol\u00edtica para la Protecci\u00f3n de las Personas en el Movimiento de los Focolares<\/a><\/strong>, que entr\u00f3 en vigor el 1\u00ba de enero de 2026. La Pol\u00edtica recoge valores, responsabilidades y praxis, conecta protocolos y l\u00edneas gu\u00eda, define normas de conducta, criterios para entornos seguros y una clara atenci\u00f3n a las personas que han sufrido abusos, previendo la escucha, el acompa\u00f1amiento y \u2013en los casos establecidos\u2013 medidas de apoyo y reparaci\u00f3n. <\/p>\n\n\n\n<p>A nivel organizativo, el 2 de septiembre de 2025 se cre\u00f3 la <strong><a href=\"https:\/\/www.focolare.org\/es\/oficina-para-la-proteccion\/\" target=\"_blank\" rel=\"noreferrer noopener\"><\/a><a href=\"https:\/\/www.focolare.org\/es\/oficina-para-la-proteccion\/\">Oficina para la Protecci\u00f3n de la Persona<\/a><\/strong>, con la tarea de coordinar las actividades de protecci\u00f3n, monitorear los compromisos y los plazos, supervisar las comunicaciones oficiales y apoyar a los responsables territoriales. Como soporte, cuenta con la Mesa de asesoramiento y acci\u00f3n, un organismo compuesto por expertos en los \u00e1mbitos de la formaci\u00f3n, de la comunicaci\u00f3n, del derecho, del acompa\u00f1amiento a personas que han sufrido abusos. Su tarea consiste en evaluar la coherencia de las acciones emprendidas con los valores fundacionales del Movimiento de los Focolares, proponer orientaciones y planes estrat\u00e9gicos y favorecer la colaboraci\u00f3n con expertos y redes externas, garantizando una actualizaci\u00f3n constante sobre las normativas vigente y las mejores pr\u00e1cticas en materia de protecci\u00f3n.  <\/p>\n\n\n\n<figure class=\"wp-block-image alignright size-full is-resized\"><a href=\"https:\/\/www.focolare.org\/wp-admin\/admin-ajax.php?juwpfisadmin=false&amp;action=wpfd&amp;task=file.download&amp;wpfd_category_id=3924&amp;wpfd_file_id=395905&amp;token=7143209245cb228e321ba759ecadc258&amp;preview=1\"><img alt=\"\" alt=\"\" loading=\"lazy\" decoding=\"async\" width=\"1978\" height=\"2560\" src=\"https:\/\/www.focolare.org\/wp-content\/uploads\/2026\/02\/Copertina-ES-1-scaled.jpg\" alt=\"\" class=\"wp-image-395916\" style=\"box-shadow:var(--wp--preset--shadow--natural);aspect-ratio:0.7651109077439316;width:256px;height:auto\" srcset=\"https:\/\/www.focolare.org\/wp-content\/uploads\/2026\/02\/Copertina-ES-1-scaled.jpg 1978w, https:\/\/www.focolare.org\/wp-content\/uploads\/2026\/02\/Copertina-ES-1-1280x1657.jpg 1280w, https:\/\/www.focolare.org\/wp-content\/uploads\/2026\/02\/Copertina-ES-1-980x1268.jpg 980w, https:\/\/www.focolare.org\/wp-content\/uploads\/2026\/02\/Copertina-ES-1-480x621.jpg 480w\" sizes=\"(min-width: 0px) and (max-width: 480px) 480px, (min-width: 481px) and (max-width: 980px) 980px, (min-width: 981px) and (max-width: 1280px) 1280px, (min-width: 1281px) 1978px, 100vw\" \/><\/a><figcaption class=\"wp-element-caption\"><strong><em>Descargar el Informe 2025 haciendo click sobre la imagen<\/em><\/strong><\/figcaption><\/figure>\n\n\n\n<p>En di\u00e1logo con la Iglesia cat\u00f3lica, en el bienio 2024-2025 se desarroll\u00f3 una colaboraci\u00f3n con la <strong><a href=\"https:\/\/www.tutelaminorum.va\/\" target=\"_blank\" rel=\"noreferrer noopener\">Comisi\u00f3n Pontificia para la Protecci\u00f3n de Menores <\/a><\/strong>(CPPM). La Comisi\u00f3n examin\u00f3 el Protocolo para la gesti\u00f3n de los casos de abuso y formul\u00f3 varias observaciones; adem\u00e1s, solicit\u00f3 informaciones para incluir en su <strong><a href=\"https:\/\/www.tutelaminorum.va\/annual-report\/\" target=\"_blank\" rel=\"noreferrer noopener\">Informe anual de 2024<\/a><\/strong> un an\u00e1lisis de las pol\u00edticas del Movimiento. Las recomendaciones de la CPPM dieron lugar a un proceso de aplicaci\u00f3n ya parcialmente completado (entre otras cosas, la publicaci\u00f3n del <strong><a href=\"https:\/\/www.focolare.org\/wp-admin\/admin-ajax.php?juwpfisadmin=false&amp;action=wpfd&amp;task=file.download&amp;wpfd_category_id=3914&amp;wpfd_file_id=385897&amp;token=17856f977d2237b9e7d4701f8bd14986&amp;preview=1\" target=\"_blank\" rel=\"noreferrer noopener\">Reglamento interno de la Comisi\u00f3n Central Independiente <\/a><\/strong>y la rendici\u00f3n de cuentas de los recursos ofrecidos) y, respecto a la parte restante, en fase de definici\u00f3n o desarrollo (integraciones que deben introducirse en los Estatutos Generales del Movimiento de los Focolares, herramientas inform\u00e1ticas y canales institucionales para la confidencialidad de los datos).  <\/p>\n\n\n\n<p>El compromiso con la formaci\u00f3n para la protecci\u00f3n integral de la persona se ilustr\u00f3 en un primer documento que ofrece una <strong>s\u00edntesis de los cursos y las intervenciones en el bienio 2024-2025<\/strong>. Los datos muestran el trabajo hecho para una difusi\u00f3n cada vez m\u00e1s capilar de la formaci\u00f3n, el refuerzo de las comisiones y los referentes locales y, al mismo tiempo, ponen de relieve algunas cuestiones cr\u00edticas sobre las que es necesario intervenir: la continuidad de la formaci\u00f3n, la adaptaci\u00f3n intercultural de los materiales y la mejora de los flujos de comunicaci\u00f3n. <\/p>\n\n\n\n<p>El conjunto de estas medidas \u2014Pol\u00edtica de Protecci\u00f3n, Oficina para la Protecci\u00f3n, colaboraci\u00f3n con la CPPM, formaci\u00f3n y transparencia en la rendici\u00f3n de cuentas\u2014 expresa la voluntad de proseguir con decisi\u00f3n por el camino de la prevenci\u00f3n, de la responsabilidad compartida y la escucha de las personas que han sufrido abusos, en la convicci\u00f3n de que la protecci\u00f3n es parte integrante de la misi\u00f3n del Movimiento y un servicio al bien com\u00fan.<\/p>\n\n\n\n<p>En esta perspectiva, las palabras que el Santo Padre dirigi\u00f3 a los participantes en la<\/p>\n\n\n\n<p>conferencia \u00abConstruir comunidades que tutelen la dignidad\u00bb resuenan tambi\u00e9n para los<\/p>\n\n\n\n<p>Focolares como una indicaci\u00f3n a seguir:<\/p>\n\n\n\n<div class=\"wp-block-group is-layout-constrained wp-container-core-group-is-layout-a2aea421 wp-block-group-is-layout-constrained\">\n<p><em>\u00abAprecio, por tanto, y aliento su prop\u00f3sito de compartir experiencias y caminos de aprendizaje sobre c\u00f3mo prevenir toda forma de abuso y sobre c\u00f3mo rendir cuentas, con verdad y humildad, de los procesos de protecci\u00f3n emprendidos. Los exhorto a llevar adelante este compromiso para que las comunidades se vuelvan cada vez m\u00e1s ejemplo de confianza y de di\u00e1logo, donde cada persona sea respetada, escuchada y valorada. <br>All\u00ed donde se vive la justicia con misericordia, la herida se transforma en una rendija de gracia\u00bb<a href=\"#_ftn1\" id=\"_ftnref1\"><strong>[1]<\/strong><\/a>.<\/em><\/p>\n<\/div>\n\n\n\n<p class=\"has-text-align-right\"><em>Stefania Tanesini<\/em><\/p>\n\n\n\n<div style=\"height:37px\" aria-hidden=\"true\" class=\"wp-block-spacer\"><\/div>\n\n\n\n<p><em><strong>Entrevista a S. E. Mons. Al\u00ed Herrera, secretario de la Pontificia Comisi\u00f3n Tutela Minorum de la Iglesia Cat\u00f3lica.<\/strong><\/em><\/p>\n\n\n\n<div style=\"height:9px\" aria-hidden=\"true\" class=\"wp-block-spacer\"><\/div>\n\n\n\n<figure class=\"wp-block-embed is-type-video is-provider-youtube wp-block-embed-youtube wp-embed-aspect-16-9 wp-has-aspect-ratio\"><div class=\"wp-block-embed__wrapper\">\n<iframe loading=\"lazy\" title=\"Protecci\u00f3n de menores: escucha a las v\u00edctimas, formaci\u00f3n humana integral y pol\u00edticas de prevenci\u00f3n\" width=\"1080\" height=\"608\" src=\"https:\/\/www.youtube.com\/embed\/u-ZG4bJIRUw?feature=oembed\"  allow=\"accelerometer; autoplay; clipboard-write; encrypted-media; gyroscope; picture-in-picture; web-share\" referrerpolicy=\"strict-origin-when-cross-origin\" allowfullscreen><\/iframe>\n<\/div><\/figure>\n\n\n\n<p><strong><em><a href=\"https:\/\/www.focolare.org\/wp-admin\/admin-ajax.php?juwpfisadmin=false&amp;action=wpfd&amp;task=file.download&amp;wpfd_category_id=3924&amp;wpfd_file_id=395905&amp;token=7143209245cb228e321ba759ecadc258&amp;preview=1\">Descarga el Informe 2025<\/a><\/em><\/strong><\/p>\n\n\n\n<div style=\"height:111px\" aria-hidden=\"true\" class=\"wp-block-spacer\"><\/div>\n\n\n\n<hr class=\"wp-block-separator has-alpha-channel-opacity\"\/>\n\n\n\n<p><a href=\"#_ftnref1\" id=\"_ftn1\">[1]<\/a> <a href=\"https:\/\/press.vatican.va\/content\/salastampa\/it\/bollettino\/pubblico\/2025\/11\/17\/0878\/01568.html\" target=\"_blank\" rel=\"noreferrer noopener\">Mensaje del Santo Padre Le\u00f3n XIV a los participantes en el encuentro \u00abConstruir comunidades que tutelen la dignidad\u00bb<\/a>, promovido por la Comisi\u00f3n Pontificia para la Protecci\u00f3n de Menores. Roma, 15 de noviembre de 2025 <\/p>\n","protected":false},"excerpt":{"rendered":"<p>Desde hoy est\u00e1 disponible el Informe relativo al a\u00f1o 2025 sobre las actividades para la Protecci\u00f3n de la persona y los datos relativos a los casos de abuso ocurridos en el Movimiento de los Focolares. A continuaci\u00f3n, publicamos la Introducci\u00f3n, acompa\u00f1ada de una entrevista a S. E. Mons. Al\u00ed Herrera, secretario de la Pontificia Comisi\u00f3n Tutela Minorum de la Iglesia Cat\u00f3lica.  <\/p>\n","protected":false},"author":34,"featured_media":395921,"comment_status":"open","ping_status":"open","sticky":false,"template":"","format":"standard","meta":{"give_campaign_id":0,"_seopress_robots_primary_cat":"","_seopress_titles_title":"","_seopress_titles_desc":"","_seopress_robots_index":"","_et_pb_use_builder":"","_et_pb_old_content":"","_et_gb_content_width":"","footnotes":""},"categories":[3085,46,3307],"tags":[3346,3199,3254,3710],"class_list":["post-395864","post","type-post","status-publish","format-standard","has-post-thumbnail","hentry","category-centro-internazionale-4","category-sin-categorizar","category-tutela-minori-es","tag-notifiche-es","tag-ppg-es","tag-ppp-es","tag-tutela-dei-minori-es"],"_links":{"self":[{"href":"https:\/\/www.focolare.org\/es\/wp-json\/wp\/v2\/posts\/395864","targetHints":{"allow":["GET"]}}],"collection":[{"href":"https:\/\/www.focolare.org\/es\/wp-json\/wp\/v2\/posts"}],"about":[{"href":"https:\/\/www.focolare.org\/es\/wp-json\/wp\/v2\/types\/post"}],"author":[{"embeddable":true,"href":"https:\/\/www.focolare.org\/es\/wp-json\/wp\/v2\/users\/34"}],"replies":[{"embeddable":true,"href":"https:\/\/www.focolare.org\/es\/wp-json\/wp\/v2\/comments?post=395864"}],"version-history":[{"count":4,"href":"https:\/\/www.focolare.org\/es\/wp-json\/wp\/v2\/posts\/395864\/revisions"}],"predecessor-version":[{"id":396013,"href":"https:\/\/www.focolare.org\/es\/wp-json\/wp\/v2\/posts\/395864\/revisions\/396013"}],"wp:featuredmedia":[{"embeddable":true,"href":"https:\/\/www.focolare.org\/es\/wp-json\/wp\/v2\/media\/395921"}],"wp:attachment":[{"href":"https:\/\/www.focolare.org\/es\/wp-json\/wp\/v2\/media?parent=395864"}],"wp:term":[{"taxonomy":"category","embeddable":true,"href":"https:\/\/www.focolare.org\/es\/wp-json\/wp\/v2\/categories?post=395864"},{"taxonomy":"post_tag","embeddable":true,"href":"https:\/\/www.focolare.org\/es\/wp-json\/wp\/v2\/tags?post=395864"}],"curies":[{"name":"wp","href":"https:\/\/api.w.org\/{rel}","templated":true}]}}