{"id":396032,"date":"2026-03-04T05:00:00","date_gmt":"2026-03-04T04:00:00","guid":{"rendered":"https:\/\/www.focolare.org\/?p=396032"},"modified":"2026-03-04T05:04:14","modified_gmt":"2026-03-04T04:04:14","slug":"una-accion-en-conjunto-realizada-en-unidad","status":"publish","type":"post","link":"https:\/\/www.focolare.org\/es\/una-accion-en-conjunto-realizada-en-unidad\/","title":{"rendered":"Una acci\u00f3n en conjunto realizada en unidad"},"content":{"rendered":"\n<p>Soy un voluntario del Movimiento de los Focolares, y el verano pasado, durante una excursi\u00f3n a la monta\u00f1a con Anna y Toni, amigos de nuestro grupo Nuevas Familias, sali\u00f3 que hab\u00eda trabajado como auxiliar de vuelo para la aerol\u00ednea nacional italiana durante muchos a\u00f1os. Enseguida me preguntaron si conoc\u00eda a un vecino suyo que hab\u00eda trabajado en la misma empresa. Al o\u00edr su nombre, lo record\u00e9 al instante, aunque hab\u00edan pasado 30 a\u00f1os. Me contaron que su situaci\u00f3n era muy triste. Abandonado por su familia, aquejado de graves enfermedades, viv\u00eda solo en una casa grande y deteriorada que necesitaba reparaciones urgentes. Despu\u00e9s de nuestra reuni\u00f3n, me di cuenta de que necesitaba echar una mano.     <\/p>\n\n<p>As\u00ed que, junto con Toni y Anna, mi esposa Rita y otros, creamos un plan de acci\u00f3n. Empezamos arreglando una puerta ventana con cristales rotos, gracias a la ayuda de un amigo carpintero. Despu\u00e9s, instalamos una puerta nueva que daba al s\u00f3tano y arreglamos la puerta del ba\u00f1o, que el perro hab\u00eda mordido. Despu\u00e9s, arreglamos una puerta corredera que dejaba entrar la lluvia y la terraza, que ten\u00eda goteras. Contratamos a una persona de limpieza, arreglamos el sistema el\u00e9ctrico con la ayuda de uno de un voluntario electricista, quien tambi\u00e9n arregl\u00f3 la calefacci\u00f3n con la ayuda de Toni. Mi esposa le dio un toque delicado decorando el patio con violetas de los Alpes en macetas. En resumen, Cesare, ese es su nombre, ahora vive en condiciones m\u00e1s humanas y se siente feliz porque est\u00e1 rodeado de personas que lo quieren. Estuvo hospitalizado durante las fiestas navide\u00f1as y lo visitamos con frecuencia.       <\/p>\n\n<p>Es una alegr\u00eda saber que esos gestos le han devuelto la fe en la humanidad. <\/p>\n\n<p class=\"has-text-align-right\"> Recogido por Carlos Mana<\/p>\n\n<p><\/p>\n\n<p class=\"has-text-align-left\">Foto \u00a9 Pexels-Ksenia Chernaya<em>              <\/em><\/p>\n\n<div style=\"height:121px\" aria-hidden=\"true\" class=\"wp-block-spacer\"><\/div>\n","protected":false},"excerpt":{"rendered":"<p>Reencontrarse por pura casualidad despu\u00e9s de a\u00f1os y ponerse al servicio del hermano. Esta es la historia narrada por Roberto, quien, junto con muchos otros, experiment\u00f3 en primera persona lo que significa generar una red de proximidad. <\/p>\n","protected":false},"author":33,"featured_media":396031,"comment_status":"open","ping_status":"open","sticky":false,"template":"","format":"standard","meta":{"give_campaign_id":0,"_seopress_robots_primary_cat":"","_seopress_titles_title":"","_seopress_titles_desc":"","_seopress_robots_index":"","_et_pb_use_builder":"","_et_pb_old_content":"","_et_gb_content_width":"","footnotes":""},"categories":[3289],"tags":[4327,3199],"class_list":["post-396032","post","type-post","status-publish","format-standard","has-post-thumbnail","hentry","category-testimonianze-di-vita-es","tag-notizie-in-breve","tag-ppg-es"],"_links":{"self":[{"href":"https:\/\/www.focolare.org\/es\/wp-json\/wp\/v2\/posts\/396032","targetHints":{"allow":["GET"]}}],"collection":[{"href":"https:\/\/www.focolare.org\/es\/wp-json\/wp\/v2\/posts"}],"about":[{"href":"https:\/\/www.focolare.org\/es\/wp-json\/wp\/v2\/types\/post"}],"author":[{"embeddable":true,"href":"https:\/\/www.focolare.org\/es\/wp-json\/wp\/v2\/users\/33"}],"replies":[{"embeddable":true,"href":"https:\/\/www.focolare.org\/es\/wp-json\/wp\/v2\/comments?post=396032"}],"version-history":[{"count":1,"href":"https:\/\/www.focolare.org\/es\/wp-json\/wp\/v2\/posts\/396032\/revisions"}],"predecessor-version":[{"id":396033,"href":"https:\/\/www.focolare.org\/es\/wp-json\/wp\/v2\/posts\/396032\/revisions\/396033"}],"wp:featuredmedia":[{"embeddable":true,"href":"https:\/\/www.focolare.org\/es\/wp-json\/wp\/v2\/media\/396031"}],"wp:attachment":[{"href":"https:\/\/www.focolare.org\/es\/wp-json\/wp\/v2\/media?parent=396032"}],"wp:term":[{"taxonomy":"category","embeddable":true,"href":"https:\/\/www.focolare.org\/es\/wp-json\/wp\/v2\/categories?post=396032"},{"taxonomy":"post_tag","embeddable":true,"href":"https:\/\/www.focolare.org\/es\/wp-json\/wp\/v2\/tags?post=396032"}],"curies":[{"name":"wp","href":"https:\/\/api.w.org\/{rel}","templated":true}]}}