{"id":396995,"date":"2026-03-09T05:00:00","date_gmt":"2026-03-09T04:00:00","guid":{"rendered":"https:\/\/www.focolare.org\/?p=396995"},"modified":"2026-03-06T15:15:16","modified_gmt":"2026-03-06T14:15:16","slug":"evangelio-vivido-levantense-no-tengan-miedo-mateo-17-7","status":"publish","type":"post","link":"https:\/\/www.focolare.org\/es\/evangelio-vivido-levantense-no-tengan-miedo-mateo-17-7\/","title":{"rendered":"Evangelio vivido: \u201cLev\u00e1ntense, no tengan miedo.\u201d (Mateo 17, 7)"},"content":{"rendered":"\n<p><strong>Como un grano de trigo maduro<\/strong><\/p>\n\n\n\n<p>Despu\u00e9s de tres a\u00f1os de su llegada a nuestra ciudad, los estudios cl\u00ednicos le hab\u00edan detectado a Elio un tumor con met\u00e1stasis m\u00faltiples. Era in\u00fatil operar.&nbsp; En m\u00ed surgi\u00f3 espont\u00e1neamente una pregunta: \u00bfpor qu\u00e9 le ha tocado esto justamente a \u00e9l, que es una persona en la plenitud de la madurez humana y espiritual?&nbsp; Todav\u00eda pod\u00eda dar mucho a nuestra comunidad, en donde ya su presencia sabia y sosegada hab\u00eda resuelto una situaci\u00f3n muy desagradable. El m\u00edo era un grito doloroso, casi de rebeld\u00eda. Luego, razonando con algunos de mis amigos, pasamos en rese\u00f1a algunos ejemplos de la Biblia&#8230; Abrahan, Job, entre otros. No obtuvimos una respuesta en forma inmediata. &nbsp;Algunos acontecimientos no se pueden explicar sin la fe. En esos d\u00edas cay\u00f3 en mis manos un escrito iluminador de San Le\u00f3n Magno: \u201cLa Iglesia es el campo del Se\u00f1or que se reviste con una mies cada vez m\u00e1s rica, porque los granos que caen uno por uno renacen multiplicados\u201d. &nbsp;\u00a1All\u00ed encontr\u00e9 una respuesta! Solamente en esa \u00f3ptica pod\u00eda aceptar que Elio, un amigo querid\u00edsimo,&nbsp; hubiese partido al cielo. Ca\u00eda como un grano de trigo grande y maduro. Ten\u00eda que creer que de all\u00ed nacer\u00eda una espiga en plenitud.<\/p>\n\n\n\n<p>(G. \u2013 B\u00e9lgica)<\/p>\n\n\n\n<p><strong>Peque\u00f1os grandes milagros<\/strong><\/p>\n\n\n\n<p>Nac\u00ed en Brasil, pero m\u00e1s adelante fui a vivir y me qued\u00e9 nueve a\u00f1os en otro pa\u00eds de Latinoam\u00e9rica, con una inflaci\u00f3n alt\u00edsima y una pobreza extendida; todo ello es un incentivo a la criminalidad. Un d\u00eda, una amiga vino a verme llorando, porque acababa de ser asaltada y le hab\u00edan robado el \u00fanico sueldo con el que sosten\u00eda a su familia, ya que el marido estaba desocupado y ten\u00edan cuatro hijos. \u00bfYo qu\u00e9 pod\u00eda hacer? &nbsp;Trat\u00e9 por lo menos de consolarla, aconsej\u00e1ndola de que lo perdonara y rezara para que ladr\u00f3n se arrepintiera. Pero ella reaccion\u00f3 dici\u00e9ndome que jam\u00e1s har\u00eda eso. \u201cEntonces \u2013le respond\u00ed\u2013 yo rezar\u00e9 por \u00e9l\u201d. Despu\u00e9s de algunos d\u00edas, esa misma amiga volvi\u00f3 a visitarme, pero esta vez con otra expresi\u00f3n en el rostro, con otro \u00e1nimo.&nbsp; Estaba feliz, me dijo que el ladr\u00f3n tendr\u00eda que haberse convertido realmente porque en un negocio en donde ella era muy conocida hab\u00eda dejado la cartera que hab\u00eda sustra\u00eddo. Y lo m\u00e1s sorprendente era que el sueldo estaba todav\u00eda dentro, no faltaba nada.<\/p>\n\n\n\n<p>(T.G.S.C. \u2013 Brasil)<\/p>\n\n\n\n<p><strong>En la silla de ruedas<\/strong><\/p>\n\n\n\n<p>Desde hace mucho tiempo, a ra\u00edz de una artritis reum\u00e1tica, vivo en una silla de ruedas. Entre ingresos al hospital y operaciones, habr\u00e9 pasado all\u00ed tres a\u00f1os de mi vida. Muy a menudo, por los dolores tan agudos, quedo completamente inm\u00f3vil, incapaz incluso de peinarme o de agarrar un vaso. Muchas cosas, que para m\u00ed eran muy importantes, las tuve que dejar de hacer.&nbsp; Sin embargo, tengo un esp\u00edritu bromista y muchas veces a la enfermedad reacciono con alguna nota humor\u00edstica. Poco a poco, entender la \u201csabidur\u00eda de la cruz\u201d me ayud\u00f3 a acoger el dolor como la forma m\u00e1s sublime del amor&nbsp; y a ofrecer mi gota en particular por las personas que m\u00e1s sufren, por la Iglesia, por la unidad de la Iglesia, por la unidad que Jes\u00fas pidi\u00f3. Ahora ya no le pregunto a Dios \u201c\u00bfPor qu\u00e9?\u201d, sino que solamente le digo: \u201cAy\u00fadame, Se\u00f1or\u201d. Trato de no hacer pesar mis problemas f\u00edsicos sobre los dem\u00e1s y me parece que consigo hacerlo, porque de hecho me encuentran siempre contenta. Todo coopera al bien si estamos abiertos al amor de Dios.&nbsp; De hecho, en nuestra familia cada uno ha sentido el deber de dar un salto hacia adelante. Los mismos hijos han madurado r\u00e1pidamente, volvi\u00e9ndose m\u00e1s responsables.<\/p>\n\n\n\n<p>(Branka \u2013 Croacia)<\/p>\n\n\n\n<p class=\"has-text-align-right\">A cargo de Maria Grazia Berretta <\/p>\n\n\n\n<p class=\"has-text-align-right\">(extra\u00eddo de <em>Il Vangelo del Giorno<\/em>, Citt\u00e0 Nuova, a\u00f1o XII\u2013 n\u00famero 1, marzo-abril de 2026)<\/p>\n\n\n\n<p class=\"has-text-align-right\"><\/p>\n\n\n\n<div style=\"height:65px\" aria-hidden=\"true\" class=\"wp-block-spacer\"><\/div>\n\n\n\n<p>Foto: \u00a9 Pexels-Shvets-Production<\/p>\n\n\n\n<hr class=\"wp-block-separator has-alpha-channel-opacity\"\/>\n","protected":false},"excerpt":{"rendered":"<p>Una invitaci\u00f3n que nos recuerda la Resurrecci\u00f3n y abre a una vida nueva cuyo fundamento no son nuestras fuerzas, sino la gracia de Dios que vence cualquier miedo.  Incluso en las dificultades, en las crisis, el amor de Cristo se hace presente y, si se lo vive en la comuni\u00f3n con el otro, es capaz de dar a\u00fan m\u00e1s empuje y esperanza para volver a empezar.<\/p>\n","protected":false},"author":33,"featured_media":396994,"comment_status":"open","ping_status":"open","sticky":false,"template":"","format":"standard","meta":{"give_campaign_id":0,"_seopress_robots_primary_cat":"","_seopress_titles_title":"","_seopress_titles_desc":"","_seopress_robots_index":"","_et_pb_use_builder":"","_et_pb_old_content":"","_et_gb_content_width":"","footnotes":""},"categories":[3289],"tags":[3346,3199],"class_list":["post-396995","post","type-post","status-publish","format-standard","has-post-thumbnail","hentry","category-testimonianze-di-vita-es","tag-notifiche-es","tag-ppg-es"],"_links":{"self":[{"href":"https:\/\/www.focolare.org\/es\/wp-json\/wp\/v2\/posts\/396995","targetHints":{"allow":["GET"]}}],"collection":[{"href":"https:\/\/www.focolare.org\/es\/wp-json\/wp\/v2\/posts"}],"about":[{"href":"https:\/\/www.focolare.org\/es\/wp-json\/wp\/v2\/types\/post"}],"author":[{"embeddable":true,"href":"https:\/\/www.focolare.org\/es\/wp-json\/wp\/v2\/users\/33"}],"replies":[{"embeddable":true,"href":"https:\/\/www.focolare.org\/es\/wp-json\/wp\/v2\/comments?post=396995"}],"version-history":[{"count":3,"href":"https:\/\/www.focolare.org\/es\/wp-json\/wp\/v2\/posts\/396995\/revisions"}],"predecessor-version":[{"id":397001,"href":"https:\/\/www.focolare.org\/es\/wp-json\/wp\/v2\/posts\/396995\/revisions\/397001"}],"wp:featuredmedia":[{"embeddable":true,"href":"https:\/\/www.focolare.org\/es\/wp-json\/wp\/v2\/media\/396994"}],"wp:attachment":[{"href":"https:\/\/www.focolare.org\/es\/wp-json\/wp\/v2\/media?parent=396995"}],"wp:term":[{"taxonomy":"category","embeddable":true,"href":"https:\/\/www.focolare.org\/es\/wp-json\/wp\/v2\/categories?post=396995"},{"taxonomy":"post_tag","embeddable":true,"href":"https:\/\/www.focolare.org\/es\/wp-json\/wp\/v2\/tags?post=396995"}],"curies":[{"name":"wp","href":"https:\/\/api.w.org\/{rel}","templated":true}]}}