{"id":397057,"date":"2026-03-09T16:11:39","date_gmt":"2026-03-09T15:11:39","guid":{"rendered":"https:\/\/www.focolare.org\/?p=397057"},"modified":"2026-03-09T16:19:57","modified_gmt":"2026-03-09T15:19:57","slug":"emergencia-oriente-medio-2","status":"publish","type":"post","link":"https:\/\/www.focolare.org\/es\/emergencia-oriente-medio-2\/","title":{"rendered":"Emergencia Oriente Medio"},"content":{"rendered":"\n<p>Las noticias que nos llegan constantemente desde Oriente Medio provocan una creciente consternaci\u00f3n entre las muchas personas que desean sinceramente la paz y la seguridad para todos, y no solo para algunos. Lamentablemente, los llamamientos autorizados para que el conflicto armado d\u00e9 paso nuevamente a la diplomacia, y las peticiones de oraci\u00f3n por la paz parecen vanos e ingenuos. <\/p>\n\n\n\n<p>Pero precisamente por la gravedad de los acontecimientos actuales, que lamentablemente se suman y se amplifican con otras crisis b\u00e9licas y humanitarias, se requiere una respuesta valiente y prof\u00e9tica por parte de cada persona, de cada ciudadano que tenga en el coraz\u00f3n el bien com\u00fan y la paz como lo primero entre esos bienes.<\/p>\n\n\n\n<p>Tambi\u00e9n el Movimiento de los Focolares, que tiene comunidades que viven en muchas de las zonas objeto de conflictos, renueva su compromiso a varios niveles: desde las ayudas de emergencia para las poblaciones m\u00e1s fr\u00e1giles, obligadas a vivir en la incertidumbre y el miedo y privadas de cualquier forma de sustento, hasta las acciones de ciudadan\u00eda activa ante sus instituciones y en la sociedad civil.<\/p>\n\n\n\n<p>Por eso, la Coordinaci\u00f3n de Emergencias del Movimiento de los Focolares renueva su llamamiento a la solidaridad para ayudar a los miles de familias desplazadas: muchas han perdido su casa, otras buscan refugio en estructuras que reabren sus puertas a pesar de los recursos cada vez m\u00e1s limitados. En este escenario en constante cambio, queremos permanecer al lado de quienes sufren, dispuestos a apoyar iniciativas locales de acogida y ayuda concreta. <\/p>\n\n\n\n<p>Cada contribuci\u00f3n permitir\u00e1 llevar alivio inmediato e imaginar, juntos, caminos de esperanza y reconstrucci\u00f3n.<\/p>\n\n\n\n<p>Invitamos a todos a unirse a este compromiso: la paz tambi\u00e9n se construye as\u00ed, eligiendo no volver la espalda para no ver.<\/p>\n\n\n\n<div class=\"wp-block-group has-background is-layout-constrained wp-block-group-is-layout-constrained\" style=\"background-color:#f5efd3\">\n<p>Se puede donar <strong>online<\/strong>: <\/p>\n\n\n\n<ul class=\"wp-block-list\">\n<li><strong>AMU<\/strong>: <a href=\"https:\/\/www.amu-it.eu\/campagne\/emergenze-medio-oriente\/\">https:\/\/www.amu-it.eu\/campagne\/emergenze-medio-oriente\/<\/a><\/li>\n\n\n\n<li><strong>AFN<\/strong>: <a href=\"https:\/\/afnonlus.org\/project\/emergenza-mediooriente\/\" target=\"_blank\" rel=\"noreferrer noopener\">https:\/\/afnonlus.org\/project\/emergenza-mediooriente\/<\/a><\/li>\n<\/ul>\n\n\n\n<p>O tambi\u00e9n a trav\u00e9s de <strong>transferencia bancaria <\/strong>a las siguientes cuentas corrientes:<\/p>\n\n\n\n<p><strong>Azione per un Mondo Unito ETS (AMU)<\/strong> IBAN: IT 58 S 05018 03200 000011204344 presso Banca Popolare Etica Codice SWIFT\/BIC: ETICIT22XXX<\/p>\n\n\n\n<p><strong>Azione per Famiglie Nuove ETS <\/strong>| Banca Etica \u2013 filiale 1 di Roma \u2013 Agenzia n. 0 | Codice IBAN: IT 92 J 05018 03200 000016978561 | BIC\/SWIFT: ETICIT22XXX <\/p>\n\n\n\n<p><strong>Motivo: Emergencia Oriente Medio<\/strong><\/p>\n\n\n\n<p><em>En muchos pa\u00edses de la UE y en otros pa\u00edses del mundo existen ventajas fiscales para este tipo de donaciones, seg\u00fan las distintas normativas locales.<\/em> <em>Los contribuyentes italianos podr\u00e1n obtener deducciones y desgravaciones fiscales, seg\u00fan la normativa para los Entes del Tercer Sector (ETS).<\/em>  <\/p>\n<\/div>\n\n\n\n<div style=\"height:155px\" aria-hidden=\"true\" class=\"wp-block-spacer\"><\/div>\n\n\n\n<p class=\"has-small-font-size\"><em>Foto gentileza del Patriarcado Latino de Jerusal\u00e9n<\/em><\/p>\n","protected":false},"excerpt":{"rendered":"<p>La Coordinaci\u00f3n de Emergencias del Movimiento de los Focolares renueva un llamamiento a la solidaridad para ayudar a los miles de familias desplazadas.<\/p>\n","protected":false},"author":34,"featured_media":397056,"comment_status":"open","ping_status":"open","sticky":false,"template":"","format":"standard","meta":{"give_campaign_id":0,"_seopress_robots_primary_cat":"","_seopress_titles_title":"","_seopress_titles_desc":"","_seopress_robots_index":"","_et_pb_use_builder":"","_et_pb_old_content":"","_et_gb_content_width":"","footnotes":""},"categories":[3085,3159,46,3094],"tags":[3346,3199],"class_list":["post-397057","post","type-post","status-publish","format-standard","has-post-thumbnail","hentry","category-centro-internazionale-4","category-emergencias-es","category-sin-categorizar","category-sociale-4","tag-notifiche-es","tag-ppg-es"],"_links":{"self":[{"href":"https:\/\/www.focolare.org\/es\/wp-json\/wp\/v2\/posts\/397057","targetHints":{"allow":["GET"]}}],"collection":[{"href":"https:\/\/www.focolare.org\/es\/wp-json\/wp\/v2\/posts"}],"about":[{"href":"https:\/\/www.focolare.org\/es\/wp-json\/wp\/v2\/types\/post"}],"author":[{"embeddable":true,"href":"https:\/\/www.focolare.org\/es\/wp-json\/wp\/v2\/users\/34"}],"replies":[{"embeddable":true,"href":"https:\/\/www.focolare.org\/es\/wp-json\/wp\/v2\/comments?post=397057"}],"version-history":[{"count":2,"href":"https:\/\/www.focolare.org\/es\/wp-json\/wp\/v2\/posts\/397057\/revisions"}],"predecessor-version":[{"id":397059,"href":"https:\/\/www.focolare.org\/es\/wp-json\/wp\/v2\/posts\/397057\/revisions\/397059"}],"wp:featuredmedia":[{"embeddable":true,"href":"https:\/\/www.focolare.org\/es\/wp-json\/wp\/v2\/media\/397056"}],"wp:attachment":[{"href":"https:\/\/www.focolare.org\/es\/wp-json\/wp\/v2\/media?parent=397057"}],"wp:term":[{"taxonomy":"category","embeddable":true,"href":"https:\/\/www.focolare.org\/es\/wp-json\/wp\/v2\/categories?post=397057"},{"taxonomy":"post_tag","embeddable":true,"href":"https:\/\/www.focolare.org\/es\/wp-json\/wp\/v2\/tags?post=397057"}],"curies":[{"name":"wp","href":"https:\/\/api.w.org\/{rel}","templated":true}]}}