{"id":398916,"date":"2026-03-17T20:37:23","date_gmt":"2026-03-17T19:37:23","guid":{"rendered":"https:\/\/www.focolare.org\/?p=398916"},"modified":"2026-03-25T21:22:27","modified_gmt":"2026-03-25T20:22:27","slug":"eles-assumem-hoje-este-servico-apos-terem-recebido-dois-tercos-dos-votos-por-parte-dos-participantes-com-direito-a-voto-e-permanecerao-no-cargo-por-cinco-anos","status":"publish","type":"post","link":"https:\/\/www.focolare.org\/es\/eles-assumem-hoje-este-servico-apos-terem-recebido-dois-tercos-dos-votos-por-parte-dos-participantes-com-direito-a-voto-e-permanecerao-no-cargo-por-cinco-anos\/","title":{"rendered":"Se han elegido los consejeros y las consejeras generales"},"content":{"rendered":"\n<p>Hoy han sido elegidos los 20 consejeros y consejeras generales del Movimiento de los Focolares, quienes, durante el nuevo mandato, acompa\u00f1ar\u00e1n a la presidenta en su servicio.<\/p>\n\n\n\n<p>Seg\u00fan lo establecido en los Estatutos generales, ellos, junto con la presidenta y el copresidente, tienen la funci\u00f3n de representar a todo el Movimiento y de manifestar su unidad.<\/p>\n\n\n\n<p>Posteriormente, ser\u00e1n llamados a desempe\u00f1ar las tareas que la presidenta les conf\u00ede, en particular el seguimiento de los aspectos concretos de la vida del Movimiento (resumidos en los \u00absiete colores\u00bb) y el acompa\u00f1amiento de las subdivisiones geogr\u00e1ficas (las \u00abzonas\u00bb). Cada uno, en su cargo, tendr\u00e1 muy presente la unidad de toda la familia de los Focolares, custodi\u00e1ndola y promovi\u00e9ndola en cada paso. <\/p>\n\n\n\n<p>Hoy asumen este servicio tras haber recibido dos tercios de los votos de los miembros de la Asamblea General con derecho a voto y permanecer\u00e1n en el cargo durante cinco a\u00f1os.<\/p>\n\n\n\n<p class=\"has-text-align-right\"><em>Stefania Tanesini <\/em><br><em>con el equipo de Comunicaci\u00f3n Multimedia y Servicios ling\u00fc\u00edsticos<\/em><\/p>\n\n\n\n<figure data-wp-context=\"{&quot;imageId&quot;:&quot;69f370622b5a1&quot;}\" data-wp-interactive=\"core\/image\" data-wp-key=\"69f370622b5a1\" class=\"wp-block-image size-full wp-lightbox-container\"><img alt=\"\" alt=\"\" loading=\"lazy\" decoding=\"async\" width=\"1080\" height=\"1350\" data-wp-class--hide=\"state.isContentHidden\" data-wp-class--show=\"state.isContentVisible\" data-wp-init=\"callbacks.setButtonStyles\" data-wp-on--click=\"actions.showLightbox\" data-wp-on--load=\"callbacks.setButtonStyles\" data-wp-on-window--resize=\"callbacks.setButtonStyles\" src=\"https:\/\/www.focolare.org\/wp-content\/uploads\/2026\/03\/Consiglieri-eletti-ES-1-2.jpg\" alt=\"\" class=\"wp-image-398962\" srcset=\"https:\/\/www.focolare.org\/wp-content\/uploads\/2026\/03\/Consiglieri-eletti-ES-1-2.jpg 1080w, https:\/\/www.focolare.org\/wp-content\/uploads\/2026\/03\/Consiglieri-eletti-ES-1-2-980x1225.jpg 980w, https:\/\/www.focolare.org\/wp-content\/uploads\/2026\/03\/Consiglieri-eletti-ES-1-2-480x600.jpg 480w\" sizes=\"(min-width: 0px) and (max-width: 480px) 480px, (min-width: 481px) and (max-width: 980px) 980px, (min-width: 981px) 1080px, 100vw\" \/><button\n\t\t\tclass=\"lightbox-trigger\"\n\t\t\ttype=\"button\"\n\t\t\taria-haspopup=\"dialog\"\n\t\t\taria-label=\"Agrandar\"\n\t\t\tdata-wp-init=\"callbacks.initTriggerButton\"\n\t\t\tdata-wp-on--click=\"actions.showLightbox\"\n\t\t\tdata-wp-style--right=\"state.imageButtonRight\"\n\t\t\tdata-wp-style--top=\"state.imageButtonTop\"\n\t\t>\n\t\t\t<svg xmlns=\"http:\/\/www.w3.org\/2000\/svg\" width=\"12\" height=\"12\" fill=\"none\" viewBox=\"0 0 12 12\">\n\t\t\t\t<path fill=\"#fff\" d=\"M2 0a2 2 0 0 0-2 2v2h1.5V2a.5.5 0 0 1 .5-.5h2V0H2Zm2 10.5H2a.5.5 0 0 1-.5-.5V8H0v2a2 2 0 0 0 2 2h2v-1.5ZM8 12v-1.5h2a.5.5 0 0 0 .5-.5V8H12v2a2 2 0 0 1-2 2H8Zm2-12a2 2 0 0 1 2 2v2h-1.5V2a.5.5 0 0 0-.5-.5H8V0h2Z\" \/>\n\t\t\t<\/svg>\n\t\t<\/button><\/figure>\n\n\n\n<p class=\"has-small-font-size\"><em>Foto: \u00a9 CSC Audiovisivi<\/em><\/p>\n\n\n\n<div style=\"height:155px\" aria-hidden=\"true\" class=\"wp-block-spacer\"><\/div>\n","protected":false},"excerpt":{"rendered":"<p>Hoy han sido elegidos los 20 consejeros y consejeras generales del Movimiento de los Focolares, quienes, durante el nuevo mandato, acompa\u00f1ar\u00e1n a la presidenta en su servicio.<\/p>\n","protected":false},"author":34,"featured_media":398932,"comment_status":"open","ping_status":"open","sticky":false,"template":"","format":"standard","meta":{"give_campaign_id":0,"_seopress_robots_primary_cat":"","_seopress_titles_title":"","_seopress_titles_desc":"","_seopress_robots_index":"","_et_pb_use_builder":"","_et_pb_old_content":"","_et_gb_content_width":"","footnotes":""},"categories":[3085],"tags":[4140,4356,3346,3199],"class_list":["post-398916","post","type-post","status-publish","format-standard","has-post-thumbnail","hentry","category-centro-internazionale-4","tag-assemblea-generale-2026-es","tag-consiglieri","tag-notifiche-es","tag-ppg-es"],"_links":{"self":[{"href":"https:\/\/www.focolare.org\/es\/wp-json\/wp\/v2\/posts\/398916","targetHints":{"allow":["GET"]}}],"collection":[{"href":"https:\/\/www.focolare.org\/es\/wp-json\/wp\/v2\/posts"}],"about":[{"href":"https:\/\/www.focolare.org\/es\/wp-json\/wp\/v2\/types\/post"}],"author":[{"embeddable":true,"href":"https:\/\/www.focolare.org\/es\/wp-json\/wp\/v2\/users\/34"}],"replies":[{"embeddable":true,"href":"https:\/\/www.focolare.org\/es\/wp-json\/wp\/v2\/comments?post=398916"}],"version-history":[{"count":7,"href":"https:\/\/www.focolare.org\/es\/wp-json\/wp\/v2\/posts\/398916\/revisions"}],"predecessor-version":[{"id":400408,"href":"https:\/\/www.focolare.org\/es\/wp-json\/wp\/v2\/posts\/398916\/revisions\/400408"}],"wp:featuredmedia":[{"embeddable":true,"href":"https:\/\/www.focolare.org\/es\/wp-json\/wp\/v2\/media\/398932"}],"wp:attachment":[{"href":"https:\/\/www.focolare.org\/es\/wp-json\/wp\/v2\/media?parent=398916"}],"wp:term":[{"taxonomy":"category","embeddable":true,"href":"https:\/\/www.focolare.org\/es\/wp-json\/wp\/v2\/categories?post=398916"},{"taxonomy":"post_tag","embeddable":true,"href":"https:\/\/www.focolare.org\/es\/wp-json\/wp\/v2\/tags?post=398916"}],"curies":[{"name":"wp","href":"https:\/\/api.w.org\/{rel}","templated":true}]}}