{"id":400464,"date":"2026-03-28T05:00:00","date_gmt":"2026-03-28T04:00:00","guid":{"rendered":"https:\/\/www.focolare.org\/?p=400464"},"modified":"2026-03-27T15:22:37","modified_gmt":"2026-03-27T14:22:37","slug":"el-sello-de-la-unidad","status":"publish","type":"post","link":"https:\/\/www.focolare.org\/es\/el-sello-de-la-unidad\/","title":{"rendered":"El sello de la unidad"},"content":{"rendered":"\n<div class=\"wp-block-group has-background is-layout-constrained wp-block-group-is-layout-constrained\" style=\"background-color:#f1f2e6\">\n<p><\/p>\n\n\n\n<p>(\u2026) \u00bfCu\u00e1l es la Palabra que el Esp\u00edritu ha grabado como un sello en esta casa, en nuestro Movimiento, cuando el Cielo pens\u00f3 en \u00e9l, al dar comienzo aqu\u00ed en la Tierra a su realizaci\u00f3n?<\/p>\n\n\n\n<p>Nosotros lo sabemos. La palabra es \u201cunidad\u201d. Unidad es la palabra que resume toda nuestra espiritualidad. Unidad con Dios, unidad con los hermanos. Es m\u00e1s, unidad con los hermanos para alcanzar la uni\u00f3n con Dios.    <\/p>\n\n\n\n<p>En realidad, el Esp\u00edritu nos ha revelado un camino completamente nuestro, plenamente evang\u00e9lico para unirnos con Dios,<\/p>\n\n\n\n<p>para encontrarlo a \u00c9l. (\u2026) Nosotros lo buscamos y lo encontramos pasando por el hermano, amando al hermano. Lo encontramos si nos esforzamos en realizar la unidad con el hermano, con cada hermano; si establecemos la presencia de Jes\u00fas entre nosotros como hermanos. Solo de este modo tenemos garantizada tambi\u00e9n la unidad con \u00c9l, lo encontramos vivo y palpitante en nuestro coraz\u00f3n. Y esta unidad con Dios es la que nos empuja, a su vez, hacia los hermanos, la que nos ayuda a actuar de tal manera que nuestro amor por ellos no sea ficticio, insuficiente, superficial, sino radical, pleno, completo, un amor substanciado de sacrificio, dispuesto siempre a dar la vida, capaz de realizar la unidad.    <\/p>\n\n\n\n<p>Nuestros Estatutos ponen la unidad como base de todo, como norma de las normas, como la regla que<\/p>\n\n\n\n<p>hay que poner en pr\u00e1ctica antes de cualquier otra regla. <em>La palabra<\/em> unidad es para nosotros la roca. <\/p>\n\n\n\n<p>Nosotros no tenemos significado en la vida sino en esta palabra, con la que todo adquiere sentido: cada acto, cada oraci\u00f3n, cada aliento. Y si nos concentramos en esta palabra, si la vivimos lo mejor que podamos, todo se salvar\u00e1 para nosotros. Nos salvaremos nosotros y se salvar\u00e1 la porci\u00f3n de Obra que se nos ha confiado. <\/p>\n\n\n\n<p>En el futuro tal vez lleguen para la Obra, en su conjunto o en alguna zona,<\/p>\n\n\n\n<p>momentos diferentes de los que vivimos en el presente, que est\u00e1 marcado por tantas consolaciones, frutos, luz, fuego.<\/p>\n\n\n\n<p>Podr\u00e1n llegar momentos de oscuridad, de desaliento; podr\u00e1n llegar persecuciones, <\/p>\n\n\n\n<p>tentaciones (\u2026) Podr\u00e1n suceder desgracias, cat\u00e1strofes\u2026 Pero si nos mantenemos firmes sobre la roca <\/p>\n\n\n\n<p>de la unidad, nada podr\u00e1 afectarnos, todo seguir\u00e1 adelante como antes.<\/p>\n\n\n\n<p class=\"has-text-align-right\"><em>Chiara Lubich<\/em><br\/><em>in \u201cConversazioni in collegamento telefonico\u201d, 2019, Citt\u00e0 Nuova Editrice, p. 373<\/em><\/p>\n\n\n\n<p class=\"has-text-align-right\"><\/p>\n<\/div>\n\n<div style=\"height:119px\" aria-hidden=\"true\" class=\"wp-block-spacer\"><\/div>\n","protected":false},"excerpt":{"rendered":"<p>\u00abLa unidad \u2014afirm\u00f3 recientemente el Papa Le\u00f3n XIV en la audiencia con todos los participantes de la Asamblea General del Movimiento de los Focolares\u2014 es una semilla, sencilla pero poderosa, que atrae a miles de mujeres y hombres, suscita vocaciones, genera un impulso de evangelizaci\u00f3n, pero tambi\u00e9n obras sociales, culturales, art\u00edsticas y econ\u00f3micas, que son fermento de di\u00e1logo ecum\u00e9nico e interreligioso\u00bb. Compartimos algunas palabras de Chiara Lubich, pronunciadas el 9 de noviembre de 1989 en una \u00abConexi\u00f3n\u00bb, que nos presentan la unidad como la roca sobre la que se sustenta nuestra vida.  <\/p>\n","protected":false},"author":34,"featured_media":400463,"comment_status":"open","ping_status":"open","sticky":false,"template":"","format":"standard","meta":{"give_campaign_id":0,"_seopress_robots_primary_cat":"","_seopress_titles_title":"","_seopress_titles_desc":"","_seopress_robots_index":"","_et_pb_use_builder":"","_et_pb_old_content":"","_et_gb_content_width":"","footnotes":""},"categories":[2999,46,3000],"tags":[3346,3199],"class_list":["post-400464","post","type-post","status-publish","format-standard","has-post-thumbnail","hentry","category-chiara-lubich-5","category-sin-categorizar","category-spiritualita-4","tag-notifiche-es","tag-ppg-es"],"_links":{"self":[{"href":"https:\/\/www.focolare.org\/es\/wp-json\/wp\/v2\/posts\/400464","targetHints":{"allow":["GET"]}}],"collection":[{"href":"https:\/\/www.focolare.org\/es\/wp-json\/wp\/v2\/posts"}],"about":[{"href":"https:\/\/www.focolare.org\/es\/wp-json\/wp\/v2\/types\/post"}],"author":[{"embeddable":true,"href":"https:\/\/www.focolare.org\/es\/wp-json\/wp\/v2\/users\/34"}],"replies":[{"embeddable":true,"href":"https:\/\/www.focolare.org\/es\/wp-json\/wp\/v2\/comments?post=400464"}],"version-history":[{"count":1,"href":"https:\/\/www.focolare.org\/es\/wp-json\/wp\/v2\/posts\/400464\/revisions"}],"predecessor-version":[{"id":400465,"href":"https:\/\/www.focolare.org\/es\/wp-json\/wp\/v2\/posts\/400464\/revisions\/400465"}],"wp:featuredmedia":[{"embeddable":true,"href":"https:\/\/www.focolare.org\/es\/wp-json\/wp\/v2\/media\/400463"}],"wp:attachment":[{"href":"https:\/\/www.focolare.org\/es\/wp-json\/wp\/v2\/media?parent=400464"}],"wp:term":[{"taxonomy":"category","embeddable":true,"href":"https:\/\/www.focolare.org\/es\/wp-json\/wp\/v2\/categories?post=400464"},{"taxonomy":"post_tag","embeddable":true,"href":"https:\/\/www.focolare.org\/es\/wp-json\/wp\/v2\/tags?post=400464"}],"curies":[{"name":"wp","href":"https:\/\/api.w.org\/{rel}","templated":true}]}}