{"id":400867,"date":"2026-04-08T05:00:00","date_gmt":"2026-04-08T03:00:00","guid":{"rendered":"https:\/\/www.focolare.org\/?p=400867"},"modified":"2026-04-07T10:36:33","modified_gmt":"2026-04-07T08:36:33","slug":"evangelio-vivido-quedate-con-nosotros-porque-anochece-lc-2429","status":"publish","type":"post","link":"https:\/\/www.focolare.org\/es\/evangelio-vivido-quedate-con-nosotros-porque-anochece-lc-2429\/","title":{"rendered":"Evangelio Vivido: \u201cQu\u00e9date con nosotros, porque anochece\u201d (Lc 24,29)"},"content":{"rendered":"\n<p class=\"has-text-color has-link-color has-medium-font-size wp-elements-b407f0f7d05a5da3c82391997700383b\" style=\"color:#7f2a2a\"><strong>Tan necesaria como la comida<\/strong><\/p>\n\n<figure class=\"wp-block-image alignright size-large is-resized\"><img alt=\"\" alt=\"\" loading=\"lazy\" decoding=\"async\" width=\"2048\" height=\"1365\" src=\"https:\/\/www.focolare.org\/wp-content\/uploads\/2026\/04\/pexels-Foto-de-Tolga-deniz-Aran35680717-2048x1365.jpg\" alt=\"\" class=\"wp-image-400849\" style=\"aspect-ratio:1.5003845606039026;width:281px;height:auto\" srcset=\"https:\/\/www.focolare.org\/wp-content\/uploads\/2026\/04\/pexels-Foto-de-Tolga-deniz-Aran35680717-2048x1365.jpg 2048w, https:\/\/www.focolare.org\/wp-content\/uploads\/2026\/04\/pexels-Foto-de-Tolga-deniz-Aran35680717-1280x854.jpg 1280w, https:\/\/www.focolare.org\/wp-content\/uploads\/2026\/04\/pexels-Foto-de-Tolga-deniz-Aran35680717-980x653.jpg 980w, https:\/\/www.focolare.org\/wp-content\/uploads\/2026\/04\/pexels-Foto-de-Tolga-deniz-Aran35680717-480x320.jpg 480w\" sizes=\"(min-width: 0px) and (max-width: 480px) 480px, (min-width: 481px) and (max-width: 980px) 980px, (min-width: 981px) and (max-width: 1280px) 1280px, (min-width: 1281px) 2048px, 100vw\" \/><figcaption class=\"wp-element-caption\"><em>\u00a9 Tolga Deniz Aran by Pexels<\/em><\/figcaption><\/figure>\n\n<p>Mongomo es un peque\u00f1o pueblo de Guinea Ecuatorial, en la frontera con Gab\u00f3n. La hermana Mar\u00eda escribe: \u201cEs un gran regalo para nuestra comunidad pasar tiempo con la gente de aqu\u00ed, tan abierta a la Palabra de Dios. Cada mes la esperan con ilusi\u00f3n en los pueblos cercanos. Los domingos, como casi nunca hay un sacerdote para celebrar la Santa Misa, se re\u00fanen con algunos de nosotros para escuchar la explicaci\u00f3n de la Palabra. Se congregan m\u00e1s de quinientas personas. Sin embargo, a las reuniones parroquiales de Mongomo, solo asisten unas cincuenta. Hay que tener en cuenta que no tienen relojes ni saben la fecha, as\u00ed que es muy dif\u00edcil concertar citas, por lo que su presencia no es constante. A veces tienen que caminar (obviamente) diez o veinte kil\u00f3metros para llegar. Es conmovedor ver que nunca se cansan de o\u00edr hablar de Dios. Me gustar\u00eda que escucharan c\u00f3mo ponen en pr\u00e1ctica el Evangelio: son experiencias sencillas y concretas\u2026 escucharlas basta para convertirte. A menudo he o\u00eddo a algunos de ellos repetir que la Palabra de Dios es tan necesaria para ellos como la comida\u201d. <\/p>\n\n<p>(Hermana Mar\u00eda &#8211; Guinea Ecuatorial)<\/p>\n\n<p class=\"has-text-color has-link-color has-medium-font-size wp-elements-a8133328bbf355a6b744d2272dc8b2fc\" style=\"color:#7b2b2b\"><strong>Riconciliazione<\/strong><\/p>\n\n<p>Me impact\u00f3 especialmente la frase del Evangelio: \u201cSi al presentar tu ofrenda en el altar te acuerdas de que tu hermano tiene algo contra ti, deja all\u00ed tu ofrenda delante del altar y ve primero a reconciliarte con tu hermano\u2026\u201d. De hecho, no me llevaba bien con cierta se\u00f1ora. Arm\u00e1ndome de valor, fui a hablar con ella. Por desgracia, no solo no me escuch\u00f3, sino que me grit\u00f3. Desmoralizada, no sab\u00eda qu\u00e9 hacer. Mientras tanto, mi hijo hab\u00eda recibido una carta de una conocida que quer\u00eda disculparse por un peque\u00f1o malentendido que hab\u00eda ocurrido entre ellos unos d\u00edas antes. Me sorprendi\u00f3: primero, porque mi hijo es tan peque\u00f1o que a\u00fan no sabe leer, as\u00ed que tuve que leerle la carta; segundo, porque un adulto se disculpaba con tanta sinceridad. Todo esto me inspir\u00f3 a escribirle a esa se\u00f1ora, pidi\u00e9ndole perd\u00f3n. Unos d\u00edas despu\u00e9s, recib\u00ed una llamada suya: \u201c\u00a1Perd\u00f3name!\u201d. Volv\u00ed a hablar con ella y aclarar cada malentendido, nos reconciliamos con alegr\u00eda.         <\/p>\n\n<p>(H.B. \u2013 Alemania)<\/p>\n\n<p class=\"has-text-align-right\"><em>Maria Grazia Berretta<\/em><br\/><em>Foto de apertura: \u00a9 Saulo Leite by Pexels<\/em><\/p>\n\n<div style=\"height:147px\" aria-hidden=\"true\" class=\"wp-block-spacer\"><\/div>\n","protected":false},"excerpt":{"rendered":"<p>\u00bfC\u00f3mo podemos reconocer la presencia de Jes\u00fas cuando la noche, la injusticia y la desigualdad nos envuelven? \u00bfCu\u00e1ndo las dificultades y el sufrimiento parecen oscurecer toda esperanza? El camino a Ema\u00fas se convierte en un s\u00edmbolo de cada uno de nosotros, de nuestro camino de fe, de nuestro profundo deseo de redescubrir a Cristo en nuestras decisiones cotidianas; un encuentro que nos lleva a la alegr\u00eda y al testimonio compartido. Es la conmovedora invitaci\u00f3n que todos podemos hacerle, para que, una vez encontrado, permanezca con nosotros y entre nosotros.   <\/p>\n","protected":false},"author":34,"featured_media":400866,"comment_status":"open","ping_status":"open","sticky":false,"template":"","format":"standard","meta":{"give_campaign_id":0,"_seopress_robots_primary_cat":"","_seopress_titles_title":"","_seopress_titles_desc":"","_seopress_robots_index":"","_et_pb_use_builder":"","_et_pb_old_content":"","_et_gb_content_width":"","footnotes":""},"categories":[2995,3289],"tags":[3346,3199,3666],"class_list":["post-400867","post","type-post","status-publish","format-standard","has-post-thumbnail","hentry","category-focolari-nel-mondo-4","category-testimonianze-di-vita-es","tag-notifiche-es","tag-ppg-es","tag-vangelo-vissuto-es"],"_links":{"self":[{"href":"https:\/\/www.focolare.org\/es\/wp-json\/wp\/v2\/posts\/400867","targetHints":{"allow":["GET"]}}],"collection":[{"href":"https:\/\/www.focolare.org\/es\/wp-json\/wp\/v2\/posts"}],"about":[{"href":"https:\/\/www.focolare.org\/es\/wp-json\/wp\/v2\/types\/post"}],"author":[{"embeddable":true,"href":"https:\/\/www.focolare.org\/es\/wp-json\/wp\/v2\/users\/34"}],"replies":[{"embeddable":true,"href":"https:\/\/www.focolare.org\/es\/wp-json\/wp\/v2\/comments?post=400867"}],"version-history":[{"count":1,"href":"https:\/\/www.focolare.org\/es\/wp-json\/wp\/v2\/posts\/400867\/revisions"}],"predecessor-version":[{"id":400869,"href":"https:\/\/www.focolare.org\/es\/wp-json\/wp\/v2\/posts\/400867\/revisions\/400869"}],"wp:featuredmedia":[{"embeddable":true,"href":"https:\/\/www.focolare.org\/es\/wp-json\/wp\/v2\/media\/400866"}],"wp:attachment":[{"href":"https:\/\/www.focolare.org\/es\/wp-json\/wp\/v2\/media?parent=400867"}],"wp:term":[{"taxonomy":"category","embeddable":true,"href":"https:\/\/www.focolare.org\/es\/wp-json\/wp\/v2\/categories?post=400867"},{"taxonomy":"post_tag","embeddable":true,"href":"https:\/\/www.focolare.org\/es\/wp-json\/wp\/v2\/tags?post=400867"}],"curies":[{"name":"wp","href":"https:\/\/api.w.org\/{rel}","templated":true}]}}