{"id":401907,"date":"2026-04-28T15:45:00","date_gmt":"2026-04-28T13:45:00","guid":{"rendered":"https:\/\/www.focolare.org\/?p=401907"},"modified":"2026-04-28T15:43:46","modified_gmt":"2026-04-28T13:43:46","slug":"semana-mundo-unido-2026-dar-voz-al-dialogo","status":"publish","type":"post","link":"https:\/\/www.focolare.org\/es\/semana-mundo-unido-2026-dar-voz-al-dialogo\/","title":{"rendered":"Semana Mundo Unido 2026: dar voz al di\u00e1logo"},"content":{"rendered":"\n<p>Acciones, iniciativas, actividades y eventos mundiales para crear una red capaz de vivir y dar testimonio de que la fraternidad universal es realmente posible. Este es el impulso que anima la Semana Mundo Unido (SMU). Apoyada por el <strong>United World Project<\/strong> junto al <strong>Movimiento de los Focolares <\/strong>y a <strong>Youth for a United World (Y4UW)<\/strong>, esta iniciativa global, que se celebra anualmente del 1 al 7 de mayo, abarca continentes y oc\u00e9anos, convirti\u00e9ndose en una oportunidad concreta para transformar valores como la unidad y la paz en experiencias compartidas.  <\/p>\n\n<p>Personas de diversas culturas, edades y or\u00edgenes, cada una en su propia ciudad y comunidad, acogen esta invitaci\u00f3n con el objetivo de crear espacios para encuentros aut\u00e9nticos, intercambio de energ\u00edas, ideas y testimonios capaces de generar un cambio real.<\/p>\n\n<p>La edici\u00f3n de este a\u00f1o propone un tema poderoso y oportuno: #ChooseToDialogue. En un mundo marcado por conflictos y crecientes divisiones, se vuelve a\u00fan m\u00e1s urgente y significativo redescubrir el valor del encuentro, la escucha y la comprensi\u00f3n rec\u00edproca. Elegir valientemente el \u201cdi\u00e1logo\u201d hoy significa oponerse a la l\u00f3gica del conflicto y abrir caminos hacia la paz; superar las distancias y transformar las diferencias en oportunidades para la unidad. \u00bfLa propuesta para esta Semana Mundo Unido? Un camino diario que nos invita a vivir esta elecci\u00f3n en diversos \u00e1mbitos:    <\/p>\n\n<p>\u2022 1 de mayo: Interculturalidad y di\u00e1logo<\/p>\n\n<p>\u2022 2 de mayo: Arte y compromiso social<\/p>\n\n<p>\u2022 3 de mayo: Salud, deporte y ecolog\u00eda<\/p>\n\n<p>\u2022 4 de mayo: Econom\u00eda y trabajo + Educaci\u00f3n e investigaci\u00f3n<\/p>\n\n<p>\u2022 5 de mayo: Comunicaci\u00f3n y medios de comunicaci\u00f3n<\/p>\n\n<p>\u2022 6 de mayo: Ciudadan\u00eda activa y pol\u00edtica<\/p>\n\n<p>\u2022 7 de mayo: Paz y derechos humanos<\/p>\n\n<p>Existen diversas herramientas y propuestas disponibles para lograrlo, desde el <strong>Time-out,<\/strong> una invitaci\u00f3n a un momento de silencio y oraci\u00f3n compartida que une a todos para pedir el don de la paz, hasta la <strong>Inspiration Box,<\/strong> un documento repleto de ideas y sugerencias para poner en pr\u00e1ctica a lo largo de la semana.<\/p>\n\n<p>Entre los eventos imperdibles:<\/p>\n\n<ul class=\"wp-block-list\">\n<li>&#8211; <strong>Peace Got Talent &#8211; Living Peace<\/strong>, el programa de Living Peace International, que se podr\u00e1 ver a partir de las 14:00 (GMT+1, hora de Roma) del s\u00e1bado 2 de mayo en YouTube (@unitedworldproject y @livingpeaceinternational), para inspirarse con el talento de tantos y de los mensajes de unidad y paz que comparten los j\u00f3venes de todo el mundo.<\/li>\n\n\n\n<li>&#8211; <strong> Run4Unity:<\/strong> la carrera de relevos global por la paz. Al mediod\u00eda, en cada huso horario, j\u00f3venes \u201cpasan el testigo\u201d al siguiente pa\u00eds, creando una ola global de unidad que dar\u00e1 la vuelta al planeta. Muchos pa\u00edses ya est\u00e1n organizando sus propias etapas para formar parte de esta carrera mundial, entre ellos Brasil, Venezuela, Paraguay, Argentina, Uganda, Burundi, Nueva Caledonia, Italia y Croacia.   <\/li>\n\n\n\n<li>&#8211; <strong>Primero de mayo, Loppiano (Italia)<\/strong>. Del 1 al 3 de mayo, la Ciudadela Internacional de los Focolares, cerca de Florencia, acoge una nueva edici\u00f3n del Primero de Mayo, el Festival de la Fraternidad para j\u00f3venes. <strong>ROOTS (ra\u00edces)<\/strong>, descubriendo lo que nos une, es el t\u00edtulo del evento: tres d\u00edas de encuentros, historias, reflexiones, talleres, exposiciones, actividades educativas y deportivas dedicadas al tema de las ra\u00edces y la diversidad cultural. Una invitaci\u00f3n a profundizar, a redescubrir los propios or\u00edgenes culturales y espirituales como punto de partida para el encuentro con los dem\u00e1s.  <\/li>\n\n\n\n<li>&#8211; Tambi\u00e9n en <strong>Portugal<\/strong>, en la <strong>Ciudadela Arco-iris de los Focolares<\/strong> de Abrigada (Alenquer), el <strong>1 de mayo <\/strong>ser\u00e1 una ocasi\u00f3n para celebrar y comprometerse con la construcci\u00f3n de un mundo mejor. Promovido por<strong> Youth for a United World,<\/strong> el evento, con momentos de intercambio y talleres, reunir\u00e1 a personas de todo el pa\u00eds e invitados de diferentes continentes que creen que la fraternidad no es solo un sue\u00f1o, sino una realidad que se construye d\u00eda a d\u00eda, con gestos concretos de solidaridad, di\u00e1logo y esperanza. El t\u00edtulo del evento: \u00abCon\u00e9ctate. \u00bfTienes el coraje de construir puentes?\u00bb.  <\/li>\n<\/ul>\n\n<div style=\"height:20px\" aria-hidden=\"true\" class=\"wp-block-spacer\"><\/div>\n\n<div class=\"wp-block-group is-layout-constrained wp-block-group-is-layout-constrained\">\n<p class=\"has-black-color has-text-color has-background has-link-color wp-elements-2f2a136915bcdc3ea4b6dfd27693103e\" style=\"background-color:#91a3f2c2\"><strong>\u00bfC\u00f3mo puedes organizar eventos, compartir historias y participar en la Semana Mundo Unido 2026?<\/strong><\/p>\n\n\n\n<p class=\"has-black-color has-text-color has-background has-link-color wp-elements-2255fc0a8ada5fcd32242d633e9f9140\" style=\"background-color:#91a3f2c2\">\u00a1Es muy sencillo! Visita <a href=\"http:\/\/www.unitedworldproject.org\"><strong>www.unitedworldproject.org<\/strong><\/a>, consulta la secci\u00f3n oficial de la <a href=\"https:\/\/www.unitedworldproject.org\/it\/week\/\"><strong>Settimana Mondo Unito 2026<\/strong><\/a> y sigue a United World Project, focolare.org y Youth for a United World, o contacta con <strong><a href=\"mailto:week@unitedworldproject.org\">week@unitedworldproject.org<\/a>.<\/strong> <\/p>\n\n\n\n<div style=\"height:20px\" aria-hidden=\"true\" class=\"wp-block-spacer\"><\/div>\n<\/div>\n\n<p class=\"has-text-align-right\"><em>Maria Grazia Berretta<\/em><\/p>\n\n<div style=\"height:112px\" aria-hidden=\"true\" class=\"wp-block-spacer\"><\/div>\n","protected":false},"excerpt":{"rendered":"<p>#ChooseToDialogue es el llamado global de la Semana Mundo Unido 2026. Una propuesta para crear espacios de encuentro y compartir historias impactantes a trav\u00e9s de una herramienta poderosa y necesaria: el di\u00e1logo. <\/p>\n","protected":false},"author":33,"featured_media":401895,"comment_status":"open","ping_status":"open","sticky":false,"template":"","format":"standard","meta":{"give_campaign_id":0,"_seopress_robots_primary_cat":"","_seopress_titles_title":"","_seopress_titles_desc":"","_seopress_robots_index":"","_et_pb_use_builder":"","_et_pb_old_content":"","_et_gb_content_width":"","footnotes":""},"categories":[3009,3094,3289],"tags":[3397,3346,3199],"class_list":["post-401907","post","type-post","status-publish","format-standard","has-post-thumbnail","hentry","category-nuove-generazioni-4","category-sociale-4","category-testimonianze-di-vita-es","tag-jovenes-es","tag-notifiche-es","tag-ppg-es"],"_links":{"self":[{"href":"https:\/\/www.focolare.org\/es\/wp-json\/wp\/v2\/posts\/401907","targetHints":{"allow":["GET"]}}],"collection":[{"href":"https:\/\/www.focolare.org\/es\/wp-json\/wp\/v2\/posts"}],"about":[{"href":"https:\/\/www.focolare.org\/es\/wp-json\/wp\/v2\/types\/post"}],"author":[{"embeddable":true,"href":"https:\/\/www.focolare.org\/es\/wp-json\/wp\/v2\/users\/33"}],"replies":[{"embeddable":true,"href":"https:\/\/www.focolare.org\/es\/wp-json\/wp\/v2\/comments?post=401907"}],"version-history":[{"count":1,"href":"https:\/\/www.focolare.org\/es\/wp-json\/wp\/v2\/posts\/401907\/revisions"}],"predecessor-version":[{"id":401908,"href":"https:\/\/www.focolare.org\/es\/wp-json\/wp\/v2\/posts\/401907\/revisions\/401908"}],"wp:featuredmedia":[{"embeddable":true,"href":"https:\/\/www.focolare.org\/es\/wp-json\/wp\/v2\/media\/401895"}],"wp:attachment":[{"href":"https:\/\/www.focolare.org\/es\/wp-json\/wp\/v2\/media?parent=401907"}],"wp:term":[{"taxonomy":"category","embeddable":true,"href":"https:\/\/www.focolare.org\/es\/wp-json\/wp\/v2\/categories?post=401907"},{"taxonomy":"post_tag","embeddable":true,"href":"https:\/\/www.focolare.org\/es\/wp-json\/wp\/v2\/tags?post=401907"}],"curies":[{"name":"wp","href":"https:\/\/api.w.org\/{rel}","templated":true}]}}