{"id":401962,"date":"2026-05-01T05:00:00","date_gmt":"2026-05-01T03:00:00","guid":{"rendered":"https:\/\/www.focolare.org\/?p=401962"},"modified":"2026-04-30T14:44:44","modified_gmt":"2026-04-30T12:44:44","slug":"una-mirada-que-transforma","status":"publish","type":"post","link":"https:\/\/www.focolare.org\/es\/una-mirada-que-transforma\/","title":{"rendered":"Una mirada que transforma"},"content":{"rendered":"\n<p>En los momentos de la vida en los que nos sentimos desanimados ante el futuro o decepcionados por las personas m\u00e1s cercanas, puede ocurrir algo repentino e inesperado, capaz de dar sentido a todo y transformar ese desencanto en alegr\u00eda e incluso en una nueva paz dentro y fuera de nosotros.<\/p>\n\n<p>A veces se trata de una experiencia tan personal y profunda que nos da el valor de salir de nosotros mismos y compartir con los dem\u00e1s el motivo de nuestra alegr\u00eda, casi como para animar a todos a revivirla, no solo individualmente sino tambi\u00e9n como grupo. Qui\u00e9n sabe si esto no puede convertirse en nuestra misi\u00f3n: llevar la alegr\u00eda que es fruto de una transformaci\u00f3n interior y que, a su vez, transforma nuestro entorno, renov\u00e1ndolo. <\/p>\n\n<p>Sin embargo, frente al impulso inicial, a esa sensaci\u00f3n de poder \u00abconquistar el mundo\u00bb, la realidad es dif\u00edcil de afrontar y los compromisos se vuelven dif\u00edciles de mantener. \u00bfD\u00f3nde encontrar la fuerza para no rendirse y ser siempre portadores de alegr\u00eda y paz? \u00bfC\u00f3mo no dejarse vencer cuando a nuestro alrededor parece que la humanidad ha fracasado como tal?  <\/p>\n\n<p>Puede ayudar tener una mirada diferente sobre las situaciones, lo que significa buscar todo lo positivo que hay en las circunstancias, sin ingenuidad, pero yendo m\u00e1s all\u00e1 de las apariencias y encontrando la fuerza para no desanimarnos. Descubriremos que si cambiamos la forma en que miramos las cosas, las cosas que miramos, cambian. Se trata de comprometerse en una lucha diaria por el ideal de un mundo renovado.  <\/p>\n\n<p>Podemos encontrar la fuerza uni\u00e9ndonos a aquellas personas que, como nosotros, no se resignan al statu quo, sino que se unen para ser instrumentos de cambio.<\/p>\n\n<p>Especialmente en este momento hist\u00f3rico, es fundamental mirar ante todo dentro de nosotros mismos, escuchar nuestra conciencia, que en todo momento nos sugerir\u00e1 c\u00f3mo actuar o qu\u00e9 palabras compartir, para que el acercarnos a los dem\u00e1s, compartiendo sus aspiraciones, abra nuevos caminos de renovaci\u00f3n de la sociedad.<\/p>\n\n<p><\/p>\n\n<p><\/p>\n\n<p>Foto: \u00a9Mircea Iancu &#8211; Pixabay<\/p>\n","protected":false},"excerpt":{"rendered":"<p>Idea del Mes &#8211; Mayo 2026<\/p>\n","protected":false},"author":33,"featured_media":401675,"comment_status":"open","ping_status":"open","sticky":false,"template":"","format":"standard","meta":{"give_campaign_id":0,"_seopress_robots_primary_cat":"","_seopress_titles_title":"","_seopress_titles_desc":"","_seopress_robots_index":"","_et_pb_use_builder":"","_et_pb_old_content":"","_et_gb_content_width":"","footnotes":""},"categories":[3436],"tags":[3346,3199],"class_list":["post-401962","post","type-post","status-publish","format-standard","has-post-thumbnail","hentry","category-idea-del-mes","tag-notifiche-es","tag-ppg-es"],"_links":{"self":[{"href":"https:\/\/www.focolare.org\/es\/wp-json\/wp\/v2\/posts\/401962","targetHints":{"allow":["GET"]}}],"collection":[{"href":"https:\/\/www.focolare.org\/es\/wp-json\/wp\/v2\/posts"}],"about":[{"href":"https:\/\/www.focolare.org\/es\/wp-json\/wp\/v2\/types\/post"}],"author":[{"embeddable":true,"href":"https:\/\/www.focolare.org\/es\/wp-json\/wp\/v2\/users\/33"}],"replies":[{"embeddable":true,"href":"https:\/\/www.focolare.org\/es\/wp-json\/wp\/v2\/comments?post=401962"}],"version-history":[{"count":3,"href":"https:\/\/www.focolare.org\/es\/wp-json\/wp\/v2\/posts\/401962\/revisions"}],"predecessor-version":[{"id":401965,"href":"https:\/\/www.focolare.org\/es\/wp-json\/wp\/v2\/posts\/401962\/revisions\/401965"}],"wp:featuredmedia":[{"embeddable":true,"href":"https:\/\/www.focolare.org\/es\/wp-json\/wp\/v2\/media\/401675"}],"wp:attachment":[{"href":"https:\/\/www.focolare.org\/es\/wp-json\/wp\/v2\/media?parent=401962"}],"wp:term":[{"taxonomy":"category","embeddable":true,"href":"https:\/\/www.focolare.org\/es\/wp-json\/wp\/v2\/categories?post=401962"},{"taxonomy":"post_tag","embeddable":true,"href":"https:\/\/www.focolare.org\/es\/wp-json\/wp\/v2\/tags?post=401962"}],"curies":[{"name":"wp","href":"https:\/\/api.w.org\/{rel}","templated":true}]}}