{"id":406733,"date":"2026-09-01T05:10:00","date_gmt":"2026-09-01T03:10:00","guid":{"rendered":"https:\/\/www.focolare.org\/?p=406733"},"modified":"2026-09-01T05:11:02","modified_gmt":"2026-09-01T03:11:02","slug":"la-regla-de-platino","status":"publish","type":"post","link":"https:\/\/www.focolare.org\/es\/la-regla-de-platino\/","title":{"rendered":"La Regla de latino"},"content":{"rendered":"\n<p class=\"wp-block-paragraph\">La llaman \u00abla Regla de platino\u00bb. Todos conocemos la grandeza de la Regla de Oro (\u00abhaz al otro lo que querr\u00edas que te hicieran a ti\u00bb) y precisamente de ella nace lo que puede considerarse una evoluci\u00f3n incluso m\u00e1s universal: \u00abesfu\u00e9rzate por comprender qu\u00e9 querr\u00eda el otro que le hicieran y act\u00faa en consecuencia\u00bb.  <\/p>\n\n<p class=\"wp-block-paragraph\">Quiz\u00e1 precisamente aqu\u00ed podamos reconocer una de las formas m\u00e1s aut\u00e9nticas del amor: encontrarnos de igual a igual, cada uno con sus fortalezas y sus fragilidades, en una relaci\u00f3n de reciprocidad y respeto, reconociendo el valor y la dignidad de cada vida incluso en los contextos m\u00e1s dif\u00edciles. Se trata de mirar con atenci\u00f3n a quien tenemos al lado, sin ignorarlo. <\/p>\n\n<p class=\"wp-block-paragraph\"> \u00abEl verdadero amor al pr\u00f3jimo \u2014afirma Chiara Lubich\u2014 no hace ning\u00fan mal\u00bb <a href=\"#_ftn1\" id=\"_ftnref1\">[1]<\/a>. De hecho, si amamos, evitamos toda forma de mal, tanto hacia nosotros mismos como hacia nuestros hermanos y hermanas. El primer paso para amar al pr\u00f3jimo es, precisamente, no hacerle da\u00f1o. Pero para llegar a amar plenamente es necesario ser creativos en el amor: el papa Francisco nos recordaba que no basta con no hacer el mal al pr\u00f3jimo, sino que es necesario elegir hacer el bien, aprovechando todas las ocasiones que se presentan.   <\/p>\n\n<p class=\"wp-block-paragraph\">Lo sabemos: ninguno de nosotros puede dar lo que no tiene, y solo reconociendo que todo, hemos sido amados en alg\u00fan momento, podemos liberar plenamente nuestros dones hacia los dem\u00e1s.<\/p>\n\n<p class=\"wp-block-paragraph\">\u00bfC\u00f3mo vivir, entonces, esta Idea del Mes? Volvamos a poner el amor en el centro de nuestra vida. Amemos a los dem\u00e1s de manera concreta, con creatividad e imaginaci\u00f3n y, sobre todo, con una escucha profunda, que viene \u00abde dentro\u00bb, del coraz\u00f3n.  <\/p>\n\n<p class=\"wp-block-paragraph\">Doris, una joven de Escocia, nos cuenta: \u00abEn nuestras visitas habituales a un refugio para personas sin hogar, entro en un mundo muy diferente del m\u00edo. S\u00e9 que no importa tanto lo que yo siento, sino amar. Un d\u00eda, un hombre con una profunda tristeza en el rostro me confi\u00f3 que se sent\u00eda dispuesto a acabar con todo, que incluso quer\u00eda morir. Simplemente me puse a escucharlo y despu\u00e9s compartimos un bocadillo y un caf\u00e9. Y comprend\u00ed que escuchar y estar presente ya era una forma de demostrar amor. Cuando lleg\u00f3 el momento de irme, me abraz\u00f3 con fuerza y me sonri\u00f3, dici\u00e9ndome que lo que est\u00e1bamos haciendo era muy importante, no solo para \u00e9l, sino para todos los que estaban all\u00ed. Sent\u00ed la incre\u00edble fuerza del amor. Quiz\u00e1 no lo \u201csalv\u00e9\u201d, pero su gratitud me llen\u00f3 de alegr\u00eda, y eso, por s\u00ed solo, ya es algo muy poderoso\u00bb.<\/p>\n\n<div style=\"height:100px\" aria-hidden=\"true\" class=\"wp-block-spacer\"><\/div>\n\n<p class=\"has-small-font-size wp-block-paragraph\"><a href=\"#_ftnref1\" id=\"_ftn1\">[1]<\/a>C. Lubich, Palabra de vida, septiembre de 1993, en Palabras de Vida\/2 1991-2006) (ed. F. Ciardi), Ciudad Nueva, Madrid 2026, p. 77.<\/p>\n\n<p class=\"has-small-font-size wp-block-paragraph\">Foto \u00a9 Myriams fotos &#8211; Pixabay <\/p>\n\n<div style=\"height:80px\" aria-hidden=\"true\" class=\"wp-block-spacer\"><\/div>\n\n<p class=\"has-small-font-size wp-block-paragraph\">LA IDEA DEL MES, es elaborada por el \u00abCentro para el di\u00e1logo con personas de convicciones no religiosas\u00bb del Movimiento de los Focolares. Se trata de una iniciativa nacida en 2014 en Uruguay para compartir con amigos no creyentes los valores de la Palabra de Vida que es la frase de la Escritura que los miembros del Movimiento se esfuerzan por poner en pr\u00e1ctica en su vida cotidiana. Actualmente LA IDEA DEL MES es traducida a 12 idiomas y se distribuye en m\u00e1s de 25 pa\u00edses, con adaptaciones del texto seg\u00fan las diferentes sensibilidades culturales.   www. dialogue4unity.focolare.org<\/p>\n\n<div style=\"height:100px\" aria-hidden=\"true\" class=\"wp-block-spacer\"><\/div>\n\n<hr class=\"wp-block-separator has-alpha-channel-opacity\" \/>\n\n<p class=\"wp-block-paragraph\"><\/p>\n","protected":false},"excerpt":{"rendered":"<p>Idea del Mes &#8211; Septiembre 2026<\/p>\n","protected":false},"author":33,"featured_media":406732,"comment_status":"open","ping_status":"open","sticky":false,"template":"","format":"standard","meta":{"give_campaign_id":0,"_seopress_titles_title":"","_seopress_titles_desc":"","_seopress_robots_index":"","_seopress_robots_follow":"","_seopress_robots_imageindex":"","_seopress_robots_snippet":"","_seopress_robots_primary_cat":"","_seopress_robots_breadcrumbs":"","_seopress_robots_freeze_modified_date":"","_seopress_robots_custom_modified_date":"","_seopress_robots_canonical":"","_seopress_social_fb_title":"","_seopress_social_fb_desc":"","_seopress_social_fb_img":"","_seopress_social_fb_img_attachment_id":0,"_seopress_social_fb_img_width":0,"_seopress_social_fb_img_height":0,"_seopress_social_twitter_title":"","_seopress_social_twitter_desc":"","_seopress_social_twitter_img":"","_seopress_social_twitter_img_attachment_id":0,"_seopress_social_twitter_img_width":0,"_seopress_social_twitter_img_height":0,"_seopress_redirections_value":"","_seopress_redirections_enabled":"","_seopress_redirections_enabled_regex":"","_seopress_redirections_logged_status":"","_seopress_redirections_param":"","_seopress_redirections_type":0,"_seopress_analysis_target_kw":"","_seopress_news_disabled":"","_seopress_video_disabled":"","_seopress_video":[],"_seopress_pro_schemas_manual":[],"_seopress_pro_rich_snippets_disable_all":"","_seopress_pro_rich_snippets_disable":[],"_seopress_pro_schemas":[],"_et_pb_use_builder":"","_et_pb_old_content":"","_et_gb_content_width":"","footnotes":""},"categories":[3436],"tags":[3346,3199],"class_list":["post-406733","post","type-post","status-publish","format-standard","has-post-thumbnail","hentry","category-idea-del-mes","tag-notifiche-es","tag-ppg-es"],"_links":{"self":[{"href":"https:\/\/www.focolare.org\/es\/wp-json\/wp\/v2\/posts\/406733","targetHints":{"allow":["GET"]}}],"collection":[{"href":"https:\/\/www.focolare.org\/es\/wp-json\/wp\/v2\/posts"}],"about":[{"href":"https:\/\/www.focolare.org\/es\/wp-json\/wp\/v2\/types\/post"}],"author":[{"embeddable":true,"href":"https:\/\/www.focolare.org\/es\/wp-json\/wp\/v2\/users\/33"}],"replies":[{"embeddable":true,"href":"https:\/\/www.focolare.org\/es\/wp-json\/wp\/v2\/comments?post=406733"}],"version-history":[{"count":4,"href":"https:\/\/www.focolare.org\/es\/wp-json\/wp\/v2\/posts\/406733\/revisions"}],"predecessor-version":[{"id":406858,"href":"https:\/\/www.focolare.org\/es\/wp-json\/wp\/v2\/posts\/406733\/revisions\/406858"}],"wp:featuredmedia":[{"embeddable":true,"href":"https:\/\/www.focolare.org\/es\/wp-json\/wp\/v2\/media\/406732"}],"wp:attachment":[{"href":"https:\/\/www.focolare.org\/es\/wp-json\/wp\/v2\/media?parent=406733"}],"wp:term":[{"taxonomy":"category","embeddable":true,"href":"https:\/\/www.focolare.org\/es\/wp-json\/wp\/v2\/categories?post=406733"},{"taxonomy":"post_tag","embeddable":true,"href":"https:\/\/www.focolare.org\/es\/wp-json\/wp\/v2\/tags?post=406733"}],"curies":[{"name":"wp","href":"https:\/\/api.w.org\/{rel}","templated":true}]}}