{"id":295920,"date":"2000-03-14T23:00:00","date_gmt":"2000-03-14T22:00:00","guid":{"rendered":"https:\/\/www.focolare.org\/itchiara-luce-badano-santita-a-18-annienchiara-luce-badanoeschiara-luce-badano-santidad-con-18-anosptchiara-luce-badano\/"},"modified":"2024-05-13T20:54:16","modified_gmt":"2024-05-13T18:54:16","slug":"itchiara-luce-badano-santita-a-18-annienchiara-luce-badanoeschiara-luce-badano-santidad-con-18-anosptchiara-luce-badano","status":"publish","type":"post","link":"https:\/\/www.focolare.org\/fr\/itchiara-luce-badano-santita-a-18-annienchiara-luce-badanoeschiara-luce-badano-santidad-con-18-anosptchiara-luce-badano\/","title":{"rendered":"[:it]Chiara Luce Badano, &quot;Santit\u00e0 a 18 anni&quot;[:en]Chiara Luce Badano[:es]Chiara Luce Badano, \u00ab\u00a0Santidad con 18 a\u00f1os\u00a0\u00bb[:pt]Chiara Luce Badano"},"content":{"rendered":"<p><\/p>\n","protected":false},"excerpt":{"rendered":"<p>Bella, emprendedora, deportista. Normal. Despu\u00e9s, la enfermedad repentina, la agon\u00eda, la muerte. Una r\u00e1pida escalada al cielo. En curso la causa de beatificaci\u00f3n.<\/p>\n","protected":false},"author":34,"featured_media":0,"comment_status":"open","ping_status":"open","sticky":false,"template":"","format":"standard","meta":{"give_campaign_id":0,"_seopress_robots_primary_cat":"","_seopress_titles_title":"","_seopress_titles_desc":"","_seopress_robots_index":"","_et_pb_use_builder":"","_et_pb_old_content":"","_et_gb_content_width":"","footnotes":""},"categories":[47],"tags":[],"class_list":["post-295920","post","type-post","status-publish","format-standard","hentry","category-non-classifiee"],"_links":{"self":[{"href":"https:\/\/www.focolare.org\/fr\/wp-json\/wp\/v2\/posts\/295920","targetHints":{"allow":["GET"]}}],"collection":[{"href":"https:\/\/www.focolare.org\/fr\/wp-json\/wp\/v2\/posts"}],"about":[{"href":"https:\/\/www.focolare.org\/fr\/wp-json\/wp\/v2\/types\/post"}],"author":[{"embeddable":true,"href":"https:\/\/www.focolare.org\/fr\/wp-json\/wp\/v2\/users\/34"}],"replies":[{"embeddable":true,"href":"https:\/\/www.focolare.org\/fr\/wp-json\/wp\/v2\/comments?post=295920"}],"version-history":[{"count":0,"href":"https:\/\/www.focolare.org\/fr\/wp-json\/wp\/v2\/posts\/295920\/revisions"}],"wp:attachment":[{"href":"https:\/\/www.focolare.org\/fr\/wp-json\/wp\/v2\/media?parent=295920"}],"wp:term":[{"taxonomy":"category","embeddable":true,"href":"https:\/\/www.focolare.org\/fr\/wp-json\/wp\/v2\/categories?post=295920"},{"taxonomy":"post_tag","embeddable":true,"href":"https:\/\/www.focolare.org\/fr\/wp-json\/wp\/v2\/tags?post=295920"}],"curies":[{"name":"wp","href":"https:\/\/api.w.org\/{rel}","templated":true}]}}