{"id":296142,"date":"2010-10-25T12:32:44","date_gmt":"2010-10-25T10:32:44","guid":{"rendered":"https:\/\/www.focolare.org\/musulmans-et-chretiens-en-italie\/"},"modified":"2024-05-13T20:54:53","modified_gmt":"2024-05-13T18:54:53","slug":"musulmans-et-chretiens-en-italie","status":"publish","type":"post","link":"https:\/\/www.focolare.org\/fr\/musulmans-et-chretiens-en-italie\/","title":{"rendered":"Musulmans et chr\u00e9tiens en Italie"},"content":{"rendered":"<p><p><!--[if gte mso 9]&gt;--><\/p>\n<p><!--[endif]--><!--[if gte mso 10]&gt;--><\/p>\n<p><!--[endif]--><img loading=\"lazy\" decoding=\"async\" src=\"https:\/\/www.focolare.org\/wp-content\/uploads\/layout\/edit\/foto\/foto2008-bis\/081013-03.jpg\" alt=\"\" hspace=\"10\" vspace=\"5\" width=\"200\" height=\"200\" align=\"left\" \/><\/p>\n<p>La rencontre organis\u00e9e conjointement par les Focolari et par les communaut\u00e9s musulmanes d\u2019Italie a pour objectif de r\u00e9unir chr\u00e9tiens et musulmans, qui se sont rencontr\u00e9s dans diff\u00e9rentes r\u00e9gions d\u2019Italie ces derni\u00e8res ann\u00e9es, gr\u00e2ce \u00e0 des exp\u00e9riences de dialogue, inspir\u00e9es par la spiritualit\u00e9 de communion de Chiara Lubich.<\/p>\n<p>Des initiatives importantes de collaboration sur le terrain ont \u00e9t\u00e9 prises dans diff\u00e9rentes r\u00e9gions de la p\u00e9ninsule, \u00e0 Trente, V\u00e9rone, Tr\u00e9vise, Padoue, Trieste, Rovigo, Turin, Milan, G\u00eanes, Parme, Reggio d\u2019\u00c9milie, Florence, Rome et Teramo, pour ne citer que les principales. Inspir\u00e9es par le d\u00e9sir d\u2019aller \u00e0 la rencontre de l\u2019autre, comme le propose la R\u00e8gle d\u2019or, elles se sont souvent traduites en actions conjointes qui offrent des mod\u00e8les d\u2019int\u00e9gration sur le terrain.<\/p>\n<p>La journ\u00e9e du 31 octobre s\u2019inscrit dans le sillage de la journ\u00e9e de l\u2019amiti\u00e9 islamo-chr\u00e9tienne, c\u00e9l\u00e9br\u00e9e le 27 octobre dans toute l\u2019Italie, et se veut \u00e9galement un temps de r\u00e9flexion sur l\u2019exp\u00e9rience v\u00e9cue jusqu\u2019\u00e0 ce jour dans ce domaine.<\/p>\n<p>Le programme, pr\u00e9par\u00e9 par un comit\u00e9 organisateur compos\u00e9 de chr\u00e9tiens et de musulmans, pr\u00e9voit des temps d\u2019approfondissement aussi bien du Coran que de l\u2019\u00c9vangile, des exp\u00e9riences v\u00e9cues et une table ronde sur les d\u00e9fis pos\u00e9s par le dialogue. Les diff\u00e9rentes parties du programme seront entrecoup\u00e9es de moments artistiques propos\u00e9s par des groupes musulmans et chr\u00e9tiens, ainsi que par une pr\u00e9sentation de la cit\u00e9-pilote de Loppiano, qui accueillera la rencontre.<\/p>\n<p>La participation de repr\u00e9sentants d\u2019autorit\u00e9s religieuses et civiles est \u00e9galement pr\u00e9vue.<\/p><\/p>\n","protected":false},"excerpt":{"rendered":"<p>M\u00eames chemins vers la fraternit\u00e9. Tel est le titre de la rencontre entre musulmans et chr\u00e9tiens d\u2019Italie, qui se tiendra le 31 octobre \u00e0 Loppiano, la cit\u00e9-pilote internationale des Focolari.<\/p>\n","protected":false},"author":34,"featured_media":0,"comment_status":"open","ping_status":"open","sticky":false,"template":"","format":"standard","meta":{"give_campaign_id":0,"_seopress_robots_primary_cat":"","_seopress_titles_title":"","_seopress_titles_desc":"","_seopress_robots_index":"","_et_pb_use_builder":"","_et_pb_old_content":"","_et_gb_content_width":"","footnotes":""},"categories":[47],"tags":[],"class_list":["post-296142","post","type-post","status-publish","format-standard","hentry","category-non-classifiee"],"_links":{"self":[{"href":"https:\/\/www.focolare.org\/fr\/wp-json\/wp\/v2\/posts\/296142","targetHints":{"allow":["GET"]}}],"collection":[{"href":"https:\/\/www.focolare.org\/fr\/wp-json\/wp\/v2\/posts"}],"about":[{"href":"https:\/\/www.focolare.org\/fr\/wp-json\/wp\/v2\/types\/post"}],"author":[{"embeddable":true,"href":"https:\/\/www.focolare.org\/fr\/wp-json\/wp\/v2\/users\/34"}],"replies":[{"embeddable":true,"href":"https:\/\/www.focolare.org\/fr\/wp-json\/wp\/v2\/comments?post=296142"}],"version-history":[{"count":0,"href":"https:\/\/www.focolare.org\/fr\/wp-json\/wp\/v2\/posts\/296142\/revisions"}],"wp:attachment":[{"href":"https:\/\/www.focolare.org\/fr\/wp-json\/wp\/v2\/media?parent=296142"}],"wp:term":[{"taxonomy":"category","embeddable":true,"href":"https:\/\/www.focolare.org\/fr\/wp-json\/wp\/v2\/categories?post=296142"},{"taxonomy":"post_tag","embeddable":true,"href":"https:\/\/www.focolare.org\/fr\/wp-json\/wp\/v2\/tags?post=296142"}],"curies":[{"name":"wp","href":"https:\/\/api.w.org\/{rel}","templated":true}]}}