{"id":296192,"date":"2010-10-26T22:00:00","date_gmt":"2010-10-26T20:00:00","guid":{"rendered":"https:\/\/www.focolare.org\/la-nouvelle-communication-setablit-a-partir-de-notre-vecu\/"},"modified":"2024-05-13T20:55:10","modified_gmt":"2024-05-13T18:55:10","slug":"la-nouvelle-communication-setablit-a-partir-de-notre-vecu","status":"publish","type":"post","link":"https:\/\/www.focolare.org\/fr\/la-nouvelle-communication-setablit-a-partir-de-notre-vecu\/","title":{"rendered":"\u00abLa nouvelle communication s\u2019\u00e9tablit \u00e0 partir de notre v\u00e9cu\u00bb"},"content":{"rendered":"<p><strong><img loading=\"lazy\" decoding=\"async\" src=\"https:\/\/www.focolare.org\/wp-content\/uploads\/layout\/edit\/foto\/foto2010\/101028-01.jpg\" alt=\"\" width=\"180\" height=\"153\" align=\"right\" hspace=\"10\" vspace=\"5\" \/>\u00abDepuis 35 ans, je me consacre \u00e0 travers mon m\u00e9tier \u00e0 la communication dans diff\u00e9rents domaines,<\/strong> et pourtant, je peux affirmer \u00eatre \u201cn\u00e9e\u201d \u00e0 la vraie communication en mars 1995 seulement. C\u2019est l\u00e0 que, lors de la conf\u00e9rence de presse organis\u00e9e pour la remise du prix UELCI au meilleur \u00e9crivain catholique de l\u2019ann\u00e9e, \u00e0 Milan, j\u2019ai connu Chiara Lubich pour ne jamais l\u2019abandonner.\u00bb C\u2019est par ces mots qu\u2019Alma Pizzi a d\u00e9but\u00e9 son intervention pour se pr\u00e9senter, lors du dernier s\u00e9minaire de NetOne, en juin 2010.<\/p>\n<p>Journaliste convaincue, consultante pour les relations avec la presse, professeur de journalisme et \u00e9crivain, originaire de Lombardie et pr\u00e9sidente de l&rsquo;UCID (Unione Cristiani Imprenditori Dirigenti, Union des chefs d\u2019entreprise chr\u00e9tiens), elle apportait \u00e9galement son soutien actif \u00e0 NetOne, le r\u00e9seau international d\u2019op\u00e9rateurs inspir\u00e9 par le charisme de l\u2019unit\u00e9.<\/p>\n<p><strong><img loading=\"lazy\" decoding=\"async\" src=\"https:\/\/www.focolare.org\/wp-content\/uploads\/layout\/edit\/foto\/foto2010\/101028-02.jpg\" alt=\"\" width=\"180\" height=\"135\" align=\"left\" hspace=\"10\" vspace=\"5\" \/>Au mois de juin dernier, elle disait encore d\u2019elle: \u00abJ\u2019ai v\u00e9cu ma deuxi\u00e8me \u201cnaissance\u201d,<\/strong> encore plus d\u00e9cisive, en juin 2000, ici \u00e0 Castelgandolfo, lors du premier s\u00e9minaire international de NetOne, qui voyait le jour \u00e0 cette occasion. Depuis, je consid\u00e8re NetOne comme ma maison, et j\u2019ai toujours r\u00e9pondu pr\u00e9sente. Mais j\u2019ai surtout d\u00e9couvert une nouvelle fa\u00e7on d\u2019\u00eatre journaliste, une approche r\u00e9volutionnaire compar\u00e9e \u00e0 ce que j\u2019avais connu auparavant. J\u2019ai commenc\u00e9 \u00e0 mettre mes rapports avec les autres \u00e0 la premi\u00e8re place, \u00e0 les faire passer avant le produit de mon travail.\u00bb<\/p>\n<p>(On peut \u00e9galement consulter <a href=\"http:\/\/www.net-one.org\/eventi\/seminario-2010\/relazioni\/875-interventi-al-seminario-2010-alma-pizzi.html\" target=\"_blank\" rel=\"noopener\">la vid\u00e9o de cette intervention<\/a> dans son int\u00e9gralit\u00e9 sur le site de NetOne.)<\/p>\n<p>\u00abJ\u2019ai \u00e9t\u00e9 frapp\u00e9e et \u00e9mue en lisant ses derniers articles, \u00e9crit une journaliste qui l\u2019a connue et a travaill\u00e9 avec elle. Plusieurs portent sur la saintet\u00e9, comme celui sur Chiara Luce Badano ou le tout dernier, sur<a href=\"http:\/\/www.rmfonline.it\/jsp-rmfonline\/dettaglio.jsp?codice=20101024_01\" target=\"_blank\" rel=\"noopener\"> Clarles Ier d\u2019Autriche,<\/a> bienheureux \u00ab\u00a0gr\u00e2ce\u00a0\u00bb et non pas \u00ab\u00a0malgr\u00e9\u00a0\u00bb la politique, publi\u00e9 le 24 octobre 2010, veille de sa mort, sur le site du journal en ligne qu\u2019elle dirigeait. Elle rapporte entre autres ces mots tir\u00e9s du journal de Charles Ier: \u00ab\u00a0J\u2019aspire toujours et totalement \u00e0 d\u00e9cerner le mieux possible, en toute chose, la volont\u00e9 de Dieu et de l\u2019accomplir, et de la mani\u00e8re la plus parfaite qui soit\u00a0\u00bb.\u00bb<\/p>\n<p><strong>Collaboratrice \u00e0 Citt\u00e0 Nuova<\/strong>, la revue des Focolari, elle avait conclu son <a href=\"http:\/\/www.cittanuova.it\/contenuto.php?TipoContenuto=web&amp;idContenuto=26645\" target=\"_blank\" rel=\"noopener\">article <\/a>sur le journaliste Giuseppe De Carli, disparu r\u00e9cemment, par ces mots: \u00ab\u00a0Nous ignorions tout de son mal et, \u00e0 pr\u00e9sent, nous pensons qu\u2019il est arriv\u00e9 au but, \u00e0 ce but que nous voudrions atteindre nous aussi, avec le m\u00eame sens du travail accompli consciencieusement.\u00a0\u00bb<\/p>\n<p>Nous lui rendons hommage sur ses derni\u00e8res paroles et nous renvoyons le lecteur \u00e0<a href=\"http:\/\/www.cittanuova.it\/contenuto.php?TipoContenuto=web&amp;idContenuto=28605\" target=\"_blank\" rel=\"noopener\"> l\u2019article<\/a> de Citt\u00e0 Nuova qui permet d\u2019en savoir plus sur elle.<\/p>\n","protected":false},"excerpt":{"rendered":"<p>Tel \u00e9tait le titre de la derni\u00e8re intervention publique d\u2019Alma Pizzi sur NetOne. Une phrase qui r\u00e9sume bien les id\u00e9aux, sur le plan professionnel et humain, de cette journaliste qui nous a quitt\u00e9s le 25 octobre 2010. De nombreux lecteurs du site focolare.org l\u2019ont connue. Nous nous souvenons d\u2019elle avec \u00e9motion.<\/p>\n","protected":false},"author":34,"featured_media":0,"comment_status":"open","ping_status":"open","sticky":false,"template":"","format":"standard","meta":{"give_campaign_id":0,"_seopress_robots_primary_cat":"","_seopress_titles_title":"","_seopress_titles_desc":"","_seopress_robots_index":"","_et_pb_use_builder":"","_et_pb_old_content":"","_et_gb_content_width":"","footnotes":""},"categories":[47],"tags":[],"class_list":["post-296192","post","type-post","status-publish","format-standard","hentry","category-non-classifiee"],"_links":{"self":[{"href":"https:\/\/www.focolare.org\/fr\/wp-json\/wp\/v2\/posts\/296192","targetHints":{"allow":["GET"]}}],"collection":[{"href":"https:\/\/www.focolare.org\/fr\/wp-json\/wp\/v2\/posts"}],"about":[{"href":"https:\/\/www.focolare.org\/fr\/wp-json\/wp\/v2\/types\/post"}],"author":[{"embeddable":true,"href":"https:\/\/www.focolare.org\/fr\/wp-json\/wp\/v2\/users\/34"}],"replies":[{"embeddable":true,"href":"https:\/\/www.focolare.org\/fr\/wp-json\/wp\/v2\/comments?post=296192"}],"version-history":[{"count":0,"href":"https:\/\/www.focolare.org\/fr\/wp-json\/wp\/v2\/posts\/296192\/revisions"}],"wp:attachment":[{"href":"https:\/\/www.focolare.org\/fr\/wp-json\/wp\/v2\/media?parent=296192"}],"wp:term":[{"taxonomy":"category","embeddable":true,"href":"https:\/\/www.focolare.org\/fr\/wp-json\/wp\/v2\/categories?post=296192"},{"taxonomy":"post_tag","embeddable":true,"href":"https:\/\/www.focolare.org\/fr\/wp-json\/wp\/v2\/tags?post=296192"}],"curies":[{"name":"wp","href":"https:\/\/api.w.org\/{rel}","templated":true}]}}